{"id":100571,"date":"2022-05-12T20:15:04","date_gmt":"2022-05-12T20:15:04","guid":{"rendered":"http:\/\/www.elsinodaldetamaulipas.com.mx\/?p=100571"},"modified":"2022-05-12T20:15:09","modified_gmt":"2022-05-12T20:15:09","slug":"implementa-uat-estrategias-para-el-desarrollo-sostenible","status":"publish","type":"post","link":"https:\/\/www.elsinodaldetamaulipas.com.mx\/?p=100571","title":{"rendered":"IMPLEMENTA UAT ESTRATEGIAS PARA EL DESARROLLO SOSTENIBLE"},"content":{"rendered":"\n<ul class=\"wp-block-list\"><li><strong><em>Preside Rector Guillermo Mendoza inicio de trabajos del Grupo Focal UAT Sostenible que aportar\u00e1 propuestas en \u00e1reas prioritarias para la Universidad y la comunidad en general.<\/em><\/strong><\/li><\/ul>\n\n\n\n<p><strong>EL SINODAL DE TAMAULIPAS<\/strong><\/p>\n\n\n\n<p><strong>Ciudad Victoria, Tam.-<\/strong> El C. P. Guillermo Mendoza Cavazos, Rector de la Universidad Aut\u00f3noma de Tamaulipas, presidi\u00f3 el arranque de los trabajos del Grupo Focal UAT Sostenible, el cual re\u00fane a los principales actores de esta casa de estudios para generar ideas, acuerdos y caminos de acci\u00f3n creativos e innovadores en torno a la integraci\u00f3n de la Agenda 2030 y sus Objetivos de Desarrollo Sostenible (ODS), establecidos por las Naciones Unidas en 2015.<\/p>\n\n\n\n<p>Con la apertura de este ejercicio se da comienzo a una estrategia global y a un plan de acci\u00f3n en \u00e1reas espec\u00edficas que permitir\u00e1n realizar acciones prioritarias para la Agenda 2030 y para esta instituci\u00f3n; todo ello encaminado al desarrollo de soluciones para las comunidades de la regi\u00f3n y del estado, asent\u00f3 el Rector Guillermo Mendoza.<\/p>\n\n\n\n<p>\u201cCada una de nuestras responsabilidades son parte del cambio que necesita nuestra sociedad, solo as\u00ed llevaremos a la UAT a un desarrollo sostenible que proteja el ma\u00f1ana de las futuras generaciones\u201d, agreg\u00f3.<\/p>\n\n\n\n<p>Dicho foro organizado en el marco de la Semana de la Sustentabilidad Universitaria reuni\u00f3 en el Centro de Gesti\u00f3n de Conocimiento del campus Victoria la participaci\u00f3n de titulares de las secretar\u00edas de la administraci\u00f3n central, directoras y directores de las escuelas, facultades y unidades acad\u00e9micas de esta casa de estudios, personal administrativo, investigadoras e investigadores universitarios.<\/p>\n\n\n\n<p>En su oportunidad, la Dra. Mariana Zer\u00f3n F\u00e9lix, Secretaria de Investigaci\u00f3n y Posgrado de la Universidad, dijo que, a trav\u00e9s de esta din\u00e1mica de conversaci\u00f3n activa, se pretende identificar las estrategias y acciones m\u00e1s viables para aportar a los ODS mediante la colaboraci\u00f3n de cada uno de los actores involucrados.<\/p>\n\n\n\n<p>Durante este foro se cont\u00f3 con ocho mesas de trabajo, en las cuales se abordaron los objetivos en materia de salud y bienestar, educaci\u00f3n de calidad, igualdad de g\u00e9nero, trabajo decente y crecimiento econ\u00f3mico; industria, innovaci\u00f3n e infraestructura; reducci\u00f3n de las desigualdades, acci\u00f3n por el clima y alianzas para lograr los objetivos.<\/p>\n\n\n\n<p>La presentaci\u00f3n del evento estuvo a cargo de la Dra. Yolanda Mendoza Cavazos, Directora de Sustentabilidad UAT, quien detall\u00f3 que de cada mesa de trabajo saldr\u00e1n tres proyectos de acciones prioritarias para que la Universidad pueda enfocar sus esfuerzos.<\/p>\n\n\n\n<p>Explic\u00f3 que con base en las derivaciones de este primer grupo y los proyectos resultantes se conformar\u00e1 un documento que determine las l\u00edneas de operaci\u00f3n, el cual ser\u00e1 presentado a la administraci\u00f3n rectoral de esta casa de estudios.<\/p>\n\n\n\n<p>Agreg\u00f3 que se busca replicar este grupo focal y grupos itinerantes en los diversos campus y facultades, que involucren la participaci\u00f3n y conversaci\u00f3n con m\u00e1s sectores y actores de la Universidad.&nbsp;<\/p>\n\n\n\n<p>Durante el inicio de este foro se cont\u00f3 con la presencia de la Dra. Rosa Issel Acosta Gonz\u00e1lez, Secretaria Acad\u00e9mica, y la Dra. Cinthya Patricia Ibarra Gonz\u00e1lez, Secretaria de Gesti\u00f3n Escolar; entre otras autoridades universitarias.<\/p>\n","protected":false},"excerpt":{"rendered":"<p>Preside Rector Guillermo Mendoza inicio de trabajos del Grupo Focal UAT Sostenible que aportar\u00e1 propuestas en \u00e1reas prioritarias para la Universidad y la comunidad en general. EL SINODAL DE TAMAULIPAS Ciudad Victoria, Tam.- El C. P. Guillermo Mendoza Cavazos, Rector de la Universidad Aut\u00f3noma de Tamaulipas, presidi\u00f3 el arranque de los trabajos del Grupo Focal [&hellip;]<\/p>\n","protected":false},"author":1,"featured_media":100572,"comment_status":"closed","ping_status":"closed","sticky":false,"template":"","format":"standard","meta":{"footnotes":""},"categories":[1],"tags":[],"class_list":["post-100571","post","type-post","status-publish","format-standard","has-post-thumbnail","hentry","category-portada"],"_links":{"self":[{"href":"https:\/\/www.elsinodaldetamaulipas.com.mx\/index.php?rest_route=\/wp\/v2\/posts\/100571","targetHints":{"allow":["GET"]}}],"collection":[{"href":"https:\/\/www.elsinodaldetamaulipas.com.mx\/index.php?rest_route=\/wp\/v2\/posts"}],"about":[{"href":"https:\/\/www.elsinodaldetamaulipas.com.mx\/index.php?rest_route=\/wp\/v2\/types\/post"}],"author":[{"embeddable":true,"href":"https:\/\/www.elsinodaldetamaulipas.com.mx\/index.php?rest_route=\/wp\/v2\/users\/1"}],"replies":[{"embeddable":true,"href":"https:\/\/www.elsinodaldetamaulipas.com.mx\/index.php?rest_route=%2Fwp%2Fv2%2Fcomments&post=100571"}],"version-history":[{"count":1,"href":"https:\/\/www.elsinodaldetamaulipas.com.mx\/index.php?rest_route=\/wp\/v2\/posts\/100571\/revisions"}],"predecessor-version":[{"id":100573,"href":"https:\/\/www.elsinodaldetamaulipas.com.mx\/index.php?rest_route=\/wp\/v2\/posts\/100571\/revisions\/100573"}],"wp:featuredmedia":[{"embeddable":true,"href":"https:\/\/www.elsinodaldetamaulipas.com.mx\/index.php?rest_route=\/wp\/v2\/media\/100572"}],"wp:attachment":[{"href":"https:\/\/www.elsinodaldetamaulipas.com.mx\/index.php?rest_route=%2Fwp%2Fv2%2Fmedia&parent=100571"}],"wp:term":[{"taxonomy":"category","embeddable":true,"href":"https:\/\/www.elsinodaldetamaulipas.com.mx\/index.php?rest_route=%2Fwp%2Fv2%2Fcategories&post=100571"},{"taxonomy":"post_tag","embeddable":true,"href":"https:\/\/www.elsinodaldetamaulipas.com.mx\/index.php?rest_route=%2Fwp%2Fv2%2Ftags&post=100571"}],"curies":[{"name":"wp","href":"https:\/\/api.w.org\/{rel}","templated":true}]}}