{"id":106061,"date":"2022-06-28T20:51:17","date_gmt":"2022-06-28T20:51:17","guid":{"rendered":"http:\/\/www.elsinodaldetamaulipas.com.mx\/?p=106061"},"modified":"2022-06-28T20:51:22","modified_gmt":"2022-06-28T20:51:22","slug":"tamaulipas-sede-del-5to-congreso-nacional-de-maestros-de-misiones-culturales","status":"publish","type":"post","link":"https:\/\/www.elsinodaldetamaulipas.com.mx\/?p=106061","title":{"rendered":"TAMAULIPAS SEDE DEL 5TO. CONGRESO NACIONAL DE MAESTROS DE MISIONES CULTURALES"},"content":{"rendered":"\n<p><strong>EL SINODAL DE TAMAULIPAS<\/strong><\/p>\n\n\n\n<p><em><strong>Ciudad Victoria, Tam.-<\/strong><\/em> La Secretar\u00eda de Educaci\u00f3n de Tamaulipas y la Secci\u00f3n 30 del Sindicato Nacional de Trabajadores de la Educaci\u00f3n, llevan a cabo durante esta semana el 5to. Congreso Nacional de Maestros de Actividades Recreativas de Misiones Culturales.<\/p>\n\n\n\n<p>Asisten a este Encuentro m\u00e1s de 150 participantes de los Estados de: Tamaulipas, Chiapas, Durango, Coahuila, Veracruz, Michoac\u00e1n, Oaxaca, Estado de M\u00e9xico, Hidalgo, San Luis Potos\u00ed, Sonora, Yucat\u00e1n, Nayarit, Chihuahua, Tlaxcala y Sinaloa; quienes asisten a talleres, conferencias, espect\u00e1culos art\u00edsticos, exhibici\u00f3n de danza y desfiles.<\/p>\n\n\n\n<p>El Titular de la SET, Mario G\u00f3mez Monroy dio la bienvenida a los miembros del Comit\u00e9 Ejecutivo de la Secci\u00f3n 30 del SNTE, Supervisores, Jefes y Maestros de Misiones Culturales, y a Congresistas, al destacar que el evento representa un espacio adecuado para el intercambio, que enriquece la labor que hacen todos los d\u00edas las diversas figuras en esta modalidad educativa.<\/p>\n\n\n\n<p>\u201cProfr. Jos\u00e9 Rigoberto Guevara V\u00e1zquez, Secretario General de la Secci\u00f3n 30 del SNTE, agradezco la invitaci\u00f3n para ser parte del este Congreso, acciones como estas son las que suman al proyecto educativo en el Estado, y permiten que nuestros docentes se re\u00fanan con el prop\u00f3sito de adquirir m\u00e1s conocimientos y mejorar su pr\u00e1ctica educativa\u201d, a\u00f1adi\u00f3.<\/p>\n\n\n\n<p>\u201cEsa ha sido la visi\u00f3n de nuestro Gobernador Francisco Garc\u00eda Cabeza de Vaca, al disponer que se hagan todos los esfuerzos necesarios para poner al centro del proyecto educativo la profesionalizaci\u00f3n de las y los maestros, porque sabe que solo a trav\u00e9s de la formaci\u00f3n continua de los trabajadores de la educaci\u00f3n ser\u00e1 posible elevar el logro educativo en la entidad\u201d.<\/p>\n\n\n\n<p>Las misiones culturales son una modalidad educativa que cumple con una misi\u00f3n fundamental en el desarrollo social, al brindar atenci\u00f3n educativa a adultos y personas de 15 a\u00f1os o m\u00e1s que a\u00fan no han cursado o concluido la educaci\u00f3n primaria y secundaria.<\/p>\n","protected":false},"excerpt":{"rendered":"<p>EL SINODAL DE TAMAULIPAS Ciudad Victoria, Tam.- La Secretar\u00eda de Educaci\u00f3n de Tamaulipas y la Secci\u00f3n 30 del Sindicato Nacional de Trabajadores de la Educaci\u00f3n, llevan a cabo durante esta semana el 5to. Congreso Nacional de Maestros de Actividades Recreativas de Misiones Culturales. Asisten a este Encuentro m\u00e1s de 150 participantes de los Estados de: [&hellip;]<\/p>\n","protected":false},"author":1,"featured_media":106062,"comment_status":"closed","ping_status":"closed","sticky":false,"template":"","format":"standard","meta":{"footnotes":""},"categories":[13,1,3],"tags":[],"class_list":["post-106061","post","type-post","status-publish","format-standard","has-post-thumbnail","hentry","category-gobierno","category-portada","category-tamaulipas"],"_links":{"self":[{"href":"https:\/\/www.elsinodaldetamaulipas.com.mx\/index.php?rest_route=\/wp\/v2\/posts\/106061","targetHints":{"allow":["GET"]}}],"collection":[{"href":"https:\/\/www.elsinodaldetamaulipas.com.mx\/index.php?rest_route=\/wp\/v2\/posts"}],"about":[{"href":"https:\/\/www.elsinodaldetamaulipas.com.mx\/index.php?rest_route=\/wp\/v2\/types\/post"}],"author":[{"embeddable":true,"href":"https:\/\/www.elsinodaldetamaulipas.com.mx\/index.php?rest_route=\/wp\/v2\/users\/1"}],"replies":[{"embeddable":true,"href":"https:\/\/www.elsinodaldetamaulipas.com.mx\/index.php?rest_route=%2Fwp%2Fv2%2Fcomments&post=106061"}],"version-history":[{"count":1,"href":"https:\/\/www.elsinodaldetamaulipas.com.mx\/index.php?rest_route=\/wp\/v2\/posts\/106061\/revisions"}],"predecessor-version":[{"id":106063,"href":"https:\/\/www.elsinodaldetamaulipas.com.mx\/index.php?rest_route=\/wp\/v2\/posts\/106061\/revisions\/106063"}],"wp:featuredmedia":[{"embeddable":true,"href":"https:\/\/www.elsinodaldetamaulipas.com.mx\/index.php?rest_route=\/wp\/v2\/media\/106062"}],"wp:attachment":[{"href":"https:\/\/www.elsinodaldetamaulipas.com.mx\/index.php?rest_route=%2Fwp%2Fv2%2Fmedia&parent=106061"}],"wp:term":[{"taxonomy":"category","embeddable":true,"href":"https:\/\/www.elsinodaldetamaulipas.com.mx\/index.php?rest_route=%2Fwp%2Fv2%2Fcategories&post=106061"},{"taxonomy":"post_tag","embeddable":true,"href":"https:\/\/www.elsinodaldetamaulipas.com.mx\/index.php?rest_route=%2Fwp%2Fv2%2Ftags&post=106061"}],"curies":[{"name":"wp","href":"https:\/\/api.w.org\/{rel}","templated":true}]}}