{"id":108104,"date":"2022-07-21T23:11:31","date_gmt":"2022-07-21T23:11:31","guid":{"rendered":"http:\/\/www.elsinodaldetamaulipas.com.mx\/?p=108104"},"modified":"2022-07-21T23:11:37","modified_gmt":"2022-07-21T23:11:37","slug":"aqui-rio-bravo-por-daniel-enrique-romero-aleman-412","status":"publish","type":"post","link":"https:\/\/www.elsinodaldetamaulipas.com.mx\/?p=108104","title":{"rendered":"AQU\u00cd R\u00cdO BRAVO\/ Por Daniel Enrique ROMERO ALEM\u00c1N\u00a0"},"content":{"rendered":"\n<p><em><strong>MONREAL: NO ESTA SOLO PRESIDENTE&nbsp;<\/strong><\/em><\/p>\n\n\n\n<p>VAYA QUE celebraron en grande los diputados locales Morenistas que se haya publicado en el diario oficial del Gobierno del Estado de que a partir de ya las licencias de conducir ser\u00e1 permanentes, ya no habr\u00e1 necesidad de estarla tramitando cada dos a\u00f1os, y desembolsando dinero que quien sabe a d\u00f3nde iba a parar.&nbsp;<\/p>\n\n\n\n<p>Esa es una iniciativa que se mantuvo en la congeladora por largos meses y al darle vuelo el Gobierno del Estado los Morenistas lo vieron como un triunfo, porque fue su iniciativa.&nbsp;<\/p>\n\n\n\n<p>Pero conociendo al gobernador FRANCISCO JAVIER GARC\u00cdA CABEZA DE VACA, algo trama, porque nunca da paso sin huarache.&nbsp;<\/p>\n\n\n\n<p>El diputado local de Morena ARMANDO ZERTUCHE ZUANNI, invit\u00f3 a la ciudadan\u00eda a que aguanten vara, que no tramiten dicho documento a\u00fan, que se esperen hasta despu\u00e9s del primero de octubre que es cuando llega en grande \u201cLa Cuatrot\u00e9\u201d.&nbsp;<\/p>\n\n\n\n<p>Y es que muchos son de la idea de que los recursos que se obtengan en este momento del tr\u00e1mite de dicho documento, ser\u00e1n mal utilizados por la actual administraci\u00f3n estatal.&nbsp;<\/p>\n\n\n\n<p>Lo cierto de todo es que pese a la celebraci\u00f3n de los Morenistas, ya era tiempo de que ganaran una, porque les han dado una buena friega en el Congreso del Estado por parte de la bancada de Acci\u00f3n Nacional y su porrista n\u00famero uno que es el PRI.&nbsp;<\/p>\n\n\n\n<p>PARECIERA ser que ahora que est\u00e1n en disputa los liderazgos de las secciones magisteriales se est\u00e1n imponiendo los personajes que llevan un nombre exquisito; ex\u00f3tico escriben algunos.&nbsp;<\/p>\n\n\n\n<p>Ocurri\u00f3 en el estado de Hidalgo con SAID VARGAS S\u00c1ENZ, y puede ocurrir lo mismo en Tamaulipas dentro de la secci\u00f3n 30 con NAIF HAMSCHO IBARRA, que es uno de los m\u00e1s conocidos al igual que otro de los contendientes como ARNULFO RODR\u00cdGUEZ.&nbsp;<\/p>\n\n\n\n<p>Pero pesa mucho que Naif este vigente, actualizado, mientras que el maestro Arnulfo ya se le pas\u00f3 el tren y vive del recuerdo.&nbsp;<\/p>\n\n\n\n<p>Naif no se duerme en sus laureles y sigue pique y pique piedra entre los maestros invit\u00e1ndoles a que participen poque ahora ya no ser\u00e1 una imposici\u00f3n salida desde la Ciudad de M\u00e9xico, sino que ser\u00e1 voto libre y secreto.&nbsp;<\/p>\n\n\n\n<p>Muchos ven a Naif como el futuro l\u00edder magisterial.&nbsp;<\/p>\n\n\n\n<p>COMO MARCA la ley, el presidente municipal de Suelo Riobravense H\u00c9CTOR JOEL VILLEGAS GONZ\u00c1LEZ, acompa\u00f1ado del secretario del Ayuntamiento ROBERTO FLORES PE\u00d1A, encabez\u00f3 la reuni\u00f3n de trabajo para la integraci\u00f3n de la Junta Municipal de Catastro, en las que se involucraron funcionarios municipales y representantes de la sociedad civil.&nbsp;<\/p>\n\n\n\n<p>Y un primer acuerdo de dicho \u00f3rgano fue mantener los valores catastrales a fin de que los ciudadanos no sufran incrementos en el pago de su impuesto predial en el a\u00f1o 2023. &nbsp;<\/p>\n\n\n\n<p>En uso de la palabra la directora municipal de Predial y Catastro VIOLETA TORRES ARREOLA expres\u00f3: \u201cSabemos la situaci\u00f3n econ\u00f3mica en el municipio y aparte el haber atravesado por la contingencia del Covid- 19, dej\u00f3 maltrechas las finanzas de hogares y negocios, por lo que no se quiere da\u00f1ar la econom\u00eda de los contribuyentes, y se propone que siga vigente la tabla de valores del ejercicio anterior\u201d.&nbsp;<\/p>\n\n\n\n<p>El alcalde Villegas Gonz\u00e1lez, tom\u00f3 la determinaci\u00f3n de no modificar ning\u00fan valor para no incrementar el pago del impuesto predial y aprovech\u00f3 para invitar a la ciudadan\u00eda que apoye la transformaci\u00f3n del municipio, con el pago de su impuesto predial, y as\u00ed, tener herramientas para seguir trabajando en mejoras para el municipio, a la vez que agradeci\u00f3 a todos los contribuyentes responsables que han acudido a oficinas municipales a hacer el pago correspondiente.&nbsp;<\/p>\n\n\n\n<p>LA GOBERNADORA de Campeche LAYDA SANSORES, no quiso dedicarle al juez federal que le orden\u00f3 apaciguarse con eso de los videos y audios del l\u00edder nacional del Partido Revolucionario Institucional ALEJANDRO C\u00c1RDENAS MORENO, la famosa canci\u00f3n de Chico-Che: \u201cUy que miedo, mira como estoy temblando\u201d.&nbsp;<\/p>\n\n\n\n<p>No que muy s\u00e1cale punta, no, si el miedo no anda en burro.&nbsp;<\/p>\n\n\n\n<p>No quiso hacerle como su patr\u00f3n ANDR\u00c9S MANUEL L\u00d3PEZ OBRADOR, y prefiri\u00f3 cortar por lo sano y no m\u00e1s sarcasmo, retirando de sus redes sociales y la plataforma de su \u201cmuy gustado\u201d programa \u201cMartes del Jaguar\u201d los videos y audios del mes de julio en donde \u201cAlito\u201d queda por los suelos con tanta agresi\u00f3n verbal en contra del que se le atreviese. &nbsp;<\/p>\n\n\n\n<p>Pero queda la duda de si el juez federal se atrever\u00e1 a solicitar una orden de aprehensi\u00f3n por el desacato que cometi\u00f3 al no respetar un amparo federal.&nbsp;<\/p>\n\n\n\n<p>Y MUCHOS, pero muchos, seguimos disfrutando de esa ocurrencia del inquilino de Palacio Nacional, ante la amenaza de los gobiernos de los Estados Unidos de Norteam\u00e9rica y Canad\u00e1, para darle una revisi\u00f3n con lupa al T-MEC, porque en M\u00e9xico hay un claro favorit\u00edsimo para Petr\u00f3leos Mexicanos y la Comisi\u00f3n Federal de Electricidad y no a empresa privadas que tambi\u00e9n quiere tajada del tema energ\u00e9tico, en opini\u00f3n de los expertos en la materia.&nbsp;<\/p>\n\n\n\n<p>Inclusive TATIANA CLOUTHIER, la secretaria federal de Econom\u00eda, ya debe de tener en sus manos la solicitud de Canad\u00e1 de <a href=\"https:\/\/www.eluniversal.com.mx\/cartera\/canada-se-unira-eu-la-controversia-contra-mexico-por-tema-energetico\">consultas por considerar que el gobierno mexicano<\/a>&nbsp;no cumple con los&nbsp;compromisos del T-MEC&nbsp;en relaci\u00f3n a la&nbsp;Ley de la Industria El\u00e9ctrica, esto despu\u00e9s de que los gringos presentaron el documento <a href=\"https:\/\/www.eluniversal.com.mx\/cartera\/iniciativa-privada-de-eu-apoya-consultas-contra-mexico-por-politica-energetica\">de inicio de la controversia comercial<\/a>&nbsp;porque los cambios a las pol\u00edticas de la industria el\u00e9ctrica y petrolera no se apegan a los compromisos del Tratado.&nbsp;<\/p>\n\n\n\n<p>El \u00fanico que ha salido a defender el tema es la lata presidenciable, el presidente de la Junta de Coordinaci\u00f3n Pol\u00edtica en el senado de la rep\u00fablica RICARDO MONREAL, que afirm\u00f3 que van cerrar filas en torno al Ejecutivo Federal en el tema de la controversia que impulsan Estados Unidos y Canad\u00e1 en materia energ\u00e9tica.&nbsp;&nbsp;<\/p>\n\n\n\n<p>Eso no presagia nada bueno y seguramente a muchos funcionarios federales le est\u00e1 quitando el sue\u00f1o dicho tema.&nbsp;<\/p>\n\n\n\n<p>Lideres de partidos pol\u00edticos de oposici\u00f3n criticaron duramente la respuesta del jefe de la Naci\u00f3n, calific\u00e1ndola como una simpleza que aborda un tema internacional que va afectar el pa\u00eds.&nbsp;<\/p>\n\n\n\n<p>Otro dijo que es una verg\u00fcenza internacional, la respuesta dada por el tabasque\u00f1o&nbsp;<\/p>\n\n\n\n<p>Seguramente esa canci\u00f3n de \u201cChico-Che, \u201cUy que miedo, mira como estoy temblando\u201d, ser\u00e1 un tema recurrente de los Morenistas sobre todo de las corcholatas presidenciable favoritas que acaban de sufrir un duro rev\u00e9s a trav\u00e9s del Instituto Nacional Electoral y confirmado por el Tribunal Electoral del Poder Judicial de la Federaci\u00f3n.&nbsp;<\/p>\n\n\n\n<p>VAYA exhibida que se est\u00e1 llevando la tesorera municipal del Republicano Ayuntamiento de Suelo Reynosense ESMERALDA CHIMAL NAVARRETE, que conduce una lujosa camioneta que en el mercado tiene un valor de un mill\u00f3n y medio de pesos.&nbsp;<\/p>\n\n\n\n<p>Ning\u00fan tesorero municipal en Tamaulipas conduce semejante auto, una camioneta de lujo \u201cAudi Q7\u201d; la tesorera de Reynosa debi\u00f3 adquirirla con el sudor de su frente.&nbsp;<\/p>\n\n\n\n<p>La cuerdita presume adem\u00e1s la adquisici\u00f3n de lujosos accesorios y degustar alimentos en los mejores restaurantes del otro lado del r\u00edo \u201cBravo\u201d.&nbsp;<\/p>\n\n\n\n<p>Debe de tener un muy buen sueldo, o a lo mejor se avienta algo extrita despu\u00e9s de cumplir con sus funciones en el Gobierno Municipal que titula CARLOS V\u00cdCTOR PE\u00d1A ORTIZ.&nbsp;<\/p>\n\n\n\n<p>QUE NO CUNDA el p\u00e1nico por el hecho de que en Monterrey se pueda detener la producci\u00f3n de cerveza debido a la crisis del agua.&nbsp;<\/p>\n\n\n\n<p>Les voy a decir porque, seg\u00fan datos del Instituto Nacional de Geograf\u00eda y Estad\u00edstica, Nuevo Le\u00f3n tiene solo una producci\u00f3n nacional del 11 por ciento, muy por arriba Zacatecas que tiene una producci\u00f3n nacional del 24.1, y en Coahuila tienen el 11.5.&nbsp;<\/p>\n\n\n\n<p>As\u00ed que no hay porque preocuparse.&nbsp;<\/p>\n\n\n\n<p>EL DIPUTADO federal Tamaulipeco, del distrito tres con cabecera en Suelo Riobravense, TOM\u00c1S GLORIA REQUENA, es quiz\u00e1s el \u00fanico legislador que durante el receso legislativo ha estado movidito.&nbsp;<\/p>\n\n\n\n<p>Se ha movido en San Fernando y ha pasado a visitar Suelo Matamorense, con una muy buena respuesta por parte de los habitantes de esos municipios, y pronto rendir\u00e1 su informe legislativo en mi querido y adorado pueblo.&nbsp;<\/p>\n\n\n\n<p>Si alguien sabe de alg\u00fan legislador del Partido Acci\u00f3n Nacional, que ande visitando su distrito, p\u00e1senme el dato.&nbsp;<\/p>\n\n\n\n<p>NO PUDO llegar a buen fin la feria de Reynosa, se determin\u00f3 cancelarla despu\u00e9s de poco \u00e9xito que tuvo.&nbsp;<\/p>\n\n\n\n<p>Si acaso estuvo por diez d\u00edas, pero con muy poca asistencia pese a que tuvo artistas de renombre.&nbsp;<\/p>\n\n\n\n<p>Y es que en opini\u00f3n de los expertos no reun\u00eda los est\u00e1ndares requeridos para ser un lugar de diversi\u00f3n a la altura de los Reynosenses.&nbsp;<\/p>\n\n\n\n<p>En cambio, en mi querido y adorado pueblo que es R\u00edo Bravo, y en Suelo Vallehermosense fue un \u00e9xito, y cumpli\u00f3 con los d\u00edas que le tocaban.&nbsp;<\/p>\n\n\n\n<p>Ni modo.&nbsp;<\/p>\n\n\n\n<p>Para la otra hay que checar el lugar en donde se va instalar, que es lo m\u00e1s importante que se requiere para este tipo de eventos.&nbsp;<\/p>\n\n\n\n<p>ESTE JUEVES a eso del mediod\u00eda estall\u00f3 la huelga en Tel\u00e9fonos de M\u00e9xico, y es que el Sindicato de Telefonistas de la Rep\u00fablica Mexicana, determin\u00f3 iniciar el paro al no haberse logrado un acuerdo que permita la viabilidad financiera de la empresa.&nbsp;<\/p>\n\n\n\n<p>Recib\u00ed en mi mesa de trabajo un comunicado salido de la empresa de telefon\u00eda en donde asegura que se garantiza la calidad y continuidad de todos sus servicios de telecomunicaciones gracias a su tecnolog\u00eda de \u00faltima generaci\u00f3n, que le permite contar con una red que opera de manera aut\u00f3noma.&nbsp;<\/p>\n\n\n\n<p>Y destaca que Telmex mantiene una relaci\u00f3n de respeto con su planta laboral y contin\u00faa las negociaciones con la representaci\u00f3n sindical para alcanzar un acuerdo.&nbsp;<\/p>\n\n\n\n<p>ESTE JUEVES es el \u201cD\u00eda de Daniel\u201d, as\u00ed que si Usted tiene un amigo, hermano o familiar con ese bonito nombre felic\u00edtelo porque hoy es su d\u00eda. &nbsp;<\/p>\n\n\n\n<p>Un abrazo y felicidades a todos mis amigos que lleven ese nombre.&nbsp;<\/p>\n\n\n\n<p>Cumplen a\u00f1o este d\u00eda mi excompa\u00f1ero de aula en el Cecyt 246 de Suelo Riobravense ALFREDO MEDRANO GUERRA, y LUIS BENET CANT\u00da.&nbsp;<\/p>\n\n\n\n<p>Un monumental abrazo y que vengan muchos m\u00e1s.&nbsp;<\/p>\n\n\n\n<p>TERMINAMOS, PERO VOLVEREMOS\u2026D\u2026M\u2026&nbsp;<\/p>\n\n\n\n<p>Correo electr\u00f3nico: barre283@hotmail.com&nbsp;<\/p>\n","protected":false},"excerpt":{"rendered":"<p>MONREAL: NO ESTA SOLO PRESIDENTE&nbsp; VAYA QUE celebraron en grande los diputados locales Morenistas que se haya publicado en el diario oficial del Gobierno del Estado de que a partir de ya las licencias de conducir ser\u00e1 permanentes, ya no habr\u00e1 necesidad de estarla tramitando cada dos a\u00f1os, y desembolsando dinero que quien sabe a [&hellip;]<\/p>\n","protected":false},"author":1,"featured_media":80414,"comment_status":"closed","ping_status":"closed","sticky":false,"template":"","format":"standard","meta":{"footnotes":""},"categories":[16],"tags":[],"class_list":["post-108104","post","type-post","status-publish","format-standard","has-post-thumbnail","hentry","category-opinion"],"_links":{"self":[{"href":"https:\/\/www.elsinodaldetamaulipas.com.mx\/index.php?rest_route=\/wp\/v2\/posts\/108104","targetHints":{"allow":["GET"]}}],"collection":[{"href":"https:\/\/www.elsinodaldetamaulipas.com.mx\/index.php?rest_route=\/wp\/v2\/posts"}],"about":[{"href":"https:\/\/www.elsinodaldetamaulipas.com.mx\/index.php?rest_route=\/wp\/v2\/types\/post"}],"author":[{"embeddable":true,"href":"https:\/\/www.elsinodaldetamaulipas.com.mx\/index.php?rest_route=\/wp\/v2\/users\/1"}],"replies":[{"embeddable":true,"href":"https:\/\/www.elsinodaldetamaulipas.com.mx\/index.php?rest_route=%2Fwp%2Fv2%2Fcomments&post=108104"}],"version-history":[{"count":1,"href":"https:\/\/www.elsinodaldetamaulipas.com.mx\/index.php?rest_route=\/wp\/v2\/posts\/108104\/revisions"}],"predecessor-version":[{"id":108105,"href":"https:\/\/www.elsinodaldetamaulipas.com.mx\/index.php?rest_route=\/wp\/v2\/posts\/108104\/revisions\/108105"}],"wp:featuredmedia":[{"embeddable":true,"href":"https:\/\/www.elsinodaldetamaulipas.com.mx\/index.php?rest_route=\/wp\/v2\/media\/80414"}],"wp:attachment":[{"href":"https:\/\/www.elsinodaldetamaulipas.com.mx\/index.php?rest_route=%2Fwp%2Fv2%2Fmedia&parent=108104"}],"wp:term":[{"taxonomy":"category","embeddable":true,"href":"https:\/\/www.elsinodaldetamaulipas.com.mx\/index.php?rest_route=%2Fwp%2Fv2%2Fcategories&post=108104"},{"taxonomy":"post_tag","embeddable":true,"href":"https:\/\/www.elsinodaldetamaulipas.com.mx\/index.php?rest_route=%2Fwp%2Fv2%2Ftags&post=108104"}],"curies":[{"name":"wp","href":"https:\/\/api.w.org\/{rel}","templated":true}]}}