{"id":109456,"date":"2022-08-05T16:02:08","date_gmt":"2022-08-05T16:02:08","guid":{"rendered":"http:\/\/www.elsinodaldetamaulipas.com.mx\/?p=109456"},"modified":"2022-08-05T16:02:12","modified_gmt":"2022-08-05T16:02:12","slug":"ecigen-al-gobernador-de-guanajuato-justicia-por-asesinat-de-periodista","status":"publish","type":"post","link":"https:\/\/www.elsinodaldetamaulipas.com.mx\/?p=109456","title":{"rendered":"ECIGEN AL GOBERNADOR DE GUANAJUATO JUSTICIA POR ASESINAT DE PERIODISTA"},"content":{"rendered":"\n<p><strong>EL SINODAL DE TAMAULIPAS<\/strong><\/p>\n\n\n\n<p><em><strong>San Luis De La Paz, Gto.-<\/strong><\/em>\u00a0\u201c\u00a1Justicia, justicia!\u201d, reclamaron reporteros al gobernador de Guanajuato, Diego Sinhue Rodr\u00edguez Vallejo, por los asesinatos del empresario y periodista Ernesto M\u00e9ndez y del camar\u00f3grafo jubilado Enrique Sosa Mart\u00ednez, al t\u00e9rmino de un acto que el mandatario panista encabez\u00f3 ayer al mediod\u00eda en el municipio de Irapuato.<\/p>\n\n\n\n<p>Rodr\u00edguez Vallejo se\u00f1al\u00f3 que es muy posible que el homicidio no tenga relaci\u00f3n con la actividad period\u00edstica que realizaba el propietario del portal de noticias Tu Voz, y revel\u00f3 que ya fueron identificados los \u201cprobables\u201d responsables de los cr\u00edmenes.<\/p>\n\n\n\n<p>En tanto, la Comisi\u00f3n Nacional de los Derechos Humanos (CNDH) activ\u00f3 la Alerta 6, que tiene como objetivo instrumentar acciones de protecci\u00f3n coordinadas en torno al caso del asesinato de Ernesto M\u00e9ndez, perpetrado el martes pasado en el municipio de San Luis de la Paz. Con ello, dio vista a la Procuradur\u00eda de los Derechos Humanos estatal para que conozca del hecho y ponga en marcha las medidas de su competencia.<\/p>\n\n\n\n<p>Tambi\u00e9n solicit\u00f3 la atenci\u00f3n del caso al Mecanismo para la Protecci\u00f3n de Personas Defensoras de Derechos Humanos y Periodistas de la Secretar\u00eda de Gobernaci\u00f3n, y pidi\u00f3 a las autoridades guanajuatenses realizar una indagatoria diligente, sin omitir ninguna l\u00ednea de investigaci\u00f3n y considerando la actividad profesional de la v\u00edctima como uno de los posibles m\u00f3viles del atentado.<\/p>\n\n\n\n<p>En un comunicado, el organismo repudi\u00f3 los hechos de violencia contra comunicadores, y subray\u00f3 que \u201cla prevenci\u00f3n de las agresiones parte de una oportuna y diligente investigaci\u00f3n de los delitos cometidos en su perjuicio, as\u00ed como de la sanci\u00f3n a quienes cometen esas violaciones\u201d.<\/p>\n\n\n\n<p>Al ser abordado y recibir las exigencias de justicia de los reporteros, despu\u00e9s de asistir a la inauguraci\u00f3n en Irapuato de la exposici\u00f3n militar&nbsp;<em>La gran fuerza de M\u00e9xico<\/em>, Diego Sinhue Rodr\u00edguez afirm\u00f3 que hay \u201cavances\u201d en la investigaci\u00f3n del crimen de cuatro hombres, entre ellos el periodista y empresario.<\/p>\n\n\n\n<p>\u201cYa se tiene identificados a algunos probables responsables; siguen los tr\u00e1mites judiciales, las audiencias para poder girar las \u00f3rdenes de aprehensi\u00f3n\u201d, se\u00f1al\u00f3. Confi\u00f3 en que pronto ser\u00e1n capturados los asesinos para que se haga justicia.<\/p>\n\n\n\n<p>\u2013\u00bfCu\u00e1l ser\u00eda el m\u00f3vil del crimen? \u2013se le pregunt\u00f3.<\/p>\n\n\n\n<p>\u2013Estamos ahorita viendo mucho m\u00e1s, acercando el tema del negocio (la cervecer\u00eda), del lugar donde fueron los hechos; parece que ese es uno de los temas que se est\u00e1 fortaleciendo m\u00e1s.<\/p>\n\n\n\n<p>El mandatario panista apunt\u00f3 que no puede dar mucha informaci\u00f3n para no alertar a los posibles responsables, pero \u201clo que les puedo adelantar es que son dos calibres los que fueron usados\u201d.<\/p>\n\n\n\n<p>Poco antes, en las instalaciones de la Fiscal\u00eda General del Estado, un grupo de periodistas ley\u00f3 una carta dirigida al gobernador, al alcalde de San Luis de la Paz, el pri\u00edsta Luis S\u00e1nchez, y el fiscal Carlos Zamarripa Aguirre.<\/p>\n\n\n\n<p>En la misiva, m\u00e1s de 150 comunicadores demandan \u201cesclarecer si el crimen que le quit\u00f3 la vida se debi\u00f3 a su ejercicio period\u00edstico, o bien, a otra de sus facetas como empresario, a la que ten\u00eda derecho y libertad de desempe\u00f1arse\u201d.<\/p>\n\n\n\n<p>El gremio manifest\u00f3 su indignaci\u00f3n por el homicidio de M\u00e9ndez y \u201cello nos convoca al llamado absoluto a la seguridad y justicia que tienen por derecho los ciudadanos de San Luis de la Paz y el resto de los 45 municipios\u201d.<\/p>\n\n\n\n<p>Exigieron tambi\u00e9n que sea detenido Miguel \u00c1ngel Garc\u00eda, empresario que el pasado 19 de julio asesin\u00f3 con su camioneta a Enrique Sosa Mart\u00ednez, camar\u00f3grafo jubilado de TV4, porque el crimen \u201cpermanece impune y sin detenciones oficiales, a pesar de la diversidad de pruebas y testimonios que se han hecho del dominio p\u00fablico\u201d.<\/p>\n","protected":false},"excerpt":{"rendered":"<p>EL SINODAL DE TAMAULIPAS San Luis De La Paz, Gto.-\u00a0\u201c\u00a1Justicia, justicia!\u201d, reclamaron reporteros al gobernador de Guanajuato, Diego Sinhue Rodr\u00edguez Vallejo, por los asesinatos del empresario y periodista Ernesto M\u00e9ndez y del camar\u00f3grafo jubilado Enrique Sosa Mart\u00ednez, al t\u00e9rmino de un acto que el mandatario panista encabez\u00f3 ayer al mediod\u00eda en el municipio de Irapuato. [&hellip;]<\/p>\n","protected":false},"author":1,"featured_media":109457,"comment_status":"closed","ping_status":"closed","sticky":false,"template":"","format":"standard","meta":{"footnotes":""},"categories":[4],"tags":[],"class_list":["post-109456","post","type-post","status-publish","format-standard","has-post-thumbnail","hentry","category-nacional"],"_links":{"self":[{"href":"https:\/\/www.elsinodaldetamaulipas.com.mx\/index.php?rest_route=\/wp\/v2\/posts\/109456","targetHints":{"allow":["GET"]}}],"collection":[{"href":"https:\/\/www.elsinodaldetamaulipas.com.mx\/index.php?rest_route=\/wp\/v2\/posts"}],"about":[{"href":"https:\/\/www.elsinodaldetamaulipas.com.mx\/index.php?rest_route=\/wp\/v2\/types\/post"}],"author":[{"embeddable":true,"href":"https:\/\/www.elsinodaldetamaulipas.com.mx\/index.php?rest_route=\/wp\/v2\/users\/1"}],"replies":[{"embeddable":true,"href":"https:\/\/www.elsinodaldetamaulipas.com.mx\/index.php?rest_route=%2Fwp%2Fv2%2Fcomments&post=109456"}],"version-history":[{"count":1,"href":"https:\/\/www.elsinodaldetamaulipas.com.mx\/index.php?rest_route=\/wp\/v2\/posts\/109456\/revisions"}],"predecessor-version":[{"id":109458,"href":"https:\/\/www.elsinodaldetamaulipas.com.mx\/index.php?rest_route=\/wp\/v2\/posts\/109456\/revisions\/109458"}],"wp:featuredmedia":[{"embeddable":true,"href":"https:\/\/www.elsinodaldetamaulipas.com.mx\/index.php?rest_route=\/wp\/v2\/media\/109457"}],"wp:attachment":[{"href":"https:\/\/www.elsinodaldetamaulipas.com.mx\/index.php?rest_route=%2Fwp%2Fv2%2Fmedia&parent=109456"}],"wp:term":[{"taxonomy":"category","embeddable":true,"href":"https:\/\/www.elsinodaldetamaulipas.com.mx\/index.php?rest_route=%2Fwp%2Fv2%2Fcategories&post=109456"},{"taxonomy":"post_tag","embeddable":true,"href":"https:\/\/www.elsinodaldetamaulipas.com.mx\/index.php?rest_route=%2Fwp%2Fv2%2Ftags&post=109456"}],"curies":[{"name":"wp","href":"https:\/\/api.w.org\/{rel}","templated":true}]}}