{"id":111370,"date":"2022-08-23T19:55:30","date_gmt":"2022-08-23T19:55:30","guid":{"rendered":"http:\/\/www.elsinodaldetamaulipas.com.mx\/?p=111370"},"modified":"2022-08-23T19:55:36","modified_gmt":"2022-08-23T19:55:36","slug":"corrige-morena-no-se-anula-eleccion-en-los-distritos-7-y-9-el-domingo-eleccion-de-dirigencia","status":"publish","type":"post","link":"https:\/\/www.elsinodaldetamaulipas.com.mx\/?p=111370","title":{"rendered":"CORRIGE MORENA: NO SE ANULA ELECCI\u00d3N EN LOS DISTRITOS 7 Y 9; EL DOMINGO ELECCI\u00d3N DE DIRIGENCIA"},"content":{"rendered":"\n<p><strong>EL SINODAL DE TAMAULIPAS<\/strong><\/p>\n\n\n\n<p><em><strong>Cd. Victoria, Tam.-<\/strong><\/em> El Movimiento de Regeneraci\u00f3n Nacional en Tamaulipas precis\u00f3 que tras revisar la elecci\u00f3n de Consejeros en los Distritos 7 y 9, se procedi\u00f3 a validar el resultado sin llegar a la anulaci\u00f3n, y confirm\u00f3 que el 28 de agosto se realizar\u00e1 el Congreso para elegir a la nueva dirigencia estatal del partido.<\/p>\n\n\n\n<p>\u201cAl concluir una segunda y una tercera revisi\u00f3n, se determin\u00f3 que los Congresos de los distritos 7 y 9 de Tamaulipas hab\u00edan cumplido de origen con los requisitos, principios y normativa que rige el proceso de renovaci\u00f3n interno de Morena\u201d, asegur\u00f3 Lucio Ernesto Palacios Cordero.<\/p>\n\n\n\n<p>El delegado del Comit\u00e9 Nacional de Morena en el Estado tambi\u00e9n dio a conocer que la Comisi\u00f3n Nacional de Elecciones determin\u00f3 que el pr\u00f3ximo domingo 28 de agosto se lleve a cabo el Congreso Estatal en donde se elegir\u00e1 a los integrantes del nuevo Comit\u00e9 de Morena en Tamaulipas, el cual cumplir\u00e1 cabalmente con el principio de paridad de g\u00e9nero.<\/p>\n\n\n\n<p>\u201cLa Comisi\u00f3n termin\u00f3 la revisi\u00f3n de los 300 Congresos Distritales del pa\u00eds, con el fin de garantizar la certeza jur\u00eddica del proceso. Concluido ello, se dio paso al inicio de los congresos estatales que arrancaron exitosamente el pasado fin de semana\u201d, explic\u00f3.<\/p>\n\n\n\n<p>Palacios Cordero record\u00f3 que, si bien inicialmente se anunci\u00f3 la repetici\u00f3n de elecciones distritales en 7 estados de la Rep\u00fablica, en el caso de Tamaulipas, al concluir las revisiones se determin\u00f3 que el proceso para la elecci\u00f3n de los Consejeros en los Distritos 7 de ciudad Madero y 9 de Reynosa, cumpli\u00f3 debidamente con la normatividad establecida para el proceso interno de Morena.<\/p>\n\n\n\n<p>\u201cEs as\u00ed que se defini\u00f3 que existe plena certeza legal en la totalidad de las asambleas distritales de Tamaulipas, por tanto, en pr\u00f3ximos d\u00edas se publicar\u00e1 la lista de 90 congresistas que resultaron electos\u201d, agreg\u00f3.<\/p>\n\n\n\n<p>Una vez concluido el proceso de revisi\u00f3n la Comisi\u00f3n Nacional de Elecciones acord\u00f3 que se realice el pr\u00f3ximo fin de semana el Congreso Estatal en la capital del estado, y reiter\u00f3 que el Congreso Nacional se llevar\u00e1 a cabo el 17 y 18 de septiembre en la ciudad de M\u00e9xico.<\/p>\n","protected":false},"excerpt":{"rendered":"<p>EL SINODAL DE TAMAULIPAS Cd. Victoria, Tam.- El Movimiento de Regeneraci\u00f3n Nacional en Tamaulipas precis\u00f3 que tras revisar la elecci\u00f3n de Consejeros en los Distritos 7 y 9, se procedi\u00f3 a validar el resultado sin llegar a la anulaci\u00f3n, y confirm\u00f3 que el 28 de agosto se realizar\u00e1 el Congreso para elegir a la nueva [&hellip;]<\/p>\n","protected":false},"author":1,"featured_media":111371,"comment_status":"closed","ping_status":"closed","sticky":false,"template":"","format":"standard","meta":{"footnotes":""},"categories":[1],"tags":[],"class_list":["post-111370","post","type-post","status-publish","format-standard","has-post-thumbnail","hentry","category-portada"],"_links":{"self":[{"href":"https:\/\/www.elsinodaldetamaulipas.com.mx\/index.php?rest_route=\/wp\/v2\/posts\/111370","targetHints":{"allow":["GET"]}}],"collection":[{"href":"https:\/\/www.elsinodaldetamaulipas.com.mx\/index.php?rest_route=\/wp\/v2\/posts"}],"about":[{"href":"https:\/\/www.elsinodaldetamaulipas.com.mx\/index.php?rest_route=\/wp\/v2\/types\/post"}],"author":[{"embeddable":true,"href":"https:\/\/www.elsinodaldetamaulipas.com.mx\/index.php?rest_route=\/wp\/v2\/users\/1"}],"replies":[{"embeddable":true,"href":"https:\/\/www.elsinodaldetamaulipas.com.mx\/index.php?rest_route=%2Fwp%2Fv2%2Fcomments&post=111370"}],"version-history":[{"count":1,"href":"https:\/\/www.elsinodaldetamaulipas.com.mx\/index.php?rest_route=\/wp\/v2\/posts\/111370\/revisions"}],"predecessor-version":[{"id":111372,"href":"https:\/\/www.elsinodaldetamaulipas.com.mx\/index.php?rest_route=\/wp\/v2\/posts\/111370\/revisions\/111372"}],"wp:featuredmedia":[{"embeddable":true,"href":"https:\/\/www.elsinodaldetamaulipas.com.mx\/index.php?rest_route=\/wp\/v2\/media\/111371"}],"wp:attachment":[{"href":"https:\/\/www.elsinodaldetamaulipas.com.mx\/index.php?rest_route=%2Fwp%2Fv2%2Fmedia&parent=111370"}],"wp:term":[{"taxonomy":"category","embeddable":true,"href":"https:\/\/www.elsinodaldetamaulipas.com.mx\/index.php?rest_route=%2Fwp%2Fv2%2Fcategories&post=111370"},{"taxonomy":"post_tag","embeddable":true,"href":"https:\/\/www.elsinodaldetamaulipas.com.mx\/index.php?rest_route=%2Fwp%2Fv2%2Ftags&post=111370"}],"curies":[{"name":"wp","href":"https:\/\/api.w.org\/{rel}","templated":true}]}}