{"id":113701,"date":"2022-09-13T15:36:45","date_gmt":"2022-09-13T15:36:45","guid":{"rendered":"http:\/\/www.elsinodaldetamaulipas.com.mx\/?p=113701"},"modified":"2022-09-13T15:36:49","modified_gmt":"2022-09-13T15:36:49","slug":"agenda-fronteriza-por-humberto-gutierrez-589","status":"publish","type":"post","link":"https:\/\/www.elsinodaldetamaulipas.com.mx\/?p=113701","title":{"rendered":"AGENDA FRONTERIZA\/ POR HUMBERTO\u00a0GUTI\u00c9RREZ"},"content":{"rendered":"\n<p class=\"has-text-align-center\"><strong><em>CUANDO LA DESCONFIANZA ASOMA A LA PUERTA<\/em><\/strong><\/p>\n\n\n\n<p>AMERICO VILLAREAL ANAYA, ser\u00e1 gobernador constitucional a partir del primer segundo de octubre, para esa fecha ya debe tener las llaves de todo el aparato del gobierno, entrar\u00e1 a su casa por mandato que le confiri\u00f3 la sociedad.<\/p>\n\n\n\n<p>A partir del primer segundo de primero de octubre ning\u00fan funcionario de primer nivel debe estar dentro de las oficinas por la simple y sencilla raz\u00f3n de que no tendr\u00e1 nada que andar haciendo.<\/p>\n\n\n\n<p>Mientras tanto, el gobernador AMERICO, se re\u00fane peri\u00f3dicamente con los medios de comunicaci\u00f3n, a los que mediante la exposici\u00f3n del tema que ocupa entra a una din\u00e1mica de preguntas con respuestas explicitas, concretas y correctas.<\/p>\n\n\n\n<p>La decepci\u00f3n en estos momentos es por la demora en la recepci\u00f3n de saber c\u00f3mo est\u00e1n los asuntos pendientes, que no han iniciado, asuntos inconclusos, los asuntos negados y los autorizados, cuanto es el n\u00famero de personal que hace la tarea, y analizar el costo-beneficio social de esa secretaria.<\/p>\n\n\n\n<p>Ser\u00e1 en la medida en que pongan trabas lo que se van, ser\u00e1 la amplitud de la auditoria.<\/p>\n\n\n\n<p>Por lo que s\u00e9, el gobierno del estado tiene una estructura org\u00e1nica disfuncional que no cuadra con los principios b\u00e1sicos del gobierno que viene pues no corresponde a la austeridad.<\/p>\n\n\n\n<p>Se tiene que realizar una reingenier\u00eda de la estructura del gobierno atendiendo m\u00e1s a la responsabilidad que a las funciones.<\/p>\n\n\n\n<p>Por ejemplo, existen ahorita en este gobierno la Secretaria de Desarrollo Econ\u00f3mico, la Secretaria de Pesca y la de Turismo eso es una administraci\u00f3n por funciones, por lo que atendiendo por \u00e1reas de responsabilidad porque tomo eso implica el desarrollo. Con dos subsecretarias es suficiente.<\/p>\n\n\n\n<p>El gobierno actual tiene un organigrama obedeciendo a las funciones, de tal manera que se encuentra por lo menos tres entidades que desarrollan la obra p\u00fablica, la Secretaria de Obras, Itavu, Instituto de Infraestructura Educativa, en conjunto valen 5 mil millones de gasto corriente con un grado de inversi\u00f3n de 2,500 millones al a\u00f1o.<\/p>\n\n\n\n<p>Como que no funciona as\u00ed, en \u00e9pocas de austeridad.<\/p>\n\n\n\n<p>Es importante reorganizar administrativamente por \u00e1reas de responsabilidad y achicar los puestos y cargos p\u00fablicos.<\/p>\n\n\n\n<p>El ITAVU era el Instituto de Vivienda y Urbanizaci\u00f3n, le cambiaron de nombre por el Instituto de Vivienda y Urbanismo y nunca supimos el porqu\u00e9.<\/p>\n\n\n\n<p>Lo mismo que el IPSSET era antes el UPYSSET.<\/p>\n\n\n\n<p>Cosas de la vida. habr\u00e1 que investigar.<\/p>\n\n\n\n<p>Lo de antes fue que en t\u00e9rminos de urbanidad pol\u00edtica; meses antes se dejaban ver los entrantes y los salientes para analizar la estructura administrativa y cambiarla a modo del nuevo gobernante.<\/p>\n\n\n\n<p>Pero ahora son otros tiempos, de la urbanidad pol\u00edtica ni se diga, no existe.<\/p>\n\n\n\n<p>De la transparencia, solamente en el papel y en el discurso, porque tampoco existe.<\/p>\n\n\n\n<p>De la responsabilidad hacendaria y de la planeaci\u00f3n y gasto del presupuesto, all\u00ed s\u00ed, hay mucha tela que cortar.<\/p>\n\n\n\n<p>Uffff y recontrauffff.<\/p>\n\n\n\n<p>El alcalde de Matamoros MARIO LOPEZ HERNANDEZ el d\u00eda del informe declar\u00f3 de su fruct\u00edfera gesti\u00f3n ante la SHCP de que el Modulo de Registro Vehicular pase a manos del gobierno municipal su administraci\u00f3n. El REPUVE es el \u00fanico municipio fronteriza que va a estar bajo la tutela del Ayuntamiento.&nbsp; Ya se est\u00e1 cambiando al Centro de Convenciones con la finalidad de que el registro sea m\u00e1s expedito.<\/p>\n\n\n\n<p>Mientras el alcalde de Victoria ultima los preparativos para dar el Grito el 15 por la noche y como el 16 es d\u00eda libre para todos, la fiesta debe de ser grande despu\u00e9s de 30 a\u00f1os recupera LALO GATTAS el compromiso de rescatar los valores y actividades c\u00edvicas que emanan del pueblo.<\/p>\n\n\n\n<p>El d\u00eda 15 a las 8 de la noche se est\u00e1 convocando a la gran fiesta popular donde, adem\u00e1s de festejar el Grito de Independencia, se va a festejar tambi\u00e9n el triunfo de AMERICO y LALO que significa el reto de la nueva \u00e9poca del inicio de la Cuarta Transformaci\u00f3n.<\/p>\n\n\n\n<p>No se oye que el gobierno del estado alg\u00fan indicio de festejo.<\/p>\n\n\n\n<p>Deja un testimonio m\u00e1s de que nunca le import\u00f3 la ciudad.<\/p>\n\n\n\n<p>En Nuevo Laredo la alcaldesa CARMEN LILIA CANTUROSAS gestiono con existo que el s\u00edmbolo patrio que representa la Bandera Nacional se izar\u00e1 todos los lunes, aparte de los Honores lo que se pretende es resaltar los valores y el respeto a los s\u00edmbolos patrios, en la monumental Plaza Morelos.<\/p>\n\n\n\n<p>En este a\u00f1o, a pesar de la sequ\u00eda, le fue bien a los productores del campo, principalmente a los peque\u00f1os productores como lo es el sector social ejidal.<\/p>\n\n\n\n<p>Con la ayuda del gobierno federal, CARLOS PE\u00d1A LORTIZ, alcalde de la ciudad de Reynosa entreg\u00f3 en tiempo y forma 47 toneladas de semilla a 487 productores de 55 ejidos que con esa ayuda sembraron 7 mil hect\u00e1reas. Y la verdad que levantaron buena cosecha.<\/p>\n\n\n\n<p>Nombramiento en la UAT.<\/p>\n\n\n\n<p>El Rector GUILLERMO MENDOZA, nombr\u00f3 a quien habr\u00e1 de representar los derechos de los universitarios al Doctor en Derecho JOSE de JESUS GUZM\u00c1N MORALES como titular de ese organismo aut\u00f3nomo.<\/p>\n\n\n\n<p>Es la UAT de las muy pocas universidades y escuelas de educaci\u00f3n superior que cuenta que in organismo defensor de los derechos universitarios.<\/p>\n\n\n\n<p>El alcalde de Cd. Madero ADRIAN OSEGUERA KERNION anunci\u00f3 la verbena popular que con motivo del Grito de Independencia estar\u00e1 a su cargo.<\/p>\n\n\n\n<p>Lo mismo har\u00e1 ARMANDO MARTINEZ MANRIQUEZ en el municipio de Altamira.<\/p>\n\n\n\n<p>Mi correo: humbertografico@yahoo,com.mx &nbsp;<\/p>\n\n\n\n<p>La 2da Reuni\u00f3n de Alto Nivel sostenida entre Estados Unidos y M\u00e9xico en territorio mexicano relacionada con el comercio binacional.<\/p>\n\n\n\n<p>En esa reuni\u00f3n, Estados Unidos invit\u00f3 a M\u00e9xico a crear cadena de suministro para impulsar la producci\u00f3n de chips y autos el\u00e9ctricos en Norteam\u00e9rica como parte de su estrategia de invertir 450 mil millones de d\u00f3lares en desarrollar estos sectores y controlar la inflaci\u00f3n.<\/p>\n\n\n\n<p>GINA MARIE RAIMONDO, secretaria de Comercio estadunidense, se\u00f1al\u00f3 que es importante para ellos incentivar estos sectores que son claves para impulsar la regi\u00f3n.<\/p>\n\n\n\n<p>Nos vemos ma\u00f1ana. Dios nos Bendiga parejos.<\/p>\n","protected":false},"excerpt":{"rendered":"<p>CUANDO LA DESCONFIANZA ASOMA A LA PUERTA AMERICO VILLAREAL ANAYA, ser\u00e1 gobernador constitucional a partir del primer segundo de octubre, para esa fecha ya debe tener las llaves de todo el aparato del gobierno, entrar\u00e1 a su casa por mandato que le confiri\u00f3 la sociedad. A partir del primer segundo de primero de octubre ning\u00fan [&hellip;]<\/p>\n","protected":false},"author":1,"featured_media":80453,"comment_status":"closed","ping_status":"closed","sticky":false,"template":"","format":"standard","meta":{"footnotes":""},"categories":[16],"tags":[],"class_list":["post-113701","post","type-post","status-publish","format-standard","has-post-thumbnail","hentry","category-opinion"],"_links":{"self":[{"href":"https:\/\/www.elsinodaldetamaulipas.com.mx\/index.php?rest_route=\/wp\/v2\/posts\/113701","targetHints":{"allow":["GET"]}}],"collection":[{"href":"https:\/\/www.elsinodaldetamaulipas.com.mx\/index.php?rest_route=\/wp\/v2\/posts"}],"about":[{"href":"https:\/\/www.elsinodaldetamaulipas.com.mx\/index.php?rest_route=\/wp\/v2\/types\/post"}],"author":[{"embeddable":true,"href":"https:\/\/www.elsinodaldetamaulipas.com.mx\/index.php?rest_route=\/wp\/v2\/users\/1"}],"replies":[{"embeddable":true,"href":"https:\/\/www.elsinodaldetamaulipas.com.mx\/index.php?rest_route=%2Fwp%2Fv2%2Fcomments&post=113701"}],"version-history":[{"count":1,"href":"https:\/\/www.elsinodaldetamaulipas.com.mx\/index.php?rest_route=\/wp\/v2\/posts\/113701\/revisions"}],"predecessor-version":[{"id":113702,"href":"https:\/\/www.elsinodaldetamaulipas.com.mx\/index.php?rest_route=\/wp\/v2\/posts\/113701\/revisions\/113702"}],"wp:featuredmedia":[{"embeddable":true,"href":"https:\/\/www.elsinodaldetamaulipas.com.mx\/index.php?rest_route=\/wp\/v2\/media\/80453"}],"wp:attachment":[{"href":"https:\/\/www.elsinodaldetamaulipas.com.mx\/index.php?rest_route=%2Fwp%2Fv2%2Fmedia&parent=113701"}],"wp:term":[{"taxonomy":"category","embeddable":true,"href":"https:\/\/www.elsinodaldetamaulipas.com.mx\/index.php?rest_route=%2Fwp%2Fv2%2Fcategories&post=113701"},{"taxonomy":"post_tag","embeddable":true,"href":"https:\/\/www.elsinodaldetamaulipas.com.mx\/index.php?rest_route=%2Fwp%2Fv2%2Ftags&post=113701"}],"curies":[{"name":"wp","href":"https:\/\/api.w.org\/{rel}","templated":true}]}}