{"id":115119,"date":"2022-09-26T16:01:33","date_gmt":"2022-09-26T16:01:33","guid":{"rendered":"http:\/\/www.elsinodaldetamaulipas.com.mx\/?p=115119"},"modified":"2022-09-26T16:01:39","modified_gmt":"2022-09-26T16:01:39","slug":"no-hay-que-destruir-el-paraiso-de-tepoztan-dice-amlo","status":"publish","type":"post","link":"https:\/\/www.elsinodaldetamaulipas.com.mx\/?p=115119","title":{"rendered":"\u00abNO HAY QUE DESTRUIR EL PARA\u00cdSO\u00bb DE TEPOZT\u00c1N, DICE AMLO"},"content":{"rendered":"\n<p><strong>EL SINODAL DE TAMAULIPAS<\/strong><\/p>\n\n\n\n<p><strong><em>Ciudad de M\u00e9xico.<\/em>&#8211;<\/strong>\u00a0Ante el desordenado crecimiento que se ha dado en Tepoztl\u00e1n, Morelos, al que defini\u00f3 como un \u00absantuario, un para\u00edso\u00bb, el presidente Andr\u00e9s Manuel L\u00f3pez Obrador se pronunci\u00f3 porque exista un plan de desarrollo urbano que permita la protecci\u00f3n del lugar y evitar un desmesurado desarrollo de esa localidad.<\/p>\n\n\n\n<p>A pregunta expresa sobre la situaci\u00f3n en Tepoztl\u00e1n, el mandatario dijo que ya hay algunas manifestaciones de su crecimiento sin planeaci\u00f3n, como es la escasez del agua. Se pretende atribuirle a la carretera en construcci\u00f3n, pero en realidad es que se trata del incremento de la demanda, \u00abno hay que destruir el para\u00edso\u00bb.<\/p>\n\n\n\n<p>Se\u00f1al\u00f3 que es un lugar donde muchos pol\u00edticos y l\u00edderes sindicales tienen casas, por lo que habr\u00eda que ver, dijo, si no hay detr\u00e1s influyentes.<\/p>\n","protected":false},"excerpt":{"rendered":"<p>EL SINODAL DE TAMAULIPAS Ciudad de M\u00e9xico.&#8211;\u00a0Ante el desordenado crecimiento que se ha dado en Tepoztl\u00e1n, Morelos, al que defini\u00f3 como un \u00absantuario, un para\u00edso\u00bb, el presidente Andr\u00e9s Manuel L\u00f3pez Obrador se pronunci\u00f3 porque exista un plan de desarrollo urbano que permita la protecci\u00f3n del lugar y evitar un desmesurado desarrollo de esa localidad. A [&hellip;]<\/p>\n","protected":false},"author":1,"featured_media":115120,"comment_status":"closed","ping_status":"closed","sticky":false,"template":"","format":"standard","meta":{"footnotes":""},"categories":[4],"tags":[],"class_list":["post-115119","post","type-post","status-publish","format-standard","has-post-thumbnail","hentry","category-nacional"],"_links":{"self":[{"href":"https:\/\/www.elsinodaldetamaulipas.com.mx\/index.php?rest_route=\/wp\/v2\/posts\/115119","targetHints":{"allow":["GET"]}}],"collection":[{"href":"https:\/\/www.elsinodaldetamaulipas.com.mx\/index.php?rest_route=\/wp\/v2\/posts"}],"about":[{"href":"https:\/\/www.elsinodaldetamaulipas.com.mx\/index.php?rest_route=\/wp\/v2\/types\/post"}],"author":[{"embeddable":true,"href":"https:\/\/www.elsinodaldetamaulipas.com.mx\/index.php?rest_route=\/wp\/v2\/users\/1"}],"replies":[{"embeddable":true,"href":"https:\/\/www.elsinodaldetamaulipas.com.mx\/index.php?rest_route=%2Fwp%2Fv2%2Fcomments&post=115119"}],"version-history":[{"count":1,"href":"https:\/\/www.elsinodaldetamaulipas.com.mx\/index.php?rest_route=\/wp\/v2\/posts\/115119\/revisions"}],"predecessor-version":[{"id":115121,"href":"https:\/\/www.elsinodaldetamaulipas.com.mx\/index.php?rest_route=\/wp\/v2\/posts\/115119\/revisions\/115121"}],"wp:featuredmedia":[{"embeddable":true,"href":"https:\/\/www.elsinodaldetamaulipas.com.mx\/index.php?rest_route=\/wp\/v2\/media\/115120"}],"wp:attachment":[{"href":"https:\/\/www.elsinodaldetamaulipas.com.mx\/index.php?rest_route=%2Fwp%2Fv2%2Fmedia&parent=115119"}],"wp:term":[{"taxonomy":"category","embeddable":true,"href":"https:\/\/www.elsinodaldetamaulipas.com.mx\/index.php?rest_route=%2Fwp%2Fv2%2Fcategories&post=115119"},{"taxonomy":"post_tag","embeddable":true,"href":"https:\/\/www.elsinodaldetamaulipas.com.mx\/index.php?rest_route=%2Fwp%2Fv2%2Ftags&post=115119"}],"curies":[{"name":"wp","href":"https:\/\/api.w.org\/{rel}","templated":true}]}}