{"id":120489,"date":"2022-11-06T18:55:14","date_gmt":"2022-11-06T18:55:14","guid":{"rendered":"http:\/\/www.elsinodaldetamaulipas.com.mx\/?p=120489"},"modified":"2022-11-06T18:55:21","modified_gmt":"2022-11-06T18:55:21","slug":"agenda-fronteriza-por-humberto-gutierrez-623","status":"publish","type":"post","link":"https:\/\/www.elsinodaldetamaulipas.com.mx\/?p=120489","title":{"rendered":"AGENDA FRONTERIZA\/ POR HUMBERTO GUTI\u00c9RREZ"},"content":{"rendered":"\n<p class=\"has-text-align-center\"><em><strong>UAT\/INEGI: VANGUARDIA EN AN\u00c1LISIS SOCIALES<\/strong><\/em><\/p>\n\n\n\n<ul class=\"wp-block-list\"><li><strong>Reynosa, se agrava la crisis social de transito<\/strong><\/li><li><strong>Nuevo Laredo y su impulso a los artesanos locales<\/strong><\/li><li><strong>Tamaulipas espera con AVA tiempos de recuperaci\u00f3n<\/strong><\/li><\/ul>\n\n\n\n<p>Nuevos vientos soplan en el estado y los municipios de Tamaulipas, tiempos de concordia, de respeto y de conciliaci\u00f3n.<\/p>\n\n\n\n<p>Y de transici\u00f3n.<\/p>\n\n\n\n<p>En espera de conocer el presupuesto de 2023, le informo que nos a ir bien en t\u00e9rminos generales, va a ver presupuesto de inversi\u00f3n social.<\/p>\n\n\n\n<p>Con AVA soplan nuevos vientos con capacidad de gesti\u00f3n.<\/p>\n\n\n\n<p>Ya pasaron 31 d\u00edas del mes de octubre y no se presagian nubarrones en ninguna parte de la geograf\u00eda tamaulipeca con el pasado reciente, cuando ya falta menos para que se publique el diagnostico interno de la recepci\u00f3n del gobierno de la transici\u00f3n.<\/p>\n\n\n\n<p>Es de suma importancia conocer por la nueva administraci\u00f3n el importe de la deuda acumulada a largo plazo, la de corto plazo motivada por el no pago a proveedores y contratistas de la obra p\u00fablica.<\/p>\n\n\n\n<p>Adem\u00e1s de los pagos adeudados por anteriores administraciones.<\/p>\n\n\n\n<p>Conocer adem\u00e1s del pago oportuno de impuestos de las retenciones a los trabajadores, de la aportaci\u00f3n al IPSSET, de los pagos de derechos a la CONAGUA, del fondo de pensiones.<\/p>\n\n\n\n<p>Ya falta menos para conocer de las obras tiradas o inconclusas, sobre mi mesa de redacci\u00f3n se encuentran 37 obras tiradas, y las que faltan y est\u00e1n pagadas en su totalidad con las actas de terminaci\u00f3n en orden, pero resulta que no est\u00e1n terminadas.<\/p>\n\n\n\n<p>Administrativamente estas completas, correctas y pagadas.<\/p>\n\n\n\n<p>Pero f\u00edsicamente no.<\/p>\n\n\n\n<p>Tiene trabajo la Contralor\u00eda y la Consejer\u00eda Jur\u00eddica.<\/p>\n\n\n\n<p>Suponiendo que la administraci\u00f3n panista dej\u00f3 un desastre administrativo, con informaci\u00f3n que hace falta, es bueno que conozca la sociedad contratos de arrendamiento de inmuebles, el importe y la fecha de vencimiento, as\u00ed como los contratos de prestaci\u00f3n de servicios que se prolongaron m\u00e1s all\u00e1 la administraci\u00f3n panista.<\/p>\n\n\n\n<p>Y si se acabaron los moches, de todos conocidos del 30% aumentando los precios, se supone que los precios nuevos, ya sin moche se van a ver reducidos en el mismo porcentaje.<\/p>\n\n\n\n<p>De que no recibieron las compensaciones que autoriz\u00f3 la administraci\u00f3n cabecista., no procede la reclamaci\u00f3n.<\/p>\n\n\n\n<p>La compensaci\u00f3n econ\u00f3mica de fin de mes se otorga a las personas que ponen un extra a su trabajo, la dedicaci\u00f3n, el esfuerzo extra, el FUA. Todav\u00eda no hay elementos que determinen que personas las merecen.<\/p>\n\n\n\n<p>No es obligaci\u00f3n del patr\u00f3n compensar lo que no ha recibido.<\/p>\n\n\n\n<p>Es muy cruel, pero cierta la apreciaci\u00f3n.<\/p>\n\n\n\n<p>Sobre todo, de que la nueva administraci\u00f3n encuentra aviadores, personas que cobraban sin tener antecedentes de que alguna vez fueron a trabajar y que no existen documentalmente antecedentes de que alguna vez lo dieron de alta en la n\u00f3mina.<\/p>\n\n\n\n<p>Hay antecedentes no comprobados de que algunas compensaciones no iban a parar a las cuentas de los trabajadores.<\/p>\n\n\n\n<p>Piensa mal y acertaras.<\/p>\n\n\n\n<p>En fin, hay mucho de que informar, que a la sociedad le interesa conocer.<\/p>\n\n\n\n<p>En otros temas mal que se ve el actuar de los tr\u00e1nsitos de Reynosa. De repente aparecieron las patrullas que junto con las gr\u00faas hacen su recorrido para sacar de circulaci\u00f3n a los veh\u00edculos que est\u00e1n estacionados de una forma legal, en zona autorizadas por el municipio o que han estado por mucho tiempo autorizas de hecho o por derecho.<\/p>\n\n\n\n<p>El caso sonado el fin de semana es el ocurrido en los espacios para estacionarse de los clientes del legendario restaurant S\u00e1nchez.<\/p>\n\n\n\n<p>Agentes de tr\u00e1nsito con gr\u00faas retiraron de la circulaci\u00f3n los autom\u00f3viles de los clientes del restaurant. En el caso de los clientes bien estacionados en los espacios de bater\u00eda se\u00f1alados.<\/p>\n\n\n\n<p>El caso es que los automovilistas, sin deberla fueron despojados de una falta o infracci\u00f3n que no cometieron. En todo caso el problema es para el negocio por no sacar permiso.<\/p>\n\n\n\n<p>Pero los clientes no deber\u00edan tener problema. En todo caso procede una infracci\u00f3n para el negocio.<\/p>\n\n\n\n<p>Lo lamentable es que parece que CARLOS PE\u00d1A ORTIZ no tiene inter\u00e9s en reparar el da\u00f1o que causa a la ciudadan\u00eda, debe de reprender p\u00fablicamente la forma de actuar de su director-<\/p>\n\n\n\n<p>Al final. Lo agentes hacen el trabajo que les indican.<\/p>\n\n\n\n<p>No parece interesado en reelegirse, los da\u00f1os colaterales se causan en la sociedad civil y las c\u00e1maras del comercio y servicios.<\/p>\n\n\n\n<p>Bueno, all\u00e1 \u00e9l.<\/p>\n\n\n\n<p>La noticia buena es proporcionada por la UAT.<\/p>\n\n\n\n<p>Ma\u00f1ana en punto de la once de la ma\u00f1ana la UAT en coordinaci\u00f3n con el INEGI en su espacio CATEDRA INEGI se presentar\u00e1 una ponencia que se refiere a un fen\u00f3meno social de los \u00faltimos tiempos: LA EVOLUCION DE LA CLASE MEDIA EN MEXICO en la modalidad de zomm.<\/p>\n\n\n\n<p>La noticia que saca el primero lugar de acuerdo a AGENDA FRONTERIZA es la que en Nuevo Laredo, impulsa la creatividad y el emprendimiento de los artesanos locales con la \u201cExpo Pymes Nuevo Laredo Artesanal\u201d, que se realiza por primera vez en la ciudad para promover sus productos y piezas hechas a mano.<\/p>\n\n\n\n<p>Ha vuelto la fe, la confianza y esperanza dijo la alcaldesa CARMEN LILIA CANTUROSAS que existe una sinergia de las acciones del gobierno municipal con el gobernador del estado AMERICO VILLARREAL destinado a promover los art\u00edculos hechos por artesanos tamaulipecos.<\/p>\n\n\n\n<p>En Nuevo Laredo existen un inventario de 180 talleres dedicados a realizar este tipo de artesan\u00edas de los cuales sus principales clientes son de Estados Unidos.<\/p>\n\n\n\n<p>Mi correo: <a href=\"mailto:humbertografico@yahoo.com.mx\">humbertografico@yahoo.com.mx<\/a><\/p>\n","protected":false},"excerpt":{"rendered":"<p>UAT\/INEGI: VANGUARDIA EN AN\u00c1LISIS SOCIALES Reynosa, se agrava la crisis social de transito Nuevo Laredo y su impulso a los artesanos locales Tamaulipas espera con AVA tiempos de recuperaci\u00f3n Nuevos vientos soplan en el estado y los municipios de Tamaulipas, tiempos de concordia, de respeto y de conciliaci\u00f3n. Y de transici\u00f3n. En espera de conocer [&hellip;]<\/p>\n","protected":false},"author":1,"featured_media":80453,"comment_status":"closed","ping_status":"closed","sticky":false,"template":"","format":"standard","meta":{"footnotes":""},"categories":[16],"tags":[],"class_list":["post-120489","post","type-post","status-publish","format-standard","has-post-thumbnail","hentry","category-opinion"],"_links":{"self":[{"href":"https:\/\/www.elsinodaldetamaulipas.com.mx\/index.php?rest_route=\/wp\/v2\/posts\/120489","targetHints":{"allow":["GET"]}}],"collection":[{"href":"https:\/\/www.elsinodaldetamaulipas.com.mx\/index.php?rest_route=\/wp\/v2\/posts"}],"about":[{"href":"https:\/\/www.elsinodaldetamaulipas.com.mx\/index.php?rest_route=\/wp\/v2\/types\/post"}],"author":[{"embeddable":true,"href":"https:\/\/www.elsinodaldetamaulipas.com.mx\/index.php?rest_route=\/wp\/v2\/users\/1"}],"replies":[{"embeddable":true,"href":"https:\/\/www.elsinodaldetamaulipas.com.mx\/index.php?rest_route=%2Fwp%2Fv2%2Fcomments&post=120489"}],"version-history":[{"count":1,"href":"https:\/\/www.elsinodaldetamaulipas.com.mx\/index.php?rest_route=\/wp\/v2\/posts\/120489\/revisions"}],"predecessor-version":[{"id":120490,"href":"https:\/\/www.elsinodaldetamaulipas.com.mx\/index.php?rest_route=\/wp\/v2\/posts\/120489\/revisions\/120490"}],"wp:featuredmedia":[{"embeddable":true,"href":"https:\/\/www.elsinodaldetamaulipas.com.mx\/index.php?rest_route=\/wp\/v2\/media\/80453"}],"wp:attachment":[{"href":"https:\/\/www.elsinodaldetamaulipas.com.mx\/index.php?rest_route=%2Fwp%2Fv2%2Fmedia&parent=120489"}],"wp:term":[{"taxonomy":"category","embeddable":true,"href":"https:\/\/www.elsinodaldetamaulipas.com.mx\/index.php?rest_route=%2Fwp%2Fv2%2Fcategories&post=120489"},{"taxonomy":"post_tag","embeddable":true,"href":"https:\/\/www.elsinodaldetamaulipas.com.mx\/index.php?rest_route=%2Fwp%2Fv2%2Ftags&post=120489"}],"curies":[{"name":"wp","href":"https:\/\/api.w.org\/{rel}","templated":true}]}}