{"id":126031,"date":"2022-12-19T18:53:16","date_gmt":"2022-12-19T18:53:16","guid":{"rendered":"http:\/\/www.elsinodaldetamaulipas.com.mx\/?p=126031"},"modified":"2022-12-19T18:53:18","modified_gmt":"2022-12-19T18:53:18","slug":"atendera-dif-reynosa-a-familias-de-la-colonia-margarita-maza-de-juarez","status":"publish","type":"post","link":"https:\/\/www.elsinodaldetamaulipas.com.mx\/?p=126031","title":{"rendered":"ATENDER\u00c1 DIF REYNOSA A FAMILIAS DE LA COLONIA MARGARITA MAZA DE JU\u00c1REZ"},"content":{"rendered":"\n<p><strong>EL SINODAL DE TAMAULIPAS<\/strong><\/p>\n\n\n<div class=\"wp-block-image\">\n<figure class=\"alignright size-full\"><img loading=\"lazy\" decoding=\"async\" width=\"640\" height=\"426\" src=\"https:\/\/www.elsinodaldetamaulipas.com.mx\/wp-content\/uploads\/2022\/12\/DIFx-I-5.jpeg\" alt=\"\" class=\"wp-image-126032\" srcset=\"https:\/\/www.elsinodaldetamaulipas.com.mx\/wp-content\/uploads\/2022\/12\/DIFx-I-5.jpeg 640w, https:\/\/www.elsinodaldetamaulipas.com.mx\/wp-content\/uploads\/2022\/12\/DIFx-I-5-300x200.jpeg 300w\" sizes=\"auto, (max-width: 640px) 100vw, 640px\" \/><\/figure><\/div>\n\n\n<p><em><strong>Reynosa, Tam.-<\/strong><\/em> El Sistema DIF Reynosa que encabeza Carlos Luis Pe\u00f1a Garza, llevar\u00e1 los programas y servicios a la colonia Margarita Maza de Ju\u00e1rez.<\/p>\n\n\n\n<p>Con el programa \u201cDIF en Tu Colonia\u201d, se atender\u00e1 a las familias con: despensas, consultas m\u00e9dicas y dentales, asesor\u00eda jur\u00eddica y psicol\u00f3gica, loter\u00eda de valores, m\u00f3dulos informativos de programas DIF, rifa de regalos, pinta caritas, corte de cabello, Comapa M\u00f3vil, atenci\u00f3n m\u00e9dica veterinaria, reportes y adopci\u00f3n animal.<\/p>\n\n\n\n<p>El evento se realizar\u00e1 este martes 20 de diciembre a partir de las 9:00 am, en la calle, Manuel Cavazos Lerma s\/n entre calle Benito Ju\u00e1rez y Pino Su\u00e1rez.<\/p>\n\n\n\n<p>Cada martes, el Sistema DIF Reynosa apoya a las familias por medio de los programas y servicios del organismo de asistencia social.<\/p>\n\n\n\n<figure class=\"wp-block-gallery has-nested-images columns-default is-cropped wp-block-gallery-1 is-layout-flex wp-block-gallery-is-layout-flex\">\n<figure class=\"wp-block-image size-large\"><img loading=\"lazy\" decoding=\"async\" width=\"427\" height=\"640\" data-id=\"126033\" src=\"https:\/\/www.elsinodaldetamaulipas.com.mx\/wp-content\/uploads\/2022\/12\/DIFx-II-3.jpeg\" alt=\"\" class=\"wp-image-126033\" srcset=\"https:\/\/www.elsinodaldetamaulipas.com.mx\/wp-content\/uploads\/2022\/12\/DIFx-II-3.jpeg 427w, https:\/\/www.elsinodaldetamaulipas.com.mx\/wp-content\/uploads\/2022\/12\/DIFx-II-3-200x300.jpeg 200w, https:\/\/www.elsinodaldetamaulipas.com.mx\/wp-content\/uploads\/2022\/12\/DIFx-II-3-400x600.jpeg 400w\" sizes=\"auto, (max-width: 427px) 100vw, 427px\" \/><\/figure>\n\n\n\n<figure class=\"wp-block-image size-large\"><img loading=\"lazy\" decoding=\"async\" width=\"427\" height=\"640\" data-id=\"126034\" src=\"https:\/\/www.elsinodaldetamaulipas.com.mx\/wp-content\/uploads\/2022\/12\/DIFx-III-3.jpeg\" alt=\"\" class=\"wp-image-126034\" srcset=\"https:\/\/www.elsinodaldetamaulipas.com.mx\/wp-content\/uploads\/2022\/12\/DIFx-III-3.jpeg 427w, https:\/\/www.elsinodaldetamaulipas.com.mx\/wp-content\/uploads\/2022\/12\/DIFx-III-3-200x300.jpeg 200w, https:\/\/www.elsinodaldetamaulipas.com.mx\/wp-content\/uploads\/2022\/12\/DIFx-III-3-400x600.jpeg 400w\" sizes=\"auto, (max-width: 427px) 100vw, 427px\" \/><\/figure>\n<\/figure>\n","protected":false},"excerpt":{"rendered":"<p>EL SINODAL DE TAMAULIPAS Reynosa, Tam.- El Sistema DIF Reynosa que encabeza Carlos Luis Pe\u00f1a Garza, llevar\u00e1 los programas y servicios a la colonia Margarita Maza de Ju\u00e1rez. Con el programa \u201cDIF en Tu Colonia\u201d, se atender\u00e1 a las familias con: despensas, consultas m\u00e9dicas y dentales, asesor\u00eda jur\u00eddica y psicol\u00f3gica, loter\u00eda de valores, m\u00f3dulos informativos [&hellip;]<\/p>\n","protected":false},"author":1,"featured_media":126035,"comment_status":"closed","ping_status":"closed","sticky":false,"template":"","format":"standard","meta":{"footnotes":""},"categories":[2],"tags":[],"class_list":["post-126031","post","type-post","status-publish","format-standard","has-post-thumbnail","hentry","category-reynosa"],"_links":{"self":[{"href":"https:\/\/www.elsinodaldetamaulipas.com.mx\/index.php?rest_route=\/wp\/v2\/posts\/126031","targetHints":{"allow":["GET"]}}],"collection":[{"href":"https:\/\/www.elsinodaldetamaulipas.com.mx\/index.php?rest_route=\/wp\/v2\/posts"}],"about":[{"href":"https:\/\/www.elsinodaldetamaulipas.com.mx\/index.php?rest_route=\/wp\/v2\/types\/post"}],"author":[{"embeddable":true,"href":"https:\/\/www.elsinodaldetamaulipas.com.mx\/index.php?rest_route=\/wp\/v2\/users\/1"}],"replies":[{"embeddable":true,"href":"https:\/\/www.elsinodaldetamaulipas.com.mx\/index.php?rest_route=%2Fwp%2Fv2%2Fcomments&post=126031"}],"version-history":[{"count":1,"href":"https:\/\/www.elsinodaldetamaulipas.com.mx\/index.php?rest_route=\/wp\/v2\/posts\/126031\/revisions"}],"predecessor-version":[{"id":126036,"href":"https:\/\/www.elsinodaldetamaulipas.com.mx\/index.php?rest_route=\/wp\/v2\/posts\/126031\/revisions\/126036"}],"wp:featuredmedia":[{"embeddable":true,"href":"https:\/\/www.elsinodaldetamaulipas.com.mx\/index.php?rest_route=\/wp\/v2\/media\/126035"}],"wp:attachment":[{"href":"https:\/\/www.elsinodaldetamaulipas.com.mx\/index.php?rest_route=%2Fwp%2Fv2%2Fmedia&parent=126031"}],"wp:term":[{"taxonomy":"category","embeddable":true,"href":"https:\/\/www.elsinodaldetamaulipas.com.mx\/index.php?rest_route=%2Fwp%2Fv2%2Fcategories&post=126031"},{"taxonomy":"post_tag","embeddable":true,"href":"https:\/\/www.elsinodaldetamaulipas.com.mx\/index.php?rest_route=%2Fwp%2Fv2%2Ftags&post=126031"}],"curies":[{"name":"wp","href":"https:\/\/api.w.org\/{rel}","templated":true}]}}