{"id":126037,"date":"2022-12-19T19:10:29","date_gmt":"2022-12-19T19:10:29","guid":{"rendered":"http:\/\/www.elsinodaldetamaulipas.com.mx\/?p=126037"},"modified":"2022-12-19T19:10:35","modified_gmt":"2022-12-19T19:10:35","slug":"fuerzas-armadas-fundamentales-para-la-nueva-estrategia-de-seguridad-en-tamaulipas-gobernador","status":"publish","type":"post","link":"https:\/\/www.elsinodaldetamaulipas.com.mx\/?p=126037","title":{"rendered":"FUERZAS ARMADAS FUNDAMENTALES PARA LA NUEVA ESTRATEGIA DE SEGURIDAD EN TAMAULIPAS: GOBERNADOR"},"content":{"rendered":"\n<p><strong><em>\u25cf Se conmemor\u00f3 primer aniversario de la 48\/a zona militar establecida en ciudad Victoria<\/em><\/strong><\/p>\n\n\n\n<p><strong>EL SINODAL DE TAMAULIPAS<\/strong><\/p>\n\n\n<div class=\"wp-block-image\">\n<figure class=\"alignright size-full\"><img loading=\"lazy\" decoding=\"async\" width=\"640\" height=\"427\" src=\"https:\/\/www.elsinodaldetamaulipas.com.mx\/wp-content\/uploads\/2022\/12\/AVAx-I-1.jpeg\" alt=\"\" class=\"wp-image-126038\" srcset=\"https:\/\/www.elsinodaldetamaulipas.com.mx\/wp-content\/uploads\/2022\/12\/AVAx-I-1.jpeg 640w, https:\/\/www.elsinodaldetamaulipas.com.mx\/wp-content\/uploads\/2022\/12\/AVAx-I-1-300x200.jpeg 300w\" sizes=\"auto, (max-width: 640px) 100vw, 640px\" \/><\/figure><\/div>\n\n\n<p><strong>Ciudad Victoria, Tamaulipas.-<\/strong> Las Fuerzas Armadas son un baluarte de la transformaci\u00f3n actual y fuente de esperanza y certidumbre del futuro, afirm\u00f3 el gobernador de Tamaulipas, Am\u00e9rico Villarreal Anaya, al reconocer su contribuci\u00f3n a las labores de la estrategia de seguridad en el Estado.<\/p>\n\n\n\n<p>Al asistir este lunes a la ceremonia c\u00edvica de honores a la bandera, en la explanada del Campo Militar del 77 Batall\u00f3n de Infanter\u00eda, donde se conmemor\u00f3 el primer aniversario de la 48\/a Zona Militar, se\u00f1al\u00f3 que desde el pasado 1 de octubre, las Fuerzas Armadas han asumido una participaci\u00f3n activa y de apoyo al desarrollo general de Tamaulipas, y en particular su respaldo a la nueva estrategia de seguridad, ha sido muy valioso.<\/p>\n\n\n\n<p>\u201cGracias a ustedes, a integrantes de la Guardia Nacional y de la nueva Guardia Estatal, avanzamos en el restablecimiento del orden, en el objetivo de devolver la confianza a la sociedad en las instituciones y en recuperar la tranquilidad\u201d, afirm\u00f3.<\/p>\n\n\n\n<p>Tras hacer menci\u00f3n de los antecedentes hist\u00f3ricos del Ej\u00e9rcito, que han hecho posible las grandes transformaciones y que tienen origen en un acto de lealtad a la Patria, que no debe de olvidarse, el gobernador Villarreal Anaya enfatiz\u00f3, \u201c hoy en la 4ta Transformaci\u00f3n pugnamos porque recupere su esp\u00edritu original\u201d.<\/p>\n\n\n\n<p>Ante la presencia del general brigadier DEM Fernando Lima Cuauhxochilt, jefe de estado mayor de la 48\/a Zona Militar, quien presidi\u00f3 la ceremonia del primer aniversario, la cual pas\u00f3 revista de entrada el primero de diciembre de 2021, tambi\u00e9n destac\u00f3 la labor del Ej\u00e9rcito en obras sociales y apoyo comunitario como las sedes del Banco del Bienestar, que son claves para la dispersi\u00f3n de recursos de los programas sociales del presidente.<\/p>\n\n\n\n<p>Asimismo, se refiri\u00f3 a la garant\u00eda de su auxilio en contingencias ambientales, a trav\u00e9s del Plan DN-III, su papel en el resguardo y control de aeropuertos y puertos, con su presencia en territorio que sirve como disuasi\u00f3n de conductas delictivas y el resguardo de la poblaci\u00f3n ante la violencia de la delincuencia.<\/p>\n\n\n\n<p>\u201cNos queda claro que el Ej\u00e9rcito ha sido siempre una de las instituciones m\u00e1s queridas y mejor valoradas por la sociedad. Ese aprecio lo han acrecentado a lo largo de la 4ta Transformaci\u00f3n\u201d refiri\u00f3.<\/p>\n\n\n\n<p>\u201cTal y como lo dice el presidente Andr\u00e9s Manuel L\u00f3pez Obrador, es el pueblo uniformado y sin su participaci\u00f3n y respaldo, la transformaci\u00f3n nunca ser\u00eda lo exitosa que es, en t\u00e9rminos de lo conseguido hasta ahora en seguridad, bienestar y justicia social\u201d afirm\u00f3.<\/p>\n\n\n\n<p>Villarreal Anaya asegur\u00f3 que las Fuerzas Armadas recibir\u00e1n siempre del gobierno de Tamaulipas a su cargo, la reciprocidad de un trato, a la altura de su compromiso, valores y entrega.<\/p>\n\n\n\n<p>Al hacer uso de la palabra, el general brigadier DEM Fernando Lima, se\u00f1al\u00f3 que la 48\/a zona militar est\u00e1 integrada por el 15 y el 77 Batall\u00f3n de Infanter\u00eda, cuya finalidad es atender la problem\u00e1tica social y la incidencia delictiva, como parte de las actividades del Plan Nacional de Paz y Seguridad adem\u00e1s de sus contribuciones para la Mesa de Seguridad y Paz de Tamaulipas.<\/p>\n\n\n\n<p>\u201cReiteramos nuestra lealtad y compromiso por seguir trabajando para garantizar la paz y la seguridad de la poblaci\u00f3n del estado de Tamaulipas y con esta ceremonia, el personal que conforma la 48\/a Zona Militar, expresa al pueblo de Tamaulipas y a sus autoridades, el compromiso y vocaci\u00f3n de servicio a la Patria, en beneficio de la gran naci\u00f3n llamada M\u00e9xico\u201d.<\/p>\n\n\n\n<p>En el presidium estuvieron, Eduardo Abraham Gatt\u00e1s Baez, alcalde de Victoria; coronel de infanter\u00eda DEM Rodolfo Dizan Gayt\u00e1n Cortez, comandante del 77 Batall\u00f3n de Infanter\u00eda; Luis Lauro Reyes Rodr\u00edguez, delegado de los Programas Federales para el desarrollo de Tamaulipas; H\u00e9ctor Joel Villegas Gonz\u00e1lez, secretario general de Gobierno; inspector general Germ\u00e1n \u00c1ngeles G\u00f3mez, coordinador policial de la Coordinaci\u00f3n Estatal de Tamaulipas y Sergio Hernando Ch\u00e1vez Garc\u00eda secretario de Seguridad P\u00fablica.<\/p>\n\n\n\n<p>Tambi\u00e9n se cont\u00f3 con la presencia de Marco Antonio P\u00e9rez Tovar, fiscal en jefe de la Fiscal\u00eda General de la Rep\u00fablica; Irving Barrios, Fiscal General de Justicia de Tamaulipas; Joel Vela Robles, asesor de seguridad del gobierno; Giovani S\u00e1nchez L\u00f3pez secretario t\u00e9cnico estatal de la Secretaria de Seguridad y Protecci\u00f3n Ciudadana; Eddie Robles Carrasco, subjefe de Estaci\u00f3n del Centro Nacional de Inteligencia y Luis Gerardo Gonz\u00e1lez de la Fuente, delegado de Protecci\u00f3n Civil en el estado de Tamaulipas.<\/p>\n\n\n\n<figure class=\"wp-block-gallery has-nested-images columns-default is-cropped wp-block-gallery-1 is-layout-flex wp-block-gallery-is-layout-flex\">\n<figure class=\"wp-block-image size-large\"><img loading=\"lazy\" decoding=\"async\" width=\"640\" height=\"427\" data-id=\"126039\" src=\"https:\/\/www.elsinodaldetamaulipas.com.mx\/wp-content\/uploads\/2022\/12\/AVAx-II-1.jpeg\" alt=\"\" class=\"wp-image-126039\" srcset=\"https:\/\/www.elsinodaldetamaulipas.com.mx\/wp-content\/uploads\/2022\/12\/AVAx-II-1.jpeg 640w, https:\/\/www.elsinodaldetamaulipas.com.mx\/wp-content\/uploads\/2022\/12\/AVAx-II-1-300x200.jpeg 300w\" sizes=\"auto, (max-width: 640px) 100vw, 640px\" \/><\/figure>\n\n\n\n<figure class=\"wp-block-image size-large\"><img loading=\"lazy\" decoding=\"async\" width=\"1024\" height=\"683\" data-id=\"126044\" src=\"https:\/\/www.elsinodaldetamaulipas.com.mx\/wp-content\/uploads\/2022\/12\/AVAx-IIIIIII-1024x683.jpeg\" alt=\"\" class=\"wp-image-126044\" srcset=\"https:\/\/www.elsinodaldetamaulipas.com.mx\/wp-content\/uploads\/2022\/12\/AVAx-IIIIIII-1024x683.jpeg 1024w, https:\/\/www.elsinodaldetamaulipas.com.mx\/wp-content\/uploads\/2022\/12\/AVAx-IIIIIII-300x200.jpeg 300w, https:\/\/www.elsinodaldetamaulipas.com.mx\/wp-content\/uploads\/2022\/12\/AVAx-IIIIIII-768x512.jpeg 768w, https:\/\/www.elsinodaldetamaulipas.com.mx\/wp-content\/uploads\/2022\/12\/AVAx-IIIIIII.jpeg 1254w\" sizes=\"auto, (max-width: 1024px) 100vw, 1024px\" \/><\/figure>\n\n\n\n<figure class=\"wp-block-image size-large\"><img loading=\"lazy\" decoding=\"async\" width=\"640\" height=\"427\" data-id=\"126043\" src=\"https:\/\/www.elsinodaldetamaulipas.com.mx\/wp-content\/uploads\/2022\/12\/AVAx-IIIIII.jpeg\" alt=\"\" class=\"wp-image-126043\" srcset=\"https:\/\/www.elsinodaldetamaulipas.com.mx\/wp-content\/uploads\/2022\/12\/AVAx-IIIIII.jpeg 640w, https:\/\/www.elsinodaldetamaulipas.com.mx\/wp-content\/uploads\/2022\/12\/AVAx-IIIIII-300x200.jpeg 300w\" sizes=\"auto, (max-width: 640px) 100vw, 640px\" \/><\/figure>\n\n\n\n<figure class=\"wp-block-image size-large\"><img loading=\"lazy\" decoding=\"async\" width=\"640\" height=\"427\" data-id=\"126042\" src=\"https:\/\/www.elsinodaldetamaulipas.com.mx\/wp-content\/uploads\/2022\/12\/AVAx-IIIII.jpeg\" alt=\"\" class=\"wp-image-126042\" srcset=\"https:\/\/www.elsinodaldetamaulipas.com.mx\/wp-content\/uploads\/2022\/12\/AVAx-IIIII.jpeg 640w, https:\/\/www.elsinodaldetamaulipas.com.mx\/wp-content\/uploads\/2022\/12\/AVAx-IIIII-300x200.jpeg 300w\" sizes=\"auto, (max-width: 640px) 100vw, 640px\" \/><\/figure>\n\n\n\n<figure class=\"wp-block-image size-large\"><img loading=\"lazy\" decoding=\"async\" width=\"640\" height=\"427\" data-id=\"126041\" src=\"https:\/\/www.elsinodaldetamaulipas.com.mx\/wp-content\/uploads\/2022\/12\/AVAx-IIII.jpeg\" alt=\"\" class=\"wp-image-126041\" srcset=\"https:\/\/www.elsinodaldetamaulipas.com.mx\/wp-content\/uploads\/2022\/12\/AVAx-IIII.jpeg 640w, https:\/\/www.elsinodaldetamaulipas.com.mx\/wp-content\/uploads\/2022\/12\/AVAx-IIII-300x200.jpeg 300w\" sizes=\"auto, (max-width: 640px) 100vw, 640px\" \/><\/figure>\n\n\n\n<figure class=\"wp-block-image size-large\"><img loading=\"lazy\" decoding=\"async\" width=\"640\" height=\"427\" data-id=\"126040\" src=\"https:\/\/www.elsinodaldetamaulipas.com.mx\/wp-content\/uploads\/2022\/12\/AVAx-III.jpeg\" alt=\"\" class=\"wp-image-126040\" srcset=\"https:\/\/www.elsinodaldetamaulipas.com.mx\/wp-content\/uploads\/2022\/12\/AVAx-III.jpeg 640w, https:\/\/www.elsinodaldetamaulipas.com.mx\/wp-content\/uploads\/2022\/12\/AVAx-III-300x200.jpeg 300w\" sizes=\"auto, (max-width: 640px) 100vw, 640px\" \/><\/figure>\n<\/figure>\n","protected":false},"excerpt":{"rendered":"<p>\u25cf Se conmemor\u00f3 primer aniversario de la 48\/a zona militar establecida en ciudad Victoria EL SINODAL DE TAMAULIPAS Ciudad Victoria, Tamaulipas.- Las Fuerzas Armadas son un baluarte de la transformaci\u00f3n actual y fuente de esperanza y certidumbre del futuro, afirm\u00f3 el gobernador de Tamaulipas, Am\u00e9rico Villarreal Anaya, al reconocer su contribuci\u00f3n a las labores de [&hellip;]<\/p>\n","protected":false},"author":1,"featured_media":126045,"comment_status":"closed","ping_status":"closed","sticky":false,"template":"","format":"standard","meta":{"footnotes":""},"categories":[13,1,3],"tags":[],"class_list":["post-126037","post","type-post","status-publish","format-standard","has-post-thumbnail","hentry","category-gobierno","category-portada","category-tamaulipas"],"_links":{"self":[{"href":"https:\/\/www.elsinodaldetamaulipas.com.mx\/index.php?rest_route=\/wp\/v2\/posts\/126037","targetHints":{"allow":["GET"]}}],"collection":[{"href":"https:\/\/www.elsinodaldetamaulipas.com.mx\/index.php?rest_route=\/wp\/v2\/posts"}],"about":[{"href":"https:\/\/www.elsinodaldetamaulipas.com.mx\/index.php?rest_route=\/wp\/v2\/types\/post"}],"author":[{"embeddable":true,"href":"https:\/\/www.elsinodaldetamaulipas.com.mx\/index.php?rest_route=\/wp\/v2\/users\/1"}],"replies":[{"embeddable":true,"href":"https:\/\/www.elsinodaldetamaulipas.com.mx\/index.php?rest_route=%2Fwp%2Fv2%2Fcomments&post=126037"}],"version-history":[{"count":1,"href":"https:\/\/www.elsinodaldetamaulipas.com.mx\/index.php?rest_route=\/wp\/v2\/posts\/126037\/revisions"}],"predecessor-version":[{"id":126046,"href":"https:\/\/www.elsinodaldetamaulipas.com.mx\/index.php?rest_route=\/wp\/v2\/posts\/126037\/revisions\/126046"}],"wp:featuredmedia":[{"embeddable":true,"href":"https:\/\/www.elsinodaldetamaulipas.com.mx\/index.php?rest_route=\/wp\/v2\/media\/126045"}],"wp:attachment":[{"href":"https:\/\/www.elsinodaldetamaulipas.com.mx\/index.php?rest_route=%2Fwp%2Fv2%2Fmedia&parent=126037"}],"wp:term":[{"taxonomy":"category","embeddable":true,"href":"https:\/\/www.elsinodaldetamaulipas.com.mx\/index.php?rest_route=%2Fwp%2Fv2%2Fcategories&post=126037"},{"taxonomy":"post_tag","embeddable":true,"href":"https:\/\/www.elsinodaldetamaulipas.com.mx\/index.php?rest_route=%2Fwp%2Fv2%2Ftags&post=126037"}],"curies":[{"name":"wp","href":"https:\/\/api.w.org\/{rel}","templated":true}]}}