{"id":126432,"date":"2022-12-22T07:05:35","date_gmt":"2022-12-22T07:05:35","guid":{"rendered":"http:\/\/www.elsinodaldetamaulipas.com.mx\/?p=126432"},"modified":"2022-12-22T07:05:38","modified_gmt":"2022-12-22T07:05:38","slug":"teclazos-por-guadalupe-e-gonzalez-531","status":"publish","type":"post","link":"https:\/\/www.elsinodaldetamaulipas.com.mx\/?p=126432","title":{"rendered":"TECLAZOS\/ Por Guadalupe E. Gonz\u00e1lez"},"content":{"rendered":"\n<ul class=\"wp-block-list\">\n<li><strong><em>MI COMPROMISO, DEFENDER A LAS FAMILIAS TAMAULIPECAS: IMELDA<\/em><\/strong><\/li>\n\n\n\n<li><strong><em>IMELDA SANMIGUEL, CANDIDATA A SENADORA POR PAN, PRI Y PRD<\/em><\/strong><\/li>\n<\/ul>\n\n\n\n<p>TRAS ser ungida como Candidata a Senadora por la Coalici\u00f3n PAN, PRI y PRD, la Neolaredense Imelda San Miguel, se manifest\u00f3 \u201ccomprometida a defender a las familias tamaulipecas\u201d y adem\u00e1s \u201ccrear mejores condiciones de vida para las mujeres y los hombres\u201d de esta entidad y en un marco de conciencia, dijo, instrumentar las m\u00e1s apremiantes estrategias, para \u201cconsolidar el arribo de m\u00e1s inversiones y m\u00e1s empleos\u201d, para que haya trabajo y as\u00ed los jefes de hogar, las amas de casa, los j\u00f3venes y adolescentes, \u201ccuenten con los espacios necesarios\u201d para unidos al pueblo, luchar por un mejor Tamaulipas.<\/p>\n\n\n\n<p>LA TAMBI\u00c9N Diputada Local \u201ccon licencia\u201d Imelda San Miguel, visiblemente emocionada, por esta nueva oportunidad que le ha brindado su partido, (Acci\u00f3n Nacional) para servirle a las familias tamaulipecas, expres\u00f3 que, \u201ccuando hay los reales deseos de prosperidad\u201d, es cuando se alcanzan y se consolidan los mejores objetivos de trabajo y servicio y por ello, remarc\u00f3, \u201cser una mujer comprometida\u201d, aludiendo que, si el apoyo ciudadano la favorece, desde \u201cesa nueva trinchera, luchar\u00e1\u201d, para defender las mejores causas y hacer llegar a Tamaulipas, lo que el estado bien merece.<\/p>\n\n\n\n<p>IMELDA SANMIGUEL, es una joven diputada que, se ha distinguido en su quehacer legislativo, porque siendo la presidente de la Mesa Directiva del Congreso de Tamaulipas, a base de tenacidad y perseverancia, \u201cha sabido defender a cabalidad las alternativas de bienestar social\u201d, para que, todos los proyectos que redunden en favor de las familias tamaulipecas, \u201cno se queden a medio camino\u201d y por ello, sostuvo que, su objetivo, ser\u00eda pugnar desde el Senado por \u201clos mejores retos\u201d, para que \u201cel barco tamaulipeco, avance hacia horizontes de clara prosperidad y desarrollo social.<\/p>\n\n\n\n<p>LA DIRIGENCIA del Partido Acci\u00f3n Nacional a cuyo frente est\u00e1 el l\u00edder Marco Cortes, junto a las c\u00fapulas nacionales del Partido Revolucionario Institucional y el de la Revoluci\u00f3n Democr\u00e1tica, acordaron por unanimidad, designar a la diputada Local Imelda Sanmiguel, como la abanderada de la citada Coalici\u00f3n para que, el pr\u00f3ximo 19 de febrero del 2023, vaya en pos de un triunfo seguro y arrollador, porque aducen que, \u201cTamaulipas, es un estado que, debe ser conducido hacia mejores senderos\u201d.<\/p>\n\n\n\n<p>POR ELLO, la virtual abanderada a Senadora por el PAN, PRI y PRD Imelda San&nbsp; Miguel, ha sido precisa y enf\u00e1tica al soslayar que, \u201clos resultados de trabajo\u201d que logremos, vayan hacia los indicadores de crecimiento y desarrollo y por ello, la panista, asegur\u00f3, \u201ccontar con las mejores herramientas\u201d para todos los proyectos que se instrumenten y se planteen all\u00e1 donde dicen que, \u201cLa patria es Primero\u201d, se hagan realidad y estos lleven al estado de Tamaulipas, a contar con m\u00e1s inversiones nacionales y extranjeras as\u00ed como igual, fomentar los empleos y entre otras cosas de enorme valor apoyar \u201cla Industria sin chimeneas\u201d, porque el turismo, \u201ces un gran generador de trabajo y captaci\u00f3n de divisas\u201d, remarc\u00f3 la joven legisladora Neolaredense.<\/p>\n\n\n\n<p>HAY QUE hacer hincapi\u00e9 para se\u00f1alar que, Imelda Sanmiguel, en su cuenta personal de redes sociales, hizo patente su agradecimiento al Partido Acci\u00f3n Nacional, as\u00ed como a sus dirigentes, militantes y simpatizantes, expresando tambi\u00e9n en su postura de j\u00fabilo, el apoyo que ha venido recibiendo de amigas y amigos de todo el estado y muy especialmente, agradeciendo igual el respaldo que le ha sido tributado por los integrantes de la Comisi\u00f3n Permanente en Tamaulipas, lo que dijo \u201cme han otorgado su confianza, al designarme para contender por el Senado de la Rep\u00fablica.<\/p>\n\n\n\n<p>ARGUMENTANDO que, \u201cCon determinaci\u00f3n y valor y los principios fundamentales del PAN, lo vamos a lograr\u201d, afirmando a la vez la aspirante panista a Senadora Imelda Sanmiguel que, \u201cluchar para servir es y, ha sido siempre la meta que me he trazado en mi vida\u201d, frente al \u00e1mbito pol\u00edtico en el que me he desenvuelto con \u00e9xito, gracias a la oportunidad que, me han dado las familias de mi querido pueblo, Nuevo Laredo y por eso hoy, estar\u00e9 m\u00e1s firme que nunca en \u201cdar la batalla\u201d, para \u201cproyectar ganarme la confianza ciudadana de las familias tamaulipecas\u201d y por esta raz\u00f3n, reiter\u00f3 que su objetivo \u201ces ser una mujer comprometida con Tamaulipas\u201d.<\/p>\n\n\n\n<p>IMELDA SAN MIGUEL, recibi\u00f3 la constancia que la acredita como la pre candidata a Senadora por el PAN, PRI y PRD, cuyo documento oficial, le fue entregado por Luis Cant\u00fa Galv\u00e1n y por ello, la joven panista, sostuvo que, \u201ccuando se quiere, se puede\u201d y m\u00e1s cuando el pueblo nos conoce y sabe que, \u201chemos trabajado con honorabilidad, respeto e inter\u00e9s para el beneficio ciudadano, como lo hemos hecho y demostrado desde la principal Tribuna del Congreso de Tamaulipas y si la sociedad, \u201cnos da su respaldo\u201d el pr\u00f3ximo 19 de febrero del 2023, tengan la certeza que, \u201credoblaremos el trabajo legislativo\u201d, y ahora lo har\u00edamos con mayor tenacidad, pero desde el Senado de la Rep\u00fablica, finaliz\u00f3.<\/p>\n\n\n\n<p>Por hoy es todo y hasta ma\u00f1ana.<\/p>\n\n\n\n<p>Para sugerencias y puntos de vista en general al email:<\/p>\n\n\n\n<p>lupeernesto@yahoo.com.m<\/p>\n","protected":false},"excerpt":{"rendered":"<p>TRAS ser ungida como Candidata a Senadora por la Coalici\u00f3n PAN, PRI y PRD, la Neolaredense Imelda San Miguel, se manifest\u00f3 \u201ccomprometida a defender a las familias tamaulipecas\u201d y adem\u00e1s \u201ccrear mejores condiciones de vida para las mujeres y los hombres\u201d de esta entidad y en un marco de conciencia, dijo, instrumentar las m\u00e1s apremiantes [&hellip;]<\/p>\n","protected":false},"author":1,"featured_media":99368,"comment_status":"closed","ping_status":"closed","sticky":false,"template":"","format":"standard","meta":{"footnotes":""},"categories":[16],"tags":[],"class_list":["post-126432","post","type-post","status-publish","format-standard","has-post-thumbnail","hentry","category-opinion"],"_links":{"self":[{"href":"https:\/\/www.elsinodaldetamaulipas.com.mx\/index.php?rest_route=\/wp\/v2\/posts\/126432","targetHints":{"allow":["GET"]}}],"collection":[{"href":"https:\/\/www.elsinodaldetamaulipas.com.mx\/index.php?rest_route=\/wp\/v2\/posts"}],"about":[{"href":"https:\/\/www.elsinodaldetamaulipas.com.mx\/index.php?rest_route=\/wp\/v2\/types\/post"}],"author":[{"embeddable":true,"href":"https:\/\/www.elsinodaldetamaulipas.com.mx\/index.php?rest_route=\/wp\/v2\/users\/1"}],"replies":[{"embeddable":true,"href":"https:\/\/www.elsinodaldetamaulipas.com.mx\/index.php?rest_route=%2Fwp%2Fv2%2Fcomments&post=126432"}],"version-history":[{"count":1,"href":"https:\/\/www.elsinodaldetamaulipas.com.mx\/index.php?rest_route=\/wp\/v2\/posts\/126432\/revisions"}],"predecessor-version":[{"id":126433,"href":"https:\/\/www.elsinodaldetamaulipas.com.mx\/index.php?rest_route=\/wp\/v2\/posts\/126432\/revisions\/126433"}],"wp:featuredmedia":[{"embeddable":true,"href":"https:\/\/www.elsinodaldetamaulipas.com.mx\/index.php?rest_route=\/wp\/v2\/media\/99368"}],"wp:attachment":[{"href":"https:\/\/www.elsinodaldetamaulipas.com.mx\/index.php?rest_route=%2Fwp%2Fv2%2Fmedia&parent=126432"}],"wp:term":[{"taxonomy":"category","embeddable":true,"href":"https:\/\/www.elsinodaldetamaulipas.com.mx\/index.php?rest_route=%2Fwp%2Fv2%2Fcategories&post=126432"},{"taxonomy":"post_tag","embeddable":true,"href":"https:\/\/www.elsinodaldetamaulipas.com.mx\/index.php?rest_route=%2Fwp%2Fv2%2Ftags&post=126432"}],"curies":[{"name":"wp","href":"https:\/\/api.w.org\/{rel}","templated":true}]}}