{"id":127020,"date":"2022-12-28T16:39:12","date_gmt":"2022-12-28T16:39:12","guid":{"rendered":"http:\/\/www.elsinodaldetamaulipas.com.mx\/?p=127020"},"modified":"2022-12-28T16:39:18","modified_gmt":"2022-12-28T16:39:18","slug":"corte-suprema-de-eu-decide-ampliar-vigencia-del-titulo-42","status":"publish","type":"post","link":"https:\/\/www.elsinodaldetamaulipas.com.mx\/?p=127020","title":{"rendered":"CORTE SUPREMA DE EU DECIDE AMPLIAR VIGENCIA DEL T\u00cdTULO 42"},"content":{"rendered":"\n<p><strong>EL SINODAL DE TAMAULIPAS<\/strong><\/p>\n\n\n\n<p><strong><em>Washington.<\/em>&#8211;<\/strong>\u00a0La Corte Suprema de Estados Unidos dictamin\u00f3 ayer que mantendr\u00e1 vigente, de manera indefinida, el T\u00edtulo 42, una norma sanitaria impuesta en 2020 por el gobierno del entonces presidente Donald Trump que, con la intenci\u00f3n de evitar la propagaci\u00f3n del coronavirus, permit\u00eda expulsar a migrantes tan pronto llegaban a territorio estadunidense, sin darles oportunidad de pedir asilo o hacer tr\u00e1mites para su estancia legal.<\/p>\n\n\n\n<p>En su fallo, la Corte extendi\u00f3 la medida que aprob\u00f3 la semana pasada el presidente del tribunal, John Roberts, cuando 19 gobiernos conservadores de estados del sur del pa\u00eds le pidieron mantener vigente el T\u00edtulo 42.<\/p>\n\n\n\n<p>La Corte inform\u00f3 que el caso se someter\u00e1 a discusi\u00f3n en febrero y la suspensi\u00f3n se mantendr\u00e1 hasta que los jueces tomen una nueva determinaci\u00f3n. La votaci\u00f3n en el tribunal fue de cinco votos a favor y cuatro en contra. Los 19 estados republicanos alegaron que se ver\u00edan desbordados por la llegada de migrantes si se levantaba la norma y se abr\u00eda la frontera.<\/p>\n\n\n\n<p>El presidente Joe Biden recalc\u00f3 que su gobierno acatar\u00e1 el fallo y destac\u00f3: \u201cel tribunal no va a decidir hasta junio, aparentemente, y mientras tanto tenemos que aplicar la ley, pero yo creo que ya es obsoleta\u201d.<\/p>\n\n\n\n<p>En respuesta, la Casa Blanca pidi\u00f3 al Congreso una reforma \u201cintegral\u201d en pol\u00edtica migratoria \u201ca fin de reparar nuestro deficiente sistema\u201d.<\/p>\n\n\n\n<p>A su vez, el Departamento de Estado estadunidense exhort\u00f3 a los migrantes a \u201cno escuchar las mentiras de los contrabandistas\u201d que les dicen que la frontera est\u00e1 abierta, y se aprovechan de la \u201cvulnerabilidad\u201d de estas personas, cuyas vidas los traficantes \u201cponen en riesgo. La frontera no est\u00e1 abierta, seguiremos aplicando \u00edntegramente nuestras leyes de inmigraci\u00f3n\u201d, enfatiz\u00f3 en un comunicado.<\/p>\n\n\n\n<p>La decisi\u00f3n de la Corte se produce en un momento en el que miles de migrantes se han congregado en el lado mexicano de la frontera, llenando los albergues, mientras activistas se esmeran por atenderlos.<\/p>\n\n\n\n<p>En acato al T\u00edtulo 42, Estados Unidos expuls\u00f3 a solicitantes de asilo que estaban dentro del pa\u00eds en 2.5 millones de ocasiones en los \u00faltimos dos a\u00f1os con el argumento de evitar la propagaci\u00f3n del covid-19.<\/p>\n\n\n\n<p>Defensores de los migrantes interpusieron una demanda contra dicha pol\u00edtica, y se\u00f1alaron que la expulsi\u00f3n inmediata de personas en la frontera contraviene las leyes internacionales que reconocen como un derecho humano de toda persona que huye de la persecuci\u00f3n, la pobreza y la violencia, el solicitar asilo en cualquier pa\u00eds; derecho que tambi\u00e9n se garantiza en las leyes estadunidenses.<\/p>\n\n\n\n<p>El gobierno de Biden, al igual que las organizaciones pro migrantes, argumentaron que el T\u00edtulo 42 es una ley obsoleta que se aplic\u00f3 de manera provisional como una medida para frenar la propagaci\u00f3n del coronavirus.<\/p>\n\n\n\n<p>Los Centros para el Control y Prevenci\u00f3n de Enfermedades determinaron que la medida ya no es necesaria, por lo que un tribunal menor orden\u00f3, en noviembre, que el Titulo 42 se suspendiera el 21 de diciembre, pero antes de esa fecha los gobiernos republicanos solicitaron la pr\u00f3rroga a la Suprema Corte.<\/p>\n\n\n\n<p>El gobierno de Biden, a cambio, pidi\u00f3 al tribunal que la medida se mantuviera solo hasta despu\u00e9s de Navidad, lo que de hecho ocurri\u00f3.<\/p>\n\n\n\n<p>\u201cEstamos profundamente decepcionados por todos los solicitantes de asilo desesperados que seguir\u00e1n sufriendo a causa del T\u00edtulo 42, pero seguiremos luchando para poner fin a esta pol\u00edtica\u201d, declar\u00f3 Lee Gelernt, abogado de la Uni\u00f3n Estadunidense por las Libertades Civiles.<\/p>\n\n\n\n<p>El gobierno federal pidi\u00f3 a la Corte Suprema rechazar la postura de los estados, aunque reconoci\u00f3 que poner fin a las restricciones de forma abrupta probablemente provocar\u00eda \u201ctrastornos y un aumento temporal de los cruces&nbsp;<em>ilegales<\/em>&nbsp;de la frontera\u201d. En un comunicado, la Casa Blanca dijo que obedecer\u00e1 el fallo de m\u00e1ximo tribunal, y se preparar\u00e1 para cuando la norma se suspenda el pr\u00f3ximo a\u00f1o. \u201cContinuaremos expandiendo las v\u00edas legales para la migraci\u00f3n, porque el T\u00edtulo 42 es una medida sanitaria, no una ley migratoria que deba imponerse indefinidamente. Debemos reparar nuestro deteriorado sistema de migraci\u00f3n y necesitamos que el Congreso adopte reformas razonables como las que propuso el presidente desde su primer d\u00eda en el cargo\u201d, indic\u00f3 el comunicado.<\/p>\n\n\n\n<p>Agreg\u00f3 que el fallo de ayer \u201cda tiempo suficiente para que los republicanos dejen de hacer acusaciones pol\u00edticas y se unan a sus colegas dem\u00f3cratas en el reto de solucionar la situaci\u00f3n en la frontera, y de aprobar la asignaci\u00f3n de fondos adicionales para este fin, tal y como lo solicit\u00f3 el presidente Biden.<\/p>\n\n\n\n<p>Enrique Lucero, director de atenci\u00f3n a migrantes en Tijuana, refiri\u00f3 que mantener el T\u00edtulo 42 \u201cno tiene sentido\u201d, y se\u00f1al\u00f3 que la ciudad acumula una gran cantidad de solicitantes de asilo estadunidense. \u201cEsa medida tiene que desaparecer tarde o temprano\u201d, afirm\u00f3 Lucero.<\/p>\n\n\n\n<p>La Secretar\u00eda de Relaciones Exteriores de M\u00e9xico (SRE) dijo a Reuters que por el momento no ten\u00eda comentarios sobre la decisi\u00f3n del tribunal estadunidense.<\/p>\n","protected":false},"excerpt":{"rendered":"<p>EL SINODAL DE TAMAULIPAS Washington.&#8211;\u00a0La Corte Suprema de Estados Unidos dictamin\u00f3 ayer que mantendr\u00e1 vigente, de manera indefinida, el T\u00edtulo 42, una norma sanitaria impuesta en 2020 por el gobierno del entonces presidente Donald Trump que, con la intenci\u00f3n de evitar la propagaci\u00f3n del coronavirus, permit\u00eda expulsar a migrantes tan pronto llegaban a territorio estadunidense, [&hellip;]<\/p>\n","protected":false},"author":1,"featured_media":127021,"comment_status":"closed","ping_status":"closed","sticky":false,"template":"","format":"standard","meta":{"footnotes":""},"categories":[14],"tags":[],"class_list":["post-127020","post","type-post","status-publish","format-standard","has-post-thumbnail","hentry","category-internacional"],"_links":{"self":[{"href":"https:\/\/www.elsinodaldetamaulipas.com.mx\/index.php?rest_route=\/wp\/v2\/posts\/127020","targetHints":{"allow":["GET"]}}],"collection":[{"href":"https:\/\/www.elsinodaldetamaulipas.com.mx\/index.php?rest_route=\/wp\/v2\/posts"}],"about":[{"href":"https:\/\/www.elsinodaldetamaulipas.com.mx\/index.php?rest_route=\/wp\/v2\/types\/post"}],"author":[{"embeddable":true,"href":"https:\/\/www.elsinodaldetamaulipas.com.mx\/index.php?rest_route=\/wp\/v2\/users\/1"}],"replies":[{"embeddable":true,"href":"https:\/\/www.elsinodaldetamaulipas.com.mx\/index.php?rest_route=%2Fwp%2Fv2%2Fcomments&post=127020"}],"version-history":[{"count":1,"href":"https:\/\/www.elsinodaldetamaulipas.com.mx\/index.php?rest_route=\/wp\/v2\/posts\/127020\/revisions"}],"predecessor-version":[{"id":127022,"href":"https:\/\/www.elsinodaldetamaulipas.com.mx\/index.php?rest_route=\/wp\/v2\/posts\/127020\/revisions\/127022"}],"wp:featuredmedia":[{"embeddable":true,"href":"https:\/\/www.elsinodaldetamaulipas.com.mx\/index.php?rest_route=\/wp\/v2\/media\/127021"}],"wp:attachment":[{"href":"https:\/\/www.elsinodaldetamaulipas.com.mx\/index.php?rest_route=%2Fwp%2Fv2%2Fmedia&parent=127020"}],"wp:term":[{"taxonomy":"category","embeddable":true,"href":"https:\/\/www.elsinodaldetamaulipas.com.mx\/index.php?rest_route=%2Fwp%2Fv2%2Fcategories&post=127020"},{"taxonomy":"post_tag","embeddable":true,"href":"https:\/\/www.elsinodaldetamaulipas.com.mx\/index.php?rest_route=%2Fwp%2Fv2%2Ftags&post=127020"}],"curies":[{"name":"wp","href":"https:\/\/api.w.org\/{rel}","templated":true}]}}