{"id":128565,"date":"2023-01-16T23:59:55","date_gmt":"2023-01-16T23:59:55","guid":{"rendered":"http:\/\/www.elsinodaldetamaulipas.com.mx\/?p=128565"},"modified":"2023-01-17T00:00:01","modified_gmt":"2023-01-17T00:00:01","slug":"pide-congreso-atender-contingencia-sanitaria-y-ambiental-en-zonas-de-san-fernando-y-soto-la-marina","status":"publish","type":"post","link":"https:\/\/www.elsinodaldetamaulipas.com.mx\/?p=128565","title":{"rendered":"PIDE CONGRESO ATENDER CONTINGENCIA SANITARIA Y AMBIENTAL EN ZONAS DE SAN FERNANDO Y SOTO LA MARINA"},"content":{"rendered":"\n<p><strong>EL SINODAL DE TAMAULIPAS<\/strong><\/p>\n\n\n\n<p><em><strong>Cd. Victoria, Tam.-<\/strong> <\/em>Durante la primera sesi\u00f3n del presente periodo ordinario de la Legislatura 65, se aprob\u00f3 un exhorto para que se atienda la contingencia sanitaria y ambiental originada por la extracci\u00f3n y b\u00fasqueda de hidrocarburos en las zonas de San Fernando y Soto la Marina.<\/p>\n\n\n\n<p>El Punto de Acuerdo que se extiende a la Secretar\u00eda de Medio Ambiente y Recursos Naturales (SEMARNAT), la Procuradur\u00eda Federal de Protecci\u00f3n al Ambiente (PROFEPA) y a la Agencia de Seguridad, Energ\u00eda y Ambiente (ASEA), quienes deber\u00e1n implementar el Protocolo de Respuesta a Emergencias del Sector Hidrocarburos.<\/p>\n\n\n\n<p>Adem\u00e1s, se solicita a la Secretar\u00eda de Desarrollo Urbano y Medio Ambiente del Estado, realicen las investigaciones y acciones conducentes para reparar el grave da\u00f1o ambiental en dichos Municipios, as\u00ed como en el \u00e1rea natural protegida de la Laguna Madre, causados mediante los trabajos de exploraci\u00f3n y explotaci\u00f3n de la empresa petrolera Jaguar Exploraci\u00f3n y Producci\u00f3n de Hidrocarburos S.A.P.I. de C.V.<\/p>\n\n\n\n<p>Al titular de la Secretar\u00eda de Salud Tamaulipas, con el objeto de que gire instrucciones para brindar la atenci\u00f3n m\u00e9dica a los pobladores de \u201cLa Florida\u201d y \u201cLavaderos\u201d en San Fernando; \u201cLas Enramadas\u201d, \u201cLa Laguna\u201d y \u201cEl Carrizo\u201d, en Soto la Marina, quienes han presentado afectaciones a consecuencia de la fuga de gas asociado.<\/p>\n\n\n\n<p>Con esta acci\u00f3n legislativa, aprobada con dispensa de turno a comisiones, la Secretar\u00eda del Trabajo apoyar\u00e1 a los habitantes de dichas comunidades, en aras de que tengan una fuente de empleo decorosa para solventar sus necesidades.<\/p>\n\n\n\n<p>En el marco de la sesi\u00f3n, se aprobaron solicitudes de licencia para separarse del cargo, se recibieron Iniciativas y aprobaron asuntos que buscan generar el bien com\u00fan de la sociedad tamaulipeca.<\/p>\n","protected":false},"excerpt":{"rendered":"<p>EL SINODAL DE TAMAULIPAS Cd. Victoria, Tam.- Durante la primera sesi\u00f3n del presente periodo ordinario de la Legislatura 65, se aprob\u00f3 un exhorto para que se atienda la contingencia sanitaria y ambiental originada por la extracci\u00f3n y b\u00fasqueda de hidrocarburos en las zonas de San Fernando y Soto la Marina. El Punto de Acuerdo que [&hellip;]<\/p>\n","protected":false},"author":1,"featured_media":128566,"comment_status":"closed","ping_status":"closed","sticky":false,"template":"","format":"standard","meta":{"footnotes":""},"categories":[11,1],"tags":[],"class_list":["post-128565","post","type-post","status-publish","format-standard","has-post-thumbnail","hentry","category-congresotam","category-portada"],"_links":{"self":[{"href":"https:\/\/www.elsinodaldetamaulipas.com.mx\/index.php?rest_route=\/wp\/v2\/posts\/128565","targetHints":{"allow":["GET"]}}],"collection":[{"href":"https:\/\/www.elsinodaldetamaulipas.com.mx\/index.php?rest_route=\/wp\/v2\/posts"}],"about":[{"href":"https:\/\/www.elsinodaldetamaulipas.com.mx\/index.php?rest_route=\/wp\/v2\/types\/post"}],"author":[{"embeddable":true,"href":"https:\/\/www.elsinodaldetamaulipas.com.mx\/index.php?rest_route=\/wp\/v2\/users\/1"}],"replies":[{"embeddable":true,"href":"https:\/\/www.elsinodaldetamaulipas.com.mx\/index.php?rest_route=%2Fwp%2Fv2%2Fcomments&post=128565"}],"version-history":[{"count":1,"href":"https:\/\/www.elsinodaldetamaulipas.com.mx\/index.php?rest_route=\/wp\/v2\/posts\/128565\/revisions"}],"predecessor-version":[{"id":128567,"href":"https:\/\/www.elsinodaldetamaulipas.com.mx\/index.php?rest_route=\/wp\/v2\/posts\/128565\/revisions\/128567"}],"wp:featuredmedia":[{"embeddable":true,"href":"https:\/\/www.elsinodaldetamaulipas.com.mx\/index.php?rest_route=\/wp\/v2\/media\/128566"}],"wp:attachment":[{"href":"https:\/\/www.elsinodaldetamaulipas.com.mx\/index.php?rest_route=%2Fwp%2Fv2%2Fmedia&parent=128565"}],"wp:term":[{"taxonomy":"category","embeddable":true,"href":"https:\/\/www.elsinodaldetamaulipas.com.mx\/index.php?rest_route=%2Fwp%2Fv2%2Fcategories&post=128565"},{"taxonomy":"post_tag","embeddable":true,"href":"https:\/\/www.elsinodaldetamaulipas.com.mx\/index.php?rest_route=%2Fwp%2Fv2%2Ftags&post=128565"}],"curies":[{"name":"wp","href":"https:\/\/api.w.org\/{rel}","templated":true}]}}