{"id":130376,"date":"2023-02-02T04:03:48","date_gmt":"2023-02-02T04:03:48","guid":{"rendered":"http:\/\/www.elsinodaldetamaulipas.com.mx\/?p=130376"},"modified":"2023-02-02T04:03:53","modified_gmt":"2023-02-02T04:03:53","slug":"precaucion-choque-entre-dos-trailers-en-carretera-san-fernando-reynosa","status":"publish","type":"post","link":"https:\/\/www.elsinodaldetamaulipas.com.mx\/?p=130376","title":{"rendered":"PRECAUCI\u00d3N: CHOQUE ENTRE DOS TR\u00c1ILERS EN CARRETERA SAN FERNANDO-REYNOSA"},"content":{"rendered":"\n<p><strong>EL SINODAL DE TAMAULIPAS<\/strong><\/p>\n\n\n<div class=\"wp-block-image\">\n<figure class=\"alignright size-full\"><img loading=\"lazy\" decoding=\"async\" width=\"640\" height=\"480\" src=\"https:\/\/www.elsinodaldetamaulipas.com.mx\/wp-content\/uploads\/2023\/02\/Trailersx-I.jpg\" alt=\"\" class=\"wp-image-130377\" srcset=\"https:\/\/www.elsinodaldetamaulipas.com.mx\/wp-content\/uploads\/2023\/02\/Trailersx-I.jpg 640w, https:\/\/www.elsinodaldetamaulipas.com.mx\/wp-content\/uploads\/2023\/02\/Trailersx-I-300x225.jpg 300w, https:\/\/www.elsinodaldetamaulipas.com.mx\/wp-content\/uploads\/2023\/02\/Trailersx-I-272x204.jpg 272w\" sizes=\"auto, (max-width: 640px) 100vw, 640px\" \/><\/figure><\/div>\n\n\n<p><strong><em>Reynosa, Tamaulipas.-<\/em><\/strong> Dos camiones tipo tr\u00e1iler se impactaron a la altura del kil\u00f3metro 83 de la Carretera Federal 97 San Fernando-Reynosa.<\/p>\n\n\n\n<p>El incidente no afect\u00f3 la circulaci\u00f3n vial en la zona ni registr\u00f3 personas lesionadas.<\/p>\n\n\n\n<p>Personal de diversas instituciones de atenci\u00f3n a emergencias se encuentran en el lugar apoyando la vialidad y realizando labores de movilizaci\u00f3n.<\/p>\n\n\n\n<p>Se reitera el llamado a conducir con precauci\u00f3n para evitar accidentes viales.<\/p>\n","protected":false},"excerpt":{"rendered":"<p>EL SINODAL DE TAMAULIPAS Reynosa, Tamaulipas.- Dos camiones tipo tr\u00e1iler se impactaron a la altura del kil\u00f3metro 83 de la Carretera Federal 97 San Fernando-Reynosa. El incidente no afect\u00f3 la circulaci\u00f3n vial en la zona ni registr\u00f3 personas lesionadas. Personal de diversas instituciones de atenci\u00f3n a emergencias se encuentran en el lugar apoyando la vialidad [&hellip;]<\/p>\n","protected":false},"author":1,"featured_media":130378,"comment_status":"closed","ping_status":"closed","sticky":false,"template":"","format":"standard","meta":{"footnotes":""},"categories":[1],"tags":[],"class_list":["post-130376","post","type-post","status-publish","format-standard","has-post-thumbnail","hentry","category-portada"],"_links":{"self":[{"href":"https:\/\/www.elsinodaldetamaulipas.com.mx\/index.php?rest_route=\/wp\/v2\/posts\/130376","targetHints":{"allow":["GET"]}}],"collection":[{"href":"https:\/\/www.elsinodaldetamaulipas.com.mx\/index.php?rest_route=\/wp\/v2\/posts"}],"about":[{"href":"https:\/\/www.elsinodaldetamaulipas.com.mx\/index.php?rest_route=\/wp\/v2\/types\/post"}],"author":[{"embeddable":true,"href":"https:\/\/www.elsinodaldetamaulipas.com.mx\/index.php?rest_route=\/wp\/v2\/users\/1"}],"replies":[{"embeddable":true,"href":"https:\/\/www.elsinodaldetamaulipas.com.mx\/index.php?rest_route=%2Fwp%2Fv2%2Fcomments&post=130376"}],"version-history":[{"count":1,"href":"https:\/\/www.elsinodaldetamaulipas.com.mx\/index.php?rest_route=\/wp\/v2\/posts\/130376\/revisions"}],"predecessor-version":[{"id":130379,"href":"https:\/\/www.elsinodaldetamaulipas.com.mx\/index.php?rest_route=\/wp\/v2\/posts\/130376\/revisions\/130379"}],"wp:featuredmedia":[{"embeddable":true,"href":"https:\/\/www.elsinodaldetamaulipas.com.mx\/index.php?rest_route=\/wp\/v2\/media\/130378"}],"wp:attachment":[{"href":"https:\/\/www.elsinodaldetamaulipas.com.mx\/index.php?rest_route=%2Fwp%2Fv2%2Fmedia&parent=130376"}],"wp:term":[{"taxonomy":"category","embeddable":true,"href":"https:\/\/www.elsinodaldetamaulipas.com.mx\/index.php?rest_route=%2Fwp%2Fv2%2Fcategories&post=130376"},{"taxonomy":"post_tag","embeddable":true,"href":"https:\/\/www.elsinodaldetamaulipas.com.mx\/index.php?rest_route=%2Fwp%2Fv2%2Ftags&post=130376"}],"curies":[{"name":"wp","href":"https:\/\/api.w.org\/{rel}","templated":true}]}}