{"id":130383,"date":"2023-02-02T05:40:01","date_gmt":"2023-02-02T05:40:01","guid":{"rendered":"http:\/\/www.elsinodaldetamaulipas.com.mx\/?p=130383"},"modified":"2023-02-02T05:40:07","modified_gmt":"2023-02-02T05:40:07","slug":"inauguraron-ciclo-escolar-en-tecnologico-nacional-de-mexico-campus-reynosa","status":"publish","type":"post","link":"https:\/\/www.elsinodaldetamaulipas.com.mx\/?p=130383","title":{"rendered":"INAUGURARON CICLO ESCOLAR EN TECNOL\u00d3GICO NACIONAL DE M\u00c9XICO, CAMPUS REYNOSA"},"content":{"rendered":"\n<p><strong>EL SINODAL DE TAMAULIPAS<\/strong><\/p>\n\n\n<div class=\"wp-block-image\">\n<figure class=\"alignright size-full\"><img loading=\"lazy\" decoding=\"async\" width=\"640\" height=\"427\" src=\"https:\/\/www.elsinodaldetamaulipas.com.mx\/wp-content\/uploads\/2023\/02\/CPOX-I.jpeg\" alt=\"\" class=\"wp-image-130384\" srcset=\"https:\/\/www.elsinodaldetamaulipas.com.mx\/wp-content\/uploads\/2023\/02\/CPOX-I.jpeg 640w, https:\/\/www.elsinodaldetamaulipas.com.mx\/wp-content\/uploads\/2023\/02\/CPOX-I-300x200.jpeg 300w\" sizes=\"auto, (max-width: 640px) 100vw, 640px\" \/><\/figure><\/div>\n\n\n<p><em><strong>Reynosa, Tam.-<\/strong><\/em> Destacando la importancia de formar profesionales comprometidos y preparados que beneficien a la sociedad, el Presidente Municipal dio el banderazo de arranque al nuevo Ciclo Escolar Enero-Junio 2023 del Tecnol\u00f3gico Nacional de M\u00e9xico, Campus Reynosa.<\/p>\n\n\n\n<p>Dicha ceremonia estuvo encabezada por el Director de la casa de estudios y cont\u00f3 con la presencia del Jefe de Vinculaci\u00f3n del CBTIS 7, en representaci\u00f3n de la Directora; el Director de Atenci\u00f3n a la Juventud del Municipio; el Delegado local del Instituto de la Juventud de Tamaulipas; el Secretario General de la Delegaci\u00f3n Sindical D5-104 del TECNM Reynosa; as\u00ed como personal docente y alumnado de la Instituci\u00f3n.<\/p>\n\n\n\n<p>El Tecnol\u00f3gico Nacional de M\u00e9xico, Campus Reynosa, fue inaugurado en 1988, forma parte de los 254 Institutos y en la actualidad oferta carreras profesionales en las \u00e1reas petrolera, arquitectura, administraci\u00f3n, tecnolog\u00edas de la informaci\u00f3n, e Ingenier\u00edas.<\/p>\n\n\n<div class=\"wp-block-image\">\n<figure class=\"aligncenter size-full\"><img loading=\"lazy\" decoding=\"async\" width=\"640\" height=\"427\" src=\"https:\/\/www.elsinodaldetamaulipas.com.mx\/wp-content\/uploads\/2023\/02\/CPOX-II.jpeg\" alt=\"\" class=\"wp-image-130385\" srcset=\"https:\/\/www.elsinodaldetamaulipas.com.mx\/wp-content\/uploads\/2023\/02\/CPOX-II.jpeg 640w, https:\/\/www.elsinodaldetamaulipas.com.mx\/wp-content\/uploads\/2023\/02\/CPOX-II-300x200.jpeg 300w\" sizes=\"auto, (max-width: 640px) 100vw, 640px\" \/><\/figure><\/div>","protected":false},"excerpt":{"rendered":"<p>EL SINODAL DE TAMAULIPAS Reynosa, Tam.- Destacando la importancia de formar profesionales comprometidos y preparados que beneficien a la sociedad, el Presidente Municipal dio el banderazo de arranque al nuevo Ciclo Escolar Enero-Junio 2023 del Tecnol\u00f3gico Nacional de M\u00e9xico, Campus Reynosa. Dicha ceremonia estuvo encabezada por el Director de la casa de estudios y cont\u00f3 [&hellip;]<\/p>\n","protected":false},"author":1,"featured_media":130386,"comment_status":"closed","ping_status":"closed","sticky":false,"template":"","format":"standard","meta":{"footnotes":""},"categories":[1,2],"tags":[],"class_list":["post-130383","post","type-post","status-publish","format-standard","has-post-thumbnail","hentry","category-portada","category-reynosa"],"_links":{"self":[{"href":"https:\/\/www.elsinodaldetamaulipas.com.mx\/index.php?rest_route=\/wp\/v2\/posts\/130383","targetHints":{"allow":["GET"]}}],"collection":[{"href":"https:\/\/www.elsinodaldetamaulipas.com.mx\/index.php?rest_route=\/wp\/v2\/posts"}],"about":[{"href":"https:\/\/www.elsinodaldetamaulipas.com.mx\/index.php?rest_route=\/wp\/v2\/types\/post"}],"author":[{"embeddable":true,"href":"https:\/\/www.elsinodaldetamaulipas.com.mx\/index.php?rest_route=\/wp\/v2\/users\/1"}],"replies":[{"embeddable":true,"href":"https:\/\/www.elsinodaldetamaulipas.com.mx\/index.php?rest_route=%2Fwp%2Fv2%2Fcomments&post=130383"}],"version-history":[{"count":1,"href":"https:\/\/www.elsinodaldetamaulipas.com.mx\/index.php?rest_route=\/wp\/v2\/posts\/130383\/revisions"}],"predecessor-version":[{"id":130387,"href":"https:\/\/www.elsinodaldetamaulipas.com.mx\/index.php?rest_route=\/wp\/v2\/posts\/130383\/revisions\/130387"}],"wp:featuredmedia":[{"embeddable":true,"href":"https:\/\/www.elsinodaldetamaulipas.com.mx\/index.php?rest_route=\/wp\/v2\/media\/130386"}],"wp:attachment":[{"href":"https:\/\/www.elsinodaldetamaulipas.com.mx\/index.php?rest_route=%2Fwp%2Fv2%2Fmedia&parent=130383"}],"wp:term":[{"taxonomy":"category","embeddable":true,"href":"https:\/\/www.elsinodaldetamaulipas.com.mx\/index.php?rest_route=%2Fwp%2Fv2%2Fcategories&post=130383"},{"taxonomy":"post_tag","embeddable":true,"href":"https:\/\/www.elsinodaldetamaulipas.com.mx\/index.php?rest_route=%2Fwp%2Fv2%2Ftags&post=130383"}],"curies":[{"name":"wp","href":"https:\/\/api.w.org\/{rel}","templated":true}]}}