{"id":130389,"date":"2023-02-02T11:09:12","date_gmt":"2023-02-02T11:09:12","guid":{"rendered":"http:\/\/www.elsinodaldetamaulipas.com.mx\/?p=130389"},"modified":"2023-02-02T11:09:15","modified_gmt":"2023-02-02T11:09:15","slug":"proteccion-civil-reynosa-realiza-su-operativo-carrusel","status":"publish","type":"post","link":"https:\/\/www.elsinodaldetamaulipas.com.mx\/?p=130389","title":{"rendered":"PROTECCI\u00d3N CIVIL REYNOSA REALIZA SU OPERATIVO \u201cCARRUSEL\u201d"},"content":{"rendered":"\n<p><strong><em>Por Juan Carlos Rodr\u00edguez Terrazas\/EL SINODAL DE TAMAULIPAS&nbsp;<\/em><\/strong><\/p>\n\n\n\n<p><strong>Reynosa, Tam.-<\/strong> Aun bajo una lluvia pertinaz y temperatura de seis grados cent\u00edgrados y sensaci\u00f3n t\u00e9rmica de 3 grados, personal de la Coordinaci\u00f3n de Protecci\u00f3n Civil y Bomberos, recorrieron la noche de este mi\u00e9rcoles, diversos puntos de concentraci\u00f3n de vagabundos e indigentes con la esperanza de trasladarlos a lugares m\u00e1s seguros para guarecerse de las inclemencias del tiempo.&nbsp;<\/p>\n\n\n\n<p>Fueron pocas las personas que despu\u00e9s de las 20 horas fueron encontradas en las calles deambulando, pero todas ellas se negaron a ser trasladados hacia otros lugares, bajo la condici\u00f3n de que ellos mismos ir\u00edan a otros lugares m\u00e1s c\u00e1lidos.&nbsp;<\/p>\n\n\n\n<p>El Director de Servicios de Emergencia, Juan Jos\u00e9 Carca\u00f1o y el comandante de Bomberos en turno, Daniel Sosa, encabezaron el ya conocido \u201cOperativo Carrusel\u201d que se implementa en temporadas invernales, recorriendo primeramente la Central de Autobuses; el \u00e1rea centro de la ciudad; el Barrio del Centralito; las laterales de las v\u00edas de la antigua estaci\u00f3n ferroviaria; las proximidades del puente internacional Reynosa-Hidalgo, as\u00ed como los alrededores del Refugio para Migrantes.&nbsp;<\/p>\n\n\n\n<p>La comitiva a bordo de unidades oficiales y con las luces intermitentes encendidas obsequi\u00f3 varios galones de chocolate caliente y pan a los transe\u00fantes y en especial a las personas en condiciones de calle, pero al invitarlos a subir para trasladarlos a refugios o albergues implementados de manera emergente, no aceptaron.<strong>&nbsp;<\/strong><\/p>\n\n\n\n<figure class=\"wp-block-image size-large\"><img loading=\"lazy\" decoding=\"async\" width=\"1024\" height=\"554\" src=\"https:\/\/www.elsinodaldetamaulipas.com.mx\/wp-content\/uploads\/2023\/02\/Vagabumdox-I-1024x554.jpg\" alt=\"\" class=\"wp-image-130390\" srcset=\"https:\/\/www.elsinodaldetamaulipas.com.mx\/wp-content\/uploads\/2023\/02\/Vagabumdox-I-1024x554.jpg 1024w, https:\/\/www.elsinodaldetamaulipas.com.mx\/wp-content\/uploads\/2023\/02\/Vagabumdox-I-300x162.jpg 300w, https:\/\/www.elsinodaldetamaulipas.com.mx\/wp-content\/uploads\/2023\/02\/Vagabumdox-I-768x415.jpg 768w, https:\/\/www.elsinodaldetamaulipas.com.mx\/wp-content\/uploads\/2023\/02\/Vagabumdox-I.jpg 1110w\" sizes=\"auto, (max-width: 1024px) 100vw, 1024px\" \/><\/figure>\n\n\n\n<p class=\"has-text-align-center\"><strong>PREFIEREN SOPORTAR LA TORMENTA INVERNAL&nbsp;<\/strong><\/p>\n\n\n\n<p>Muchas de estas personas duermen envueltos en sucias frazadas, colchas ro\u00eddas o colchonetas que la propia dependencia municipal les don\u00f3 en otros recorridos; ellos pernoctan en los quicios de casas y edificios abandonados, a veces provistos de alg\u00fan le\u00f1o encendido que les permite mitigar el frio atra\u00eddo a esta frontera por la tormenta invernal.&nbsp;&nbsp;&nbsp;&nbsp;&nbsp;&nbsp;&nbsp;&nbsp;&nbsp;&nbsp;&nbsp;&nbsp;&nbsp; &nbsp;<\/p>\n\n\n\n<p>El licenciado \u201cJuanjo\u201d Carca\u00f1o, estim\u00f3 que al menos una docena de estas personas dijeron encontrarse ah\u00ed porque ah\u00ed les tom\u00f3 la noche, todos dijeron que acudir\u00edan a otros lugares m\u00e1s seguros, pero definitivamente no aceptaron sus traslados.&nbsp;<\/p>\n\n\n\n<p>El personal de Protecci\u00f3n Civil, termin\u00f3 su primer recorrido a las 10.30 de la noche, pero indicaron que a las 12 y aun durante esta madrugada volver\u00edan para ver si quienes a\u00fan se encontraran en esos lugares habr\u00edan cambiado de opini\u00f3n y llevarlos a sitios disponibles o al menos obsequiarles una nueva raci\u00f3n de chocolate caliente y pan del d\u00eda, obsequiado por la administraci\u00f3n municipal que preside el licenciado Carlos Pe\u00f1a Ortiz. &nbsp;<\/p>\n\n\n\n<p>Para este jueves 3 de febrero, se anuncian temperaturas m\u00ednimas de 6 grados y la corporaci\u00f3n con ello tendr\u00e1 el compromiso de continuar en horas del d\u00eda sus recorridos de apoyo a indigentes. &nbsp;<\/p>\n","protected":false},"excerpt":{"rendered":"<p>Por Juan Carlos Rodr\u00edguez Terrazas\/EL SINODAL DE TAMAULIPAS&nbsp; Reynosa, Tam.- Aun bajo una lluvia pertinaz y temperatura de seis grados cent\u00edgrados y sensaci\u00f3n t\u00e9rmica de 3 grados, personal de la Coordinaci\u00f3n de Protecci\u00f3n Civil y Bomberos, recorrieron la noche de este mi\u00e9rcoles, diversos puntos de concentraci\u00f3n de vagabundos e indigentes con la esperanza de trasladarlos [&hellip;]<\/p>\n","protected":false},"author":1,"featured_media":130391,"comment_status":"closed","ping_status":"closed","sticky":false,"template":"","format":"standard","meta":{"footnotes":""},"categories":[1,2],"tags":[],"class_list":["post-130389","post","type-post","status-publish","format-standard","has-post-thumbnail","hentry","category-portada","category-reynosa"],"_links":{"self":[{"href":"https:\/\/www.elsinodaldetamaulipas.com.mx\/index.php?rest_route=\/wp\/v2\/posts\/130389","targetHints":{"allow":["GET"]}}],"collection":[{"href":"https:\/\/www.elsinodaldetamaulipas.com.mx\/index.php?rest_route=\/wp\/v2\/posts"}],"about":[{"href":"https:\/\/www.elsinodaldetamaulipas.com.mx\/index.php?rest_route=\/wp\/v2\/types\/post"}],"author":[{"embeddable":true,"href":"https:\/\/www.elsinodaldetamaulipas.com.mx\/index.php?rest_route=\/wp\/v2\/users\/1"}],"replies":[{"embeddable":true,"href":"https:\/\/www.elsinodaldetamaulipas.com.mx\/index.php?rest_route=%2Fwp%2Fv2%2Fcomments&post=130389"}],"version-history":[{"count":2,"href":"https:\/\/www.elsinodaldetamaulipas.com.mx\/index.php?rest_route=\/wp\/v2\/posts\/130389\/revisions"}],"predecessor-version":[{"id":130394,"href":"https:\/\/www.elsinodaldetamaulipas.com.mx\/index.php?rest_route=\/wp\/v2\/posts\/130389\/revisions\/130394"}],"wp:featuredmedia":[{"embeddable":true,"href":"https:\/\/www.elsinodaldetamaulipas.com.mx\/index.php?rest_route=\/wp\/v2\/media\/130391"}],"wp:attachment":[{"href":"https:\/\/www.elsinodaldetamaulipas.com.mx\/index.php?rest_route=%2Fwp%2Fv2%2Fmedia&parent=130389"}],"wp:term":[{"taxonomy":"category","embeddable":true,"href":"https:\/\/www.elsinodaldetamaulipas.com.mx\/index.php?rest_route=%2Fwp%2Fv2%2Fcategories&post=130389"},{"taxonomy":"post_tag","embeddable":true,"href":"https:\/\/www.elsinodaldetamaulipas.com.mx\/index.php?rest_route=%2Fwp%2Fv2%2Ftags&post=130389"}],"curies":[{"name":"wp","href":"https:\/\/api.w.org\/{rel}","templated":true}]}}