{"id":131267,"date":"2023-02-11T00:48:47","date_gmt":"2023-02-11T00:48:47","guid":{"rendered":"http:\/\/www.elsinodaldetamaulipas.com.mx\/?p=131267"},"modified":"2023-02-11T00:48:50","modified_gmt":"2023-02-11T00:48:50","slug":"acusado-de-horrible-delito-vinculado-a-proceso","status":"publish","type":"post","link":"https:\/\/www.elsinodaldetamaulipas.com.mx\/?p=131267","title":{"rendered":"ACUSADO DE HORRIBLE DELITO VINCULADO A PROCESO"},"content":{"rendered":"\n<p><strong>EL SINODAL DE TAMAULIPAS<\/strong><\/p>\n\n\n\n<p><strong><em>Ciudad Victoria, Tamaulipas.-<\/em><\/strong> La Fiscal\u00eda General de Justicia del Estado de Tamaulipas informa que, la Agente del Ministerio P\u00fablico, adscrita a la Fiscal\u00eda Especializada en la Investigaci\u00f3n de Delitos contra Ni\u00f1as, Ni\u00f1os y Adolescentes y Delitos contra las Mujeres por Razones de G\u00e9nero, obtuvo vinculaci\u00f3n a proceso en contra de Hugo \u201cV\u201d por el delito de Abuso Sexual en agravio de menor de edad.<\/p>\n\n\n\n<p>Un Juez de Control dict\u00f3 la medida, despu\u00e9s de que la Representante social presentar\u00e1 elementos de prueba que implican al imputado en el citado delito registrado el pasado 29 de enero en el Fraccionamiento Todos Somos Tamaulipas de esta ciudad.<\/p>\n\n\n\n<p>Hugo \u201cV\u201d permanecer\u00e1 en prisi\u00f3n preventiva justificada, seg\u00fan lo estableci\u00f3 el Juzgador, quien tambi\u00e9n determin\u00f3 un plazo de dos meses para el cierre de la investigaci\u00f3n complementaria.<\/p>\n","protected":false},"excerpt":{"rendered":"<p>EL SINODAL DE TAMAULIPAS Ciudad Victoria, Tamaulipas.- La Fiscal\u00eda General de Justicia del Estado de Tamaulipas informa que, la Agente del Ministerio P\u00fablico, adscrita a la Fiscal\u00eda Especializada en la Investigaci\u00f3n de Delitos contra Ni\u00f1as, Ni\u00f1os y Adolescentes y Delitos contra las Mujeres por Razones de G\u00e9nero, obtuvo vinculaci\u00f3n a proceso en contra de Hugo [&hellip;]<\/p>\n","protected":false},"author":1,"featured_media":131268,"comment_status":"closed","ping_status":"closed","sticky":false,"template":"","format":"standard","meta":{"footnotes":""},"categories":[1],"tags":[],"class_list":["post-131267","post","type-post","status-publish","format-standard","has-post-thumbnail","hentry","category-portada"],"_links":{"self":[{"href":"https:\/\/www.elsinodaldetamaulipas.com.mx\/index.php?rest_route=\/wp\/v2\/posts\/131267","targetHints":{"allow":["GET"]}}],"collection":[{"href":"https:\/\/www.elsinodaldetamaulipas.com.mx\/index.php?rest_route=\/wp\/v2\/posts"}],"about":[{"href":"https:\/\/www.elsinodaldetamaulipas.com.mx\/index.php?rest_route=\/wp\/v2\/types\/post"}],"author":[{"embeddable":true,"href":"https:\/\/www.elsinodaldetamaulipas.com.mx\/index.php?rest_route=\/wp\/v2\/users\/1"}],"replies":[{"embeddable":true,"href":"https:\/\/www.elsinodaldetamaulipas.com.mx\/index.php?rest_route=%2Fwp%2Fv2%2Fcomments&post=131267"}],"version-history":[{"count":1,"href":"https:\/\/www.elsinodaldetamaulipas.com.mx\/index.php?rest_route=\/wp\/v2\/posts\/131267\/revisions"}],"predecessor-version":[{"id":131269,"href":"https:\/\/www.elsinodaldetamaulipas.com.mx\/index.php?rest_route=\/wp\/v2\/posts\/131267\/revisions\/131269"}],"wp:featuredmedia":[{"embeddable":true,"href":"https:\/\/www.elsinodaldetamaulipas.com.mx\/index.php?rest_route=\/wp\/v2\/media\/131268"}],"wp:attachment":[{"href":"https:\/\/www.elsinodaldetamaulipas.com.mx\/index.php?rest_route=%2Fwp%2Fv2%2Fmedia&parent=131267"}],"wp:term":[{"taxonomy":"category","embeddable":true,"href":"https:\/\/www.elsinodaldetamaulipas.com.mx\/index.php?rest_route=%2Fwp%2Fv2%2Fcategories&post=131267"},{"taxonomy":"post_tag","embeddable":true,"href":"https:\/\/www.elsinodaldetamaulipas.com.mx\/index.php?rest_route=%2Fwp%2Fv2%2Ftags&post=131267"}],"curies":[{"name":"wp","href":"https:\/\/api.w.org\/{rel}","templated":true}]}}