{"id":131270,"date":"2023-02-11T00:56:15","date_gmt":"2023-02-11T00:56:15","guid":{"rendered":"http:\/\/www.elsinodaldetamaulipas.com.mx\/?p=131270"},"modified":"2023-02-11T00:56:20","modified_gmt":"2023-02-11T00:56:20","slug":"imelda-sanmiguel-se-reune-con-red-de-mujeres-periodistas-de-la-zona-sur-de-tamaulipas","status":"publish","type":"post","link":"https:\/\/www.elsinodaldetamaulipas.com.mx\/?p=131270","title":{"rendered":"IMELDA SANMIGUEL SE RE\u00daNE CON RED DE MUJERES PERIODISTAS DE LA ZONA SUR DE TAMAULIPAS"},"content":{"rendered":"\n<p><strong>EL SINODAL DE TAMAULIPAS<\/strong><\/p>\n\n\n<div class=\"wp-block-image\">\n<figure class=\"alignright size-full\"><img loading=\"lazy\" decoding=\"async\" width=\"640\" height=\"441\" src=\"https:\/\/www.elsinodaldetamaulipas.com.mx\/wp-content\/uploads\/2023\/02\/Imelxx-I.jpeg\" alt=\"\" class=\"wp-image-131271\" srcset=\"https:\/\/www.elsinodaldetamaulipas.com.mx\/wp-content\/uploads\/2023\/02\/Imelxx-I.jpeg 640w, https:\/\/www.elsinodaldetamaulipas.com.mx\/wp-content\/uploads\/2023\/02\/Imelxx-I-300x207.jpeg 300w\" sizes=\"auto, (max-width: 640px) 100vw, 640px\" \/><\/figure><\/div>\n\n\n<p><em><strong>Cd. Victoria, Tam.-<\/strong><\/em> La abanderada de la alianza \u201cVa por M\u00e9xico\u201d, Imelda Sanmiguel S\u00e1nchez, se reuni\u00f3 con la Red de Mujeres Periodistas de la zona sur de Tamaulipas, con quienes intercambi\u00f3 ideas, opiniones y sobre todo peticiones de las necesidades m\u00e1s sentidas de las y los periodistas.<\/p>\n\n\n\n<p>Las integrantes de esta organizaci\u00f3n externaron su preocupaci\u00f3n por la ola de violencia que se ha desatado en contra del sexo femenino, se\u00f1alando que hoy en d\u00eda ni\u00f1as, j\u00f3venes y mujeres son v\u00edctimas de violencia por el simple hecho de ser mujeres.<\/p>\n\n\n\n<p>Por su parte, la candidata se\u00f1al\u00f3 que uno de sus principales objetivos, es ser fiel defensora de los derechos de las mujeres, por ello se comprometi\u00f3 a trabajar desde el poder legislativo para erradicar la violencia de g\u00e9nero.<\/p>\n\n\n\n<p>As\u00ed mismo, las periodistas exhortaron a la candidata a proponer iniciativas o reformas que tomen en cuenta al gremio period\u00edstico, ya que hoy en d\u00eda la libertad de expresi\u00f3n es castigada, siendo las comunicadoras las m\u00e1s vulnerables en este tema.<\/p>\n\n\n\n<p>Por su parte, Imelda Sanmiguel, afirm\u00f3 que en la actualidad hay que luchar en contra de una situaci\u00f3n que se vive a nivel nacional y no solo hablando de feminicidios, sino de la violencia que atraviesan las y los periodistas al realizar su trabajo con veracidad y sin censura.<\/p>\n\n\n\n<p>\u201cDesgraciadamente, hemos viso esta situaci\u00f3n con muchos periodistas, el actual gobierno nos est\u00e1 llevado convertirnos en una dictadura y al cumplir con este objetivo, lo primero que pasar\u00e1 ser\u00e1 la desaparici\u00f3n de los medios de comunicaci\u00f3n\u201d, expres\u00f3 la candidata.<\/p>\n\n\n\n<p>As\u00ed mismo manifest\u00f3 su agradecimiento al grupo de mujeres por coadyuvar con su trabajo a recuperar el rumbo de M\u00e9xico, as\u00ed mismo les pidi\u00f3 reflexionar su voto este 19 de febrero y llevar su mensaje a la ciudadan\u00eda de salir a las urnas a ejercer su derecho democr\u00e1tico para lograr un pa\u00eds m\u00e1s justo y equitativo para todos.<\/p>\n\n\n\n<p>\u201cLa libertad de expresi\u00f3n es crucial en este cambio urgente que necesita nuestro pa\u00eds. Por eso me dio mucho gusto escucharlas y compartir ideas, inquietudes y sentimientos con mujeres periodistas, libres y echadas para adelante siempre en busca de la verdad. Muchas gracias por su confianza, tengan la certeza que tendr\u00e1n en m\u00ed una digna representante de su voz en el Senado\u201d concluy\u00f3.<\/p>\n\n\n\n<figure class=\"wp-block-gallery has-nested-images columns-default is-cropped wp-block-gallery-1 is-layout-flex wp-block-gallery-is-layout-flex\">\n<figure class=\"wp-block-image size-large\"><img loading=\"lazy\" decoding=\"async\" width=\"640\" height=\"390\" data-id=\"131272\" src=\"https:\/\/www.elsinodaldetamaulipas.com.mx\/wp-content\/uploads\/2023\/02\/Imelxx-II.jpeg\" alt=\"\" class=\"wp-image-131272\" srcset=\"https:\/\/www.elsinodaldetamaulipas.com.mx\/wp-content\/uploads\/2023\/02\/Imelxx-II.jpeg 640w, https:\/\/www.elsinodaldetamaulipas.com.mx\/wp-content\/uploads\/2023\/02\/Imelxx-II-300x183.jpeg 300w\" sizes=\"auto, (max-width: 640px) 100vw, 640px\" \/><\/figure>\n\n\n\n<figure class=\"wp-block-image size-large\"><img loading=\"lazy\" decoding=\"async\" width=\"640\" height=\"441\" data-id=\"131273\" src=\"https:\/\/www.elsinodaldetamaulipas.com.mx\/wp-content\/uploads\/2023\/02\/Imelxx-III.jpeg\" alt=\"\" class=\"wp-image-131273\" srcset=\"https:\/\/www.elsinodaldetamaulipas.com.mx\/wp-content\/uploads\/2023\/02\/Imelxx-III.jpeg 640w, https:\/\/www.elsinodaldetamaulipas.com.mx\/wp-content\/uploads\/2023\/02\/Imelxx-III-300x207.jpeg 300w\" sizes=\"auto, (max-width: 640px) 100vw, 640px\" \/><\/figure>\n<\/figure>\n","protected":false},"excerpt":{"rendered":"<p>EL SINODAL DE TAMAULIPAS Cd. Victoria, Tam.- La abanderada de la alianza \u201cVa por M\u00e9xico\u201d, Imelda Sanmiguel S\u00e1nchez, se reuni\u00f3 con la Red de Mujeres Periodistas de la zona sur de Tamaulipas, con quienes intercambi\u00f3 ideas, opiniones y sobre todo peticiones de las necesidades m\u00e1s sentidas de las y los periodistas. Las integrantes de esta [&hellip;]<\/p>\n","protected":false},"author":1,"featured_media":131274,"comment_status":"closed","ping_status":"closed","sticky":false,"template":"","format":"standard","meta":{"footnotes":""},"categories":[1],"tags":[],"class_list":["post-131270","post","type-post","status-publish","format-standard","has-post-thumbnail","hentry","category-portada"],"_links":{"self":[{"href":"https:\/\/www.elsinodaldetamaulipas.com.mx\/index.php?rest_route=\/wp\/v2\/posts\/131270","targetHints":{"allow":["GET"]}}],"collection":[{"href":"https:\/\/www.elsinodaldetamaulipas.com.mx\/index.php?rest_route=\/wp\/v2\/posts"}],"about":[{"href":"https:\/\/www.elsinodaldetamaulipas.com.mx\/index.php?rest_route=\/wp\/v2\/types\/post"}],"author":[{"embeddable":true,"href":"https:\/\/www.elsinodaldetamaulipas.com.mx\/index.php?rest_route=\/wp\/v2\/users\/1"}],"replies":[{"embeddable":true,"href":"https:\/\/www.elsinodaldetamaulipas.com.mx\/index.php?rest_route=%2Fwp%2Fv2%2Fcomments&post=131270"}],"version-history":[{"count":1,"href":"https:\/\/www.elsinodaldetamaulipas.com.mx\/index.php?rest_route=\/wp\/v2\/posts\/131270\/revisions"}],"predecessor-version":[{"id":131275,"href":"https:\/\/www.elsinodaldetamaulipas.com.mx\/index.php?rest_route=\/wp\/v2\/posts\/131270\/revisions\/131275"}],"wp:featuredmedia":[{"embeddable":true,"href":"https:\/\/www.elsinodaldetamaulipas.com.mx\/index.php?rest_route=\/wp\/v2\/media\/131274"}],"wp:attachment":[{"href":"https:\/\/www.elsinodaldetamaulipas.com.mx\/index.php?rest_route=%2Fwp%2Fv2%2Fmedia&parent=131270"}],"wp:term":[{"taxonomy":"category","embeddable":true,"href":"https:\/\/www.elsinodaldetamaulipas.com.mx\/index.php?rest_route=%2Fwp%2Fv2%2Fcategories&post=131270"},{"taxonomy":"post_tag","embeddable":true,"href":"https:\/\/www.elsinodaldetamaulipas.com.mx\/index.php?rest_route=%2Fwp%2Fv2%2Ftags&post=131270"}],"curies":[{"name":"wp","href":"https:\/\/api.w.org\/{rel}","templated":true}]}}