{"id":133143,"date":"2023-02-25T00:26:24","date_gmt":"2023-02-25T00:26:24","guid":{"rendered":"http:\/\/www.elsinodaldetamaulipas.com.mx\/?p=133143"},"modified":"2023-02-25T00:26:27","modified_gmt":"2023-02-25T00:26:27","slug":"inaugura-secretario-de-seguridad-publica-la-decimo-tercera-sesion-ordinaria-del-consejo-academico-region-noreste","status":"publish","type":"post","link":"https:\/\/www.elsinodaldetamaulipas.com.mx\/?p=133143","title":{"rendered":"INAUGURA SECRETARIO DE SEGURIDAD P\u00daBLICA LA D\u00c9CIMO TERCERA SESI\u00d3N ORDINARIA DEL CONSEJO ACAD\u00c9MICO REGI\u00d3N NORESTE"},"content":{"rendered":"\n<ul class=\"wp-block-list\">\n<li><strong><em>RENOVAR CONTENIDOS ACAD\u00c9MICOS EN EL PROGRAMA DE PROFESIONALIZACI\u00d3N EVITAR\u00c1 P\u00c9RDIDAS DE VIDAS HUMANAS: SSP<\/em><\/strong><\/li>\n<\/ul>\n\n\n\n<p><strong>EL SINODAL DE TAMAULIPAS<\/strong><\/p>\n\n\n<div class=\"wp-block-image\">\n<figure class=\"alignright size-full\"><img loading=\"lazy\" decoding=\"async\" width=\"640\" height=\"360\" src=\"https:\/\/www.elsinodaldetamaulipas.com.mx\/wp-content\/uploads\/2023\/02\/SSPcxz-I.jpeg\" alt=\"\" class=\"wp-image-133144\" srcset=\"https:\/\/www.elsinodaldetamaulipas.com.mx\/wp-content\/uploads\/2023\/02\/SSPcxz-I.jpeg 640w, https:\/\/www.elsinodaldetamaulipas.com.mx\/wp-content\/uploads\/2023\/02\/SSPcxz-I-300x169.jpeg 300w\" sizes=\"auto, (max-width: 640px) 100vw, 640px\" \/><\/figure><\/div>\n\n\n<p><strong>Ciudad Victoria, Tamaulipas.-<\/strong> Al inaugurar la d\u00e9cimo tercera reuni\u00f3n del Consejo Acad\u00e9mico Regi\u00f3n Noreste, cuya presidencia recae en la Universidad de Seguridad y Justicia de Tamaulipas (USJT), el Secretario de Seguridad P\u00fablica, Sergio Hernando Ch\u00e1vez Garc\u00eda destac\u00f3 que es imprescindible contar con cuerpos policiales mejor capacitados, de ah\u00ed la importancia de renovar los contenidos acad\u00e9micos del programa de profesionalizaci\u00f3n de las instituciones encargadas de la seguridad p\u00fablica.<\/p>\n\n\n\n<p>Indic\u00f3 que el costo m\u00e1s alto en la deficiencia del adiestramiento es la p\u00e9rdidas de vidas humanas, por ello es primordial ofrecer mayores aportes para que los elementos encargados de la seguridad p\u00fablica tengan un mejor desempe\u00f1o en sus funciones, ya que la sociedad demanda d\u00eda a d\u00eda cuerpos policiales m\u00e1s humanistas con los conocimientos necesarios del marco normativo en los protocolos de actuaci\u00f3n, as\u00ed como el uso racional de la fuerza y el irrestricto apego a los derechos humanos.<\/p>\n\n\n\n<p>\u201cLa planeaci\u00f3n y la ejecuci\u00f3n de los programas acad\u00e9micos de forma conjunta, son elementos fundamentales para obtener avances tangibles para nosotros como autoridades y m\u00e1s relevantes a\u00fan para los ciudadanos y ciudadanas\u201d, dijo.<\/p>\n\n\n\n<p>Se\u00f1al\u00f3 que de ah\u00ed la importancia de trabajar bajo un sistema de criterios homologados que permitan disponer de una m\u00e9trica para avanzar juntos en un marco de cooperaci\u00f3n, teniendo en cuenta que cada regi\u00f3n del pa\u00eds cuenta con necesidades espec\u00edficas y por lo tanto desaf\u00edos distintos.<\/p>\n\n\n\n<p>El rector de la USJT, Willy Z\u00fa\u00f1iga Castillo, se\u00f1al\u00f3 que esta reuni\u00f3n es de mucha trascendencia para y el pa\u00eds, confirmar los planes de estudio de formaci\u00f3n y docencia para el p\u00fablico civil pero principalmente para la formaci\u00f3n policial permitir\u00e1 la construcci\u00f3n de la paz en M\u00e9xico y especialmente en Tamaulipas.<\/p>\n\n\n\n<p>\u201cHoy mismo terminamos con acuerdos con el Secretariado Ejecutivo Nacional, con el secretario ejecutivo local y con el paso del tiempo vamos a ir consolidando muchas esferas de trabajo en favor de nuestros alumnos de las licenciaturas de la universidad mediante una metodolog\u00eda acad\u00e9mica y de formaci\u00f3n que permita mayores pr\u00e1cticas, para que en este per\u00edodo de transformaci\u00f3n recobremos la confianza de la sociedad\u201d, dijo.<\/p>\n\n\n\n<p>Estuvieron presentes por parte del Secretariado Ejecutivo Nacional del Consejo de Seguridad P\u00fablica, Leticia Quintana Rold\u00e1n, Subdirectora de Apoyo T\u00e9cnico; as\u00ed como el Secretario Ejecutivo del Sistema Estatal de Seguridad P\u00fablica, Jorge Cuellar Montoya; Maribel Araceli Ram\u00edrez Rodr\u00edguez, directora de la Fiscal\u00eda General de Coahuila; el Vicealmirante Jaime Herrera Romo, director del Centro de Estudios de Investigaci\u00f3n de Seguridad de Veracruz; Griselda Camacho T\u00e9llez, rectora de Seguridad Mexiquense de Seguridad del estado de M\u00e9xico; as\u00ed como Fabi\u00e1n Galindo Cota, Director del Instituto de Estudios Superiores de Seguridad P\u00fablica del estado de Sonora, entre otras personalidades.<\/p>\n\n\n\n<figure class=\"wp-block-gallery has-nested-images columns-default is-cropped wp-block-gallery-1 is-layout-flex wp-block-gallery-is-layout-flex\">\n<figure class=\"wp-block-image size-large\"><img loading=\"lazy\" decoding=\"async\" width=\"640\" height=\"405\" data-id=\"133145\" src=\"https:\/\/www.elsinodaldetamaulipas.com.mx\/wp-content\/uploads\/2023\/02\/SSPcxz-II.jpeg\" alt=\"\" class=\"wp-image-133145\" srcset=\"https:\/\/www.elsinodaldetamaulipas.com.mx\/wp-content\/uploads\/2023\/02\/SSPcxz-II.jpeg 640w, https:\/\/www.elsinodaldetamaulipas.com.mx\/wp-content\/uploads\/2023\/02\/SSPcxz-II-300x190.jpeg 300w, https:\/\/www.elsinodaldetamaulipas.com.mx\/wp-content\/uploads\/2023\/02\/SSPcxz-II-345x218.jpeg 345w\" sizes=\"auto, (max-width: 640px) 100vw, 640px\" \/><\/figure>\n\n\n\n<figure class=\"wp-block-image size-large\"><img loading=\"lazy\" decoding=\"async\" width=\"640\" height=\"425\" data-id=\"133150\" src=\"https:\/\/www.elsinodaldetamaulipas.com.mx\/wp-content\/uploads\/2023\/02\/SSPcxz-IIIIIII.jpeg\" alt=\"\" class=\"wp-image-133150\" srcset=\"https:\/\/www.elsinodaldetamaulipas.com.mx\/wp-content\/uploads\/2023\/02\/SSPcxz-IIIIIII.jpeg 640w, https:\/\/www.elsinodaldetamaulipas.com.mx\/wp-content\/uploads\/2023\/02\/SSPcxz-IIIIIII-300x199.jpeg 300w\" sizes=\"auto, (max-width: 640px) 100vw, 640px\" \/><\/figure>\n\n\n\n<figure class=\"wp-block-image size-large\"><img loading=\"lazy\" decoding=\"async\" width=\"640\" height=\"426\" data-id=\"133149\" src=\"https:\/\/www.elsinodaldetamaulipas.com.mx\/wp-content\/uploads\/2023\/02\/SSPcxz-IIIIII.jpeg\" alt=\"\" class=\"wp-image-133149\" srcset=\"https:\/\/www.elsinodaldetamaulipas.com.mx\/wp-content\/uploads\/2023\/02\/SSPcxz-IIIIII.jpeg 640w, https:\/\/www.elsinodaldetamaulipas.com.mx\/wp-content\/uploads\/2023\/02\/SSPcxz-IIIIII-300x200.jpeg 300w\" sizes=\"auto, (max-width: 640px) 100vw, 640px\" \/><\/figure>\n\n\n\n<figure class=\"wp-block-image size-large\"><img loading=\"lazy\" decoding=\"async\" width=\"640\" height=\"427\" data-id=\"133148\" src=\"https:\/\/www.elsinodaldetamaulipas.com.mx\/wp-content\/uploads\/2023\/02\/SSPcxz-IIIII.jpeg\" alt=\"\" class=\"wp-image-133148\" srcset=\"https:\/\/www.elsinodaldetamaulipas.com.mx\/wp-content\/uploads\/2023\/02\/SSPcxz-IIIII.jpeg 640w, https:\/\/www.elsinodaldetamaulipas.com.mx\/wp-content\/uploads\/2023\/02\/SSPcxz-IIIII-300x200.jpeg 300w\" sizes=\"auto, (max-width: 640px) 100vw, 640px\" \/><\/figure>\n\n\n\n<figure class=\"wp-block-image size-large\"><img loading=\"lazy\" decoding=\"async\" width=\"640\" height=\"427\" data-id=\"133147\" src=\"https:\/\/www.elsinodaldetamaulipas.com.mx\/wp-content\/uploads\/2023\/02\/SSPcxz-IIII.jpeg\" alt=\"\" class=\"wp-image-133147\" srcset=\"https:\/\/www.elsinodaldetamaulipas.com.mx\/wp-content\/uploads\/2023\/02\/SSPcxz-IIII.jpeg 640w, https:\/\/www.elsinodaldetamaulipas.com.mx\/wp-content\/uploads\/2023\/02\/SSPcxz-IIII-300x200.jpeg 300w\" sizes=\"auto, (max-width: 640px) 100vw, 640px\" \/><\/figure>\n\n\n\n<figure class=\"wp-block-image size-large\"><img loading=\"lazy\" decoding=\"async\" width=\"640\" height=\"256\" data-id=\"133146\" src=\"https:\/\/www.elsinodaldetamaulipas.com.mx\/wp-content\/uploads\/2023\/02\/SSPcxz-III.jpeg\" alt=\"\" class=\"wp-image-133146\" srcset=\"https:\/\/www.elsinodaldetamaulipas.com.mx\/wp-content\/uploads\/2023\/02\/SSPcxz-III.jpeg 640w, https:\/\/www.elsinodaldetamaulipas.com.mx\/wp-content\/uploads\/2023\/02\/SSPcxz-III-300x120.jpeg 300w\" sizes=\"auto, (max-width: 640px) 100vw, 640px\" \/><\/figure>\n<\/figure>\n","protected":false},"excerpt":{"rendered":"<p>EL SINODAL DE TAMAULIPAS Ciudad Victoria, Tamaulipas.- Al inaugurar la d\u00e9cimo tercera reuni\u00f3n del Consejo Acad\u00e9mico Regi\u00f3n Noreste, cuya presidencia recae en la Universidad de Seguridad y Justicia de Tamaulipas (USJT), el Secretario de Seguridad P\u00fablica, Sergio Hernando Ch\u00e1vez Garc\u00eda destac\u00f3 que es imprescindible contar con cuerpos policiales mejor capacitados, de ah\u00ed la importancia de [&hellip;]<\/p>\n","protected":false},"author":1,"featured_media":133151,"comment_status":"closed","ping_status":"closed","sticky":false,"template":"","format":"standard","meta":{"footnotes":""},"categories":[13,1,3],"tags":[],"class_list":["post-133143","post","type-post","status-publish","format-standard","has-post-thumbnail","hentry","category-gobierno","category-portada","category-tamaulipas"],"_links":{"self":[{"href":"https:\/\/www.elsinodaldetamaulipas.com.mx\/index.php?rest_route=\/wp\/v2\/posts\/133143","targetHints":{"allow":["GET"]}}],"collection":[{"href":"https:\/\/www.elsinodaldetamaulipas.com.mx\/index.php?rest_route=\/wp\/v2\/posts"}],"about":[{"href":"https:\/\/www.elsinodaldetamaulipas.com.mx\/index.php?rest_route=\/wp\/v2\/types\/post"}],"author":[{"embeddable":true,"href":"https:\/\/www.elsinodaldetamaulipas.com.mx\/index.php?rest_route=\/wp\/v2\/users\/1"}],"replies":[{"embeddable":true,"href":"https:\/\/www.elsinodaldetamaulipas.com.mx\/index.php?rest_route=%2Fwp%2Fv2%2Fcomments&post=133143"}],"version-history":[{"count":1,"href":"https:\/\/www.elsinodaldetamaulipas.com.mx\/index.php?rest_route=\/wp\/v2\/posts\/133143\/revisions"}],"predecessor-version":[{"id":133152,"href":"https:\/\/www.elsinodaldetamaulipas.com.mx\/index.php?rest_route=\/wp\/v2\/posts\/133143\/revisions\/133152"}],"wp:featuredmedia":[{"embeddable":true,"href":"https:\/\/www.elsinodaldetamaulipas.com.mx\/index.php?rest_route=\/wp\/v2\/media\/133151"}],"wp:attachment":[{"href":"https:\/\/www.elsinodaldetamaulipas.com.mx\/index.php?rest_route=%2Fwp%2Fv2%2Fmedia&parent=133143"}],"wp:term":[{"taxonomy":"category","embeddable":true,"href":"https:\/\/www.elsinodaldetamaulipas.com.mx\/index.php?rest_route=%2Fwp%2Fv2%2Fcategories&post=133143"},{"taxonomy":"post_tag","embeddable":true,"href":"https:\/\/www.elsinodaldetamaulipas.com.mx\/index.php?rest_route=%2Fwp%2Fv2%2Ftags&post=133143"}],"curies":[{"name":"wp","href":"https:\/\/api.w.org\/{rel}","templated":true}]}}