{"id":136620,"date":"2023-03-20T01:48:54","date_gmt":"2023-03-20T01:48:54","guid":{"rendered":"http:\/\/www.elsinodaldetamaulipas.com.mx\/?p=136620"},"modified":"2023-03-20T01:48:59","modified_gmt":"2023-03-20T01:48:59","slug":"entrega-dif-tamaulipas-equipos-de-rehabilitacion-fisica-a-trece-municipios","status":"publish","type":"post","link":"https:\/\/www.elsinodaldetamaulipas.com.mx\/?p=136620","title":{"rendered":"ENTREGA DIF TAMAULIPAS EQUIPOS DE REHABILITACI\u00d3N F\u00cdSICA A TRECE MUNICIPIOS"},"content":{"rendered":"\n<p><strong>EL SINODAL DE TAMAULIPAS<\/strong><\/p>\n\n\n\n<p><em><strong>Cd. Victoria, Tamaulipas.-<\/strong><\/em> Para seguir proporcionando un servicio de calidad y calidez a las personas que requieran rehabilitaci\u00f3n f\u00edsica, el Sistema DIF Tamaulipas que preside la doctora Mar\u00eda de Villarreal llev\u00f3 a cabo la asignaci\u00f3n de equipos y materiales para las Unidades B\u00e1sicas de Rehabilitaci\u00f3n.<\/p>\n\n\n\n<p>Estas unidades conocidas como UBR de los municipios de G\u00fcemez, Padilla, Jim\u00e9nez, San Fernando, Ocampo, Nuevo Morelos, Aldama, Abasolo, Soto la Marina, Hidalgo, Mainero, Nueva Ciudad Guerrero y Jaumave, atienden con terapias de restablecimiento f\u00edsico, consultas especializadas y atenci\u00f3n personalizada a todos sus pacientes.<\/p>\n\n\n\n<p>Geancarlo Bonetta Cavazos, director general del Sistema DIF Estatal, mencion\u00f3 que este equipamiento y distribuci\u00f3n de materiales, fue posible gracias a la coordinaci\u00f3n y apoyo que se ha logrado con el Sistema Nacional DIF, instituci\u00f3n con la que se comparte el humanismo para transformar al pa\u00eds.<\/p>\n","protected":false},"excerpt":{"rendered":"<p>EL SINODAL DE TAMAULIPAS Cd. Victoria, Tamaulipas.- Para seguir proporcionando un servicio de calidad y calidez a las personas que requieran rehabilitaci\u00f3n f\u00edsica, el Sistema DIF Tamaulipas que preside la doctora Mar\u00eda de Villarreal llev\u00f3 a cabo la asignaci\u00f3n de equipos y materiales para las Unidades B\u00e1sicas de Rehabilitaci\u00f3n. Estas unidades conocidas como UBR de [&hellip;]<\/p>\n","protected":false},"author":1,"featured_media":136621,"comment_status":"closed","ping_status":"closed","sticky":false,"template":"","format":"standard","meta":{"footnotes":""},"categories":[13,1,3],"tags":[],"class_list":["post-136620","post","type-post","status-publish","format-standard","has-post-thumbnail","hentry","category-gobierno","category-portada","category-tamaulipas"],"_links":{"self":[{"href":"https:\/\/www.elsinodaldetamaulipas.com.mx\/index.php?rest_route=\/wp\/v2\/posts\/136620","targetHints":{"allow":["GET"]}}],"collection":[{"href":"https:\/\/www.elsinodaldetamaulipas.com.mx\/index.php?rest_route=\/wp\/v2\/posts"}],"about":[{"href":"https:\/\/www.elsinodaldetamaulipas.com.mx\/index.php?rest_route=\/wp\/v2\/types\/post"}],"author":[{"embeddable":true,"href":"https:\/\/www.elsinodaldetamaulipas.com.mx\/index.php?rest_route=\/wp\/v2\/users\/1"}],"replies":[{"embeddable":true,"href":"https:\/\/www.elsinodaldetamaulipas.com.mx\/index.php?rest_route=%2Fwp%2Fv2%2Fcomments&post=136620"}],"version-history":[{"count":1,"href":"https:\/\/www.elsinodaldetamaulipas.com.mx\/index.php?rest_route=\/wp\/v2\/posts\/136620\/revisions"}],"predecessor-version":[{"id":136622,"href":"https:\/\/www.elsinodaldetamaulipas.com.mx\/index.php?rest_route=\/wp\/v2\/posts\/136620\/revisions\/136622"}],"wp:featuredmedia":[{"embeddable":true,"href":"https:\/\/www.elsinodaldetamaulipas.com.mx\/index.php?rest_route=\/wp\/v2\/media\/136621"}],"wp:attachment":[{"href":"https:\/\/www.elsinodaldetamaulipas.com.mx\/index.php?rest_route=%2Fwp%2Fv2%2Fmedia&parent=136620"}],"wp:term":[{"taxonomy":"category","embeddable":true,"href":"https:\/\/www.elsinodaldetamaulipas.com.mx\/index.php?rest_route=%2Fwp%2Fv2%2Fcategories&post=136620"},{"taxonomy":"post_tag","embeddable":true,"href":"https:\/\/www.elsinodaldetamaulipas.com.mx\/index.php?rest_route=%2Fwp%2Fv2%2Ftags&post=136620"}],"curies":[{"name":"wp","href":"https:\/\/api.w.org\/{rel}","templated":true}]}}