{"id":137038,"date":"2023-03-22T21:39:59","date_gmt":"2023-03-22T21:39:59","guid":{"rendered":"http:\/\/www.elsinodaldetamaulipas.com.mx\/?p=137038"},"modified":"2023-03-22T21:40:02","modified_gmt":"2023-03-22T21:40:02","slug":"inauguro-carlos-pena-ortiz-el-mural-interaccion-submarina","status":"publish","type":"post","link":"https:\/\/www.elsinodaldetamaulipas.com.mx\/?p=137038","title":{"rendered":"INAUGUR\u00d3 CARLOS PE\u00d1A ORTIZ EL MURAL \u00abINTERACCI\u00d3N SUBMARINA\u00bb"},"content":{"rendered":"\n<ul class=\"wp-block-list\">\n<li><strong><em>El corte de list\u00f3n se dio en conmemoraci\u00f3n del D\u00eda Mundial del Agua.<\/em><\/strong><\/li>\n<\/ul>\n\n\n\n<p><strong>EL SINODAL DE TAMAULIPAS<\/strong><\/p>\n\n\n<div class=\"wp-block-image\">\n<figure class=\"alignright size-full\"><img loading=\"lazy\" decoding=\"async\" width=\"640\" height=\"427\" src=\"https:\/\/www.elsinodaldetamaulipas.com.mx\/wp-content\/uploads\/2023\/03\/Inuurx-I.jpeg\" alt=\"\" class=\"wp-image-137039\" srcset=\"https:\/\/www.elsinodaldetamaulipas.com.mx\/wp-content\/uploads\/2023\/03\/Inuurx-I.jpeg 640w, https:\/\/www.elsinodaldetamaulipas.com.mx\/wp-content\/uploads\/2023\/03\/Inuurx-I-300x200.jpeg 300w\" sizes=\"auto, (max-width: 640px) 100vw, 640px\" \/><\/figure><\/div>\n\n\n<p><strong>Reynosa, Tam.-<\/strong> En conmemoraci\u00f3n del D\u00eda Mundial del Agua; Carlos Pe\u00f1a Ortiz inaugur\u00f3 en representaci\u00f3n del Gobierno de Reynosa, el mural \u00abInteracci\u00f3n Submarina\u00bb, del artista Gabriel \u00abHuman\u00bb Guzm\u00e1n Romero, una obra alusiva a la relaci\u00f3n de los seres humanos y los ecosistemas.<\/p>\n\n\n\n<p>La obra pict\u00f3rica est\u00e1 alineada a la Agenda 2030 en su ODS 14, Objetivos de Desarrollo Sostenible, Vida Submarina, que promueve un plan para lograr un futuro mejor y m\u00e1s sostenible con el cuidado del agua, r\u00edos, mares y oc\u00e9anos.<\/p>\n\n\n\n<p>\u00abLos invito que a trav\u00e9s de peque\u00f1os h\u00e1bitos tomemos conciencia para conservar el agua\u00bb, mencion\u00f3 en el evento inaugural el Alcalde, quien recomend\u00f3:<br>1. Cerrar la llave cuando te cepilles los dientes.<br>2. No tardes m\u00e1s de 5 minutos ba\u00f1\u00e1ndote.<br>3. No tires basura al inodoro.<br>4. Riega las plantas por la noche.<\/p>\n\n\n\n<p>El mural inaugurado este mi\u00e9rcoles 22 de marzo con la participaci\u00f3n de funcionarios municipales y miembros del Cabildo, est\u00e1 ubicado en el DIF-Reynosa de la calle Adolfo L\u00f3pez Mateos, esquina con bulevar Hidalgo, y es parte de las 14 obras propuestas a trav\u00e9s de la convocatoria del IRCA para embellecer la ciudad.<\/p>\n\n\n\n<p>#JuntosVolamosM\u00e1sAlto<\/p>\n\n\n<div class=\"wp-block-image\">\n<figure class=\"aligncenter size-full\"><img loading=\"lazy\" decoding=\"async\" width=\"640\" height=\"427\" src=\"https:\/\/www.elsinodaldetamaulipas.com.mx\/wp-content\/uploads\/2023\/03\/Inuurx-II.jpeg\" alt=\"\" class=\"wp-image-137040\" srcset=\"https:\/\/www.elsinodaldetamaulipas.com.mx\/wp-content\/uploads\/2023\/03\/Inuurx-II.jpeg 640w, https:\/\/www.elsinodaldetamaulipas.com.mx\/wp-content\/uploads\/2023\/03\/Inuurx-II-300x200.jpeg 300w\" sizes=\"auto, (max-width: 640px) 100vw, 640px\" \/><\/figure><\/div>","protected":false},"excerpt":{"rendered":"<p>EL SINODAL DE TAMAULIPAS Reynosa, Tam.- En conmemoraci\u00f3n del D\u00eda Mundial del Agua; Carlos Pe\u00f1a Ortiz inaugur\u00f3 en representaci\u00f3n del Gobierno de Reynosa, el mural \u00abInteracci\u00f3n Submarina\u00bb, del artista Gabriel \u00abHuman\u00bb Guzm\u00e1n Romero, una obra alusiva a la relaci\u00f3n de los seres humanos y los ecosistemas. La obra pict\u00f3rica est\u00e1 alineada a la Agenda 2030 [&hellip;]<\/p>\n","protected":false},"author":1,"featured_media":137041,"comment_status":"closed","ping_status":"closed","sticky":false,"template":"","format":"standard","meta":{"footnotes":""},"categories":[1,2],"tags":[],"class_list":["post-137038","post","type-post","status-publish","format-standard","has-post-thumbnail","hentry","category-portada","category-reynosa"],"_links":{"self":[{"href":"https:\/\/www.elsinodaldetamaulipas.com.mx\/index.php?rest_route=\/wp\/v2\/posts\/137038","targetHints":{"allow":["GET"]}}],"collection":[{"href":"https:\/\/www.elsinodaldetamaulipas.com.mx\/index.php?rest_route=\/wp\/v2\/posts"}],"about":[{"href":"https:\/\/www.elsinodaldetamaulipas.com.mx\/index.php?rest_route=\/wp\/v2\/types\/post"}],"author":[{"embeddable":true,"href":"https:\/\/www.elsinodaldetamaulipas.com.mx\/index.php?rest_route=\/wp\/v2\/users\/1"}],"replies":[{"embeddable":true,"href":"https:\/\/www.elsinodaldetamaulipas.com.mx\/index.php?rest_route=%2Fwp%2Fv2%2Fcomments&post=137038"}],"version-history":[{"count":1,"href":"https:\/\/www.elsinodaldetamaulipas.com.mx\/index.php?rest_route=\/wp\/v2\/posts\/137038\/revisions"}],"predecessor-version":[{"id":137042,"href":"https:\/\/www.elsinodaldetamaulipas.com.mx\/index.php?rest_route=\/wp\/v2\/posts\/137038\/revisions\/137042"}],"wp:featuredmedia":[{"embeddable":true,"href":"https:\/\/www.elsinodaldetamaulipas.com.mx\/index.php?rest_route=\/wp\/v2\/media\/137041"}],"wp:attachment":[{"href":"https:\/\/www.elsinodaldetamaulipas.com.mx\/index.php?rest_route=%2Fwp%2Fv2%2Fmedia&parent=137038"}],"wp:term":[{"taxonomy":"category","embeddable":true,"href":"https:\/\/www.elsinodaldetamaulipas.com.mx\/index.php?rest_route=%2Fwp%2Fv2%2Fcategories&post=137038"},{"taxonomy":"post_tag","embeddable":true,"href":"https:\/\/www.elsinodaldetamaulipas.com.mx\/index.php?rest_route=%2Fwp%2Fv2%2Ftags&post=137038"}],"curies":[{"name":"wp","href":"https:\/\/api.w.org\/{rel}","templated":true}]}}