{"id":138080,"date":"2023-03-29T00:53:21","date_gmt":"2023-03-29T00:53:21","guid":{"rendered":"http:\/\/www.elsinodaldetamaulipas.com.mx\/?p=138080"},"modified":"2023-03-29T00:53:27","modified_gmt":"2023-03-29T00:53:27","slug":"itca-da-a-conocer-convocatoria-saberes-sobre-la-escena","status":"publish","type":"post","link":"https:\/\/www.elsinodaldetamaulipas.com.mx\/?p=138080","title":{"rendered":"ITCA DA A CONOCER CONVOCATORIA \u201cSABERES SOBRE LA ESCENA\u201d"},"content":{"rendered":"\n<p><strong>EL SINODAL DE TAMAULIPAS<\/strong><\/p>\n\n\n<div class=\"wp-block-image\">\n<figure class=\"alignright size-full\"><img loading=\"lazy\" decoding=\"async\" width=\"640\" height=\"480\" src=\"https:\/\/www.elsinodaldetamaulipas.com.mx\/wp-content\/uploads\/2023\/03\/ICAescena-I.jpg\" alt=\"\" class=\"wp-image-138081\" srcset=\"https:\/\/www.elsinodaldetamaulipas.com.mx\/wp-content\/uploads\/2023\/03\/ICAescena-I.jpg 640w, https:\/\/www.elsinodaldetamaulipas.com.mx\/wp-content\/uploads\/2023\/03\/ICAescena-I-300x225.jpg 300w, https:\/\/www.elsinodaldetamaulipas.com.mx\/wp-content\/uploads\/2023\/03\/ICAescena-I-272x204.jpg 272w\" sizes=\"auto, (max-width: 640px) 100vw, 640px\" \/><\/figure><\/div>\n\n\n<p><em><strong>Ciudad Victoria, Tamaulipas.-<\/strong><\/em> En el marco de las celebraciones del D\u00eda Mundial del Teatro, la directora general del Instituto Tamaulipeco para la Cultura y las Artes, Brenda Denisse de la Cruz L\u00f3pez, dio a conocer la convocatoria \u201cSaberes sobre la escena,\u201d que se realiza en coordinaci\u00f3n con la Secretar\u00eda de Cultura del Gobierno de M\u00e9xico, mediante el Centro Cultural Hel\u00e9nico, dirigido por el maestro Antonio Z\u00fa\u00f1iga Chaparro.<\/p>\n\n\n\n<p>Dicha convocatoria est\u00e1 dirigida a los artistas esc\u00e9nicos tamaulipecos y nacionales que buscan compartir saberes y experiencias con los creadores tamaulipecos, para brindarles mejores herramientas para el desarrollo teatral en el estado y tiene el objetivo de fomentar el desarrollo de las aptitudes sociales, creativas y de formaci\u00f3n art\u00edstica, a trav\u00e9s de talleres de profesionalizaci\u00f3n para creadores y creadoras del estado de Tamaulipas.<\/p>\n\n\n\n<p>A trav\u00e9s de esta convocatoria, se seleccionar\u00e1n ocho creadores tamaulipecos y nacionales que compartir\u00e1n saberes con los creadores esc\u00e9nicos de Tamaulipas, con el prop\u00f3sito de incentivar los procesos creativos en nuestro estado.<\/p>\n\n\n\n<p>Los talleristas seleccionados recibir\u00e1n un pago \u00fanico e indivisible de 10 mil pesos.<\/p>\n\n\n\n<p>Las sedes ser\u00e1n seleccionadas una vez que se conozca la oferta acad\u00e9mica de los artistas seleccionados y los temas pueden versar en torno a: actuaci\u00f3n, direcci\u00f3n, teatro para ni\u00f1as, ni\u00f1os y j\u00f3venes audiencias, escenograf\u00eda e iluminaci\u00f3n, vestuario, dramaturgia y gesti\u00f3n cultural y producci\u00f3n esc\u00e9nica.<\/p>\n\n\n\n<p>El \u00faltimo d\u00eda para la recepci\u00f3n de propuestas es el viernes 21 de abril y los resultados se dar\u00e1n a conocer el 26 de mayo.<\/p>\n\n\n\n<p>La selecci\u00f3n de las propuestas estar\u00e1 a cargo de un jurado calificador designado por el Centro Cultural Hel\u00e9nico, y los talleres se llevar\u00e1n a cabo de julio a noviembre de 2023.<\/p>\n\n\n<div class=\"wp-block-image\">\n<figure class=\"aligncenter size-full\"><img loading=\"lazy\" decoding=\"async\" width=\"640\" height=\"480\" src=\"https:\/\/www.elsinodaldetamaulipas.com.mx\/wp-content\/uploads\/2023\/03\/ICAescena-II.jpg\" alt=\"\" class=\"wp-image-138082\" srcset=\"https:\/\/www.elsinodaldetamaulipas.com.mx\/wp-content\/uploads\/2023\/03\/ICAescena-II.jpg 640w, https:\/\/www.elsinodaldetamaulipas.com.mx\/wp-content\/uploads\/2023\/03\/ICAescena-II-300x225.jpg 300w, https:\/\/www.elsinodaldetamaulipas.com.mx\/wp-content\/uploads\/2023\/03\/ICAescena-II-272x204.jpg 272w\" sizes=\"auto, (max-width: 640px) 100vw, 640px\" \/><\/figure><\/div>","protected":false},"excerpt":{"rendered":"<p>EL SINODAL DE TAMAULIPAS Ciudad Victoria, Tamaulipas.- En el marco de las celebraciones del D\u00eda Mundial del Teatro, la directora general del Instituto Tamaulipeco para la Cultura y las Artes, Brenda Denisse de la Cruz L\u00f3pez, dio a conocer la convocatoria \u201cSaberes sobre la escena,\u201d que se realiza en coordinaci\u00f3n con la Secretar\u00eda de Cultura [&hellip;]<\/p>\n","protected":false},"author":1,"featured_media":138083,"comment_status":"closed","ping_status":"closed","sticky":false,"template":"","format":"standard","meta":{"footnotes":""},"categories":[1,3],"tags":[],"class_list":["post-138080","post","type-post","status-publish","format-standard","has-post-thumbnail","hentry","category-portada","category-tamaulipas"],"_links":{"self":[{"href":"https:\/\/www.elsinodaldetamaulipas.com.mx\/index.php?rest_route=\/wp\/v2\/posts\/138080","targetHints":{"allow":["GET"]}}],"collection":[{"href":"https:\/\/www.elsinodaldetamaulipas.com.mx\/index.php?rest_route=\/wp\/v2\/posts"}],"about":[{"href":"https:\/\/www.elsinodaldetamaulipas.com.mx\/index.php?rest_route=\/wp\/v2\/types\/post"}],"author":[{"embeddable":true,"href":"https:\/\/www.elsinodaldetamaulipas.com.mx\/index.php?rest_route=\/wp\/v2\/users\/1"}],"replies":[{"embeddable":true,"href":"https:\/\/www.elsinodaldetamaulipas.com.mx\/index.php?rest_route=%2Fwp%2Fv2%2Fcomments&post=138080"}],"version-history":[{"count":1,"href":"https:\/\/www.elsinodaldetamaulipas.com.mx\/index.php?rest_route=\/wp\/v2\/posts\/138080\/revisions"}],"predecessor-version":[{"id":138084,"href":"https:\/\/www.elsinodaldetamaulipas.com.mx\/index.php?rest_route=\/wp\/v2\/posts\/138080\/revisions\/138084"}],"wp:featuredmedia":[{"embeddable":true,"href":"https:\/\/www.elsinodaldetamaulipas.com.mx\/index.php?rest_route=\/wp\/v2\/media\/138083"}],"wp:attachment":[{"href":"https:\/\/www.elsinodaldetamaulipas.com.mx\/index.php?rest_route=%2Fwp%2Fv2%2Fmedia&parent=138080"}],"wp:term":[{"taxonomy":"category","embeddable":true,"href":"https:\/\/www.elsinodaldetamaulipas.com.mx\/index.php?rest_route=%2Fwp%2Fv2%2Fcategories&post=138080"},{"taxonomy":"post_tag","embeddable":true,"href":"https:\/\/www.elsinodaldetamaulipas.com.mx\/index.php?rest_route=%2Fwp%2Fv2%2Ftags&post=138080"}],"curies":[{"name":"wp","href":"https:\/\/api.w.org\/{rel}","templated":true}]}}