{"id":138403,"date":"2023-03-31T03:13:53","date_gmt":"2023-03-31T03:13:53","guid":{"rendered":"http:\/\/www.elsinodaldetamaulipas.com.mx\/?p=138403"},"modified":"2023-03-31T03:13:59","modified_gmt":"2023-03-31T03:13:59","slug":"registraran-estudiantes-de-la-col-ramon-perez-a-programas-de-becas-municipales","status":"publish","type":"post","link":"https:\/\/www.elsinodaldetamaulipas.com.mx\/?p=138403","title":{"rendered":"REGISTRAR\u00c1N ESTUDIANTES DE LA COL. RAM\u00d3N P\u00c9REZ A PROGRAMAS DE BECAS MUNICIPALES"},"content":{"rendered":"\n<p><strong>EL SINODAL DE TAMAULIPAS<\/strong><\/p>\n\n\n<div class=\"wp-block-image\">\n<figure class=\"alignright size-full\"><img loading=\"lazy\" decoding=\"async\" width=\"640\" height=\"427\" src=\"https:\/\/www.elsinodaldetamaulipas.com.mx\/wp-content\/uploads\/2023\/03\/Foliax-I.jpg\" alt=\"\" class=\"wp-image-138404\" srcset=\"https:\/\/www.elsinodaldetamaulipas.com.mx\/wp-content\/uploads\/2023\/03\/Foliax-I.jpg 640w, https:\/\/www.elsinodaldetamaulipas.com.mx\/wp-content\/uploads\/2023\/03\/Foliax-I-300x200.jpg 300w\" sizes=\"auto, (max-width: 640px) 100vw, 640px\" \/><\/figure><\/div>\n\n\n<p><em><strong>Reynosa, Tam.-<\/strong><\/em> El Presidente Municipal, Carlos Pe\u00f1a Ortiz, realiz\u00f3 un nuevo recorrido al sur de la ciudad y visit\u00f3 la colonia Ram\u00f3n P\u00e9rez para hacer entrega de Folios para inscribirse al Programa de Becas M\u00e1s Grande en la Historia de Reynosa.<\/p>\n\n\n\n<p>Durante su paso por las calles de este sector, que cuenta con mucha poblaci\u00f3n de escasos recursos econ\u00f3micos y con dif\u00edcil acceso a Internet, el Alcalde recibi\u00f3 muestras de apoyo por los beneficios que cada a\u00f1o se logran al apoyar a miles de estudiantes.<\/p>\n\n\n\n<p>Este 2023, m\u00e1s de 35 mil alumnos de educaci\u00f3n preescolar, primaria, secundaria, universidad, as\u00ed como estudiantes de arte, practicantes de deporte, y nuevos profesionistas, recibir\u00e1n una Beca Municipal del programa que cuenta con un presupuesto de 150 Millones de Pesos.<\/p>\n\n\n\n<p>#JuntosVolamosM\u00e1sAlto<\/p>\n\n\n\n<figure class=\"wp-block-gallery has-nested-images columns-default is-cropped wp-block-gallery-1 is-layout-flex wp-block-gallery-is-layout-flex\">\n<figure class=\"wp-block-image size-large\"><img loading=\"lazy\" decoding=\"async\" width=\"640\" height=\"427\" data-id=\"138405\" src=\"https:\/\/www.elsinodaldetamaulipas.com.mx\/wp-content\/uploads\/2023\/03\/Foliax-II.jpg\" alt=\"\" class=\"wp-image-138405\" srcset=\"https:\/\/www.elsinodaldetamaulipas.com.mx\/wp-content\/uploads\/2023\/03\/Foliax-II.jpg 640w, https:\/\/www.elsinodaldetamaulipas.com.mx\/wp-content\/uploads\/2023\/03\/Foliax-II-300x200.jpg 300w\" sizes=\"auto, (max-width: 640px) 100vw, 640px\" \/><\/figure>\n\n\n\n<figure class=\"wp-block-image size-large\"><img loading=\"lazy\" decoding=\"async\" width=\"640\" height=\"427\" data-id=\"138411\" src=\"https:\/\/www.elsinodaldetamaulipas.com.mx\/wp-content\/uploads\/2023\/03\/Foliax-IIIIIIII.jpg\" alt=\"\" class=\"wp-image-138411\" srcset=\"https:\/\/www.elsinodaldetamaulipas.com.mx\/wp-content\/uploads\/2023\/03\/Foliax-IIIIIIII.jpg 640w, https:\/\/www.elsinodaldetamaulipas.com.mx\/wp-content\/uploads\/2023\/03\/Foliax-IIIIIIII-300x200.jpg 300w\" sizes=\"auto, (max-width: 640px) 100vw, 640px\" \/><\/figure>\n\n\n\n<figure class=\"wp-block-image size-large\"><img loading=\"lazy\" decoding=\"async\" width=\"640\" height=\"427\" data-id=\"138410\" src=\"https:\/\/www.elsinodaldetamaulipas.com.mx\/wp-content\/uploads\/2023\/03\/Foliax-IIIIIII.jpg\" alt=\"\" class=\"wp-image-138410\" srcset=\"https:\/\/www.elsinodaldetamaulipas.com.mx\/wp-content\/uploads\/2023\/03\/Foliax-IIIIIII.jpg 640w, https:\/\/www.elsinodaldetamaulipas.com.mx\/wp-content\/uploads\/2023\/03\/Foliax-IIIIIII-300x200.jpg 300w\" sizes=\"auto, (max-width: 640px) 100vw, 640px\" \/><\/figure>\n\n\n\n<figure class=\"wp-block-image size-large\"><img loading=\"lazy\" decoding=\"async\" width=\"640\" height=\"427\" data-id=\"138409\" src=\"https:\/\/www.elsinodaldetamaulipas.com.mx\/wp-content\/uploads\/2023\/03\/Foliax-IIIIII.jpg\" alt=\"\" class=\"wp-image-138409\" srcset=\"https:\/\/www.elsinodaldetamaulipas.com.mx\/wp-content\/uploads\/2023\/03\/Foliax-IIIIII.jpg 640w, https:\/\/www.elsinodaldetamaulipas.com.mx\/wp-content\/uploads\/2023\/03\/Foliax-IIIIII-300x200.jpg 300w\" sizes=\"auto, (max-width: 640px) 100vw, 640px\" \/><\/figure>\n\n\n\n<figure class=\"wp-block-image size-large\"><img loading=\"lazy\" decoding=\"async\" width=\"640\" height=\"427\" data-id=\"138408\" src=\"https:\/\/www.elsinodaldetamaulipas.com.mx\/wp-content\/uploads\/2023\/03\/Foliax-IIIII.jpg\" alt=\"\" class=\"wp-image-138408\" srcset=\"https:\/\/www.elsinodaldetamaulipas.com.mx\/wp-content\/uploads\/2023\/03\/Foliax-IIIII.jpg 640w, https:\/\/www.elsinodaldetamaulipas.com.mx\/wp-content\/uploads\/2023\/03\/Foliax-IIIII-300x200.jpg 300w\" sizes=\"auto, (max-width: 640px) 100vw, 640px\" \/><\/figure>\n\n\n\n<figure class=\"wp-block-image size-large\"><img loading=\"lazy\" decoding=\"async\" width=\"640\" height=\"427\" data-id=\"138407\" src=\"https:\/\/www.elsinodaldetamaulipas.com.mx\/wp-content\/uploads\/2023\/03\/Foliax-IIII.jpg\" alt=\"\" class=\"wp-image-138407\" srcset=\"https:\/\/www.elsinodaldetamaulipas.com.mx\/wp-content\/uploads\/2023\/03\/Foliax-IIII.jpg 640w, https:\/\/www.elsinodaldetamaulipas.com.mx\/wp-content\/uploads\/2023\/03\/Foliax-IIII-300x200.jpg 300w\" sizes=\"auto, (max-width: 640px) 100vw, 640px\" \/><\/figure>\n\n\n\n<figure class=\"wp-block-image size-large\"><img loading=\"lazy\" decoding=\"async\" width=\"640\" height=\"427\" data-id=\"138406\" src=\"https:\/\/www.elsinodaldetamaulipas.com.mx\/wp-content\/uploads\/2023\/03\/Foliax-III.jpg\" alt=\"\" class=\"wp-image-138406\" srcset=\"https:\/\/www.elsinodaldetamaulipas.com.mx\/wp-content\/uploads\/2023\/03\/Foliax-III.jpg 640w, https:\/\/www.elsinodaldetamaulipas.com.mx\/wp-content\/uploads\/2023\/03\/Foliax-III-300x200.jpg 300w\" sizes=\"auto, (max-width: 640px) 100vw, 640px\" \/><\/figure>\n<\/figure>\n","protected":false},"excerpt":{"rendered":"<p>EL SINODAL DE TAMAULIPAS Reynosa, Tam.- El Presidente Municipal, Carlos Pe\u00f1a Ortiz, realiz\u00f3 un nuevo recorrido al sur de la ciudad y visit\u00f3 la colonia Ram\u00f3n P\u00e9rez para hacer entrega de Folios para inscribirse al Programa de Becas M\u00e1s Grande en la Historia de Reynosa. Durante su paso por las calles de este sector, que [&hellip;]<\/p>\n","protected":false},"author":1,"featured_media":138412,"comment_status":"closed","ping_status":"closed","sticky":false,"template":"","format":"standard","meta":{"footnotes":""},"categories":[1,2],"tags":[],"class_list":["post-138403","post","type-post","status-publish","format-standard","has-post-thumbnail","hentry","category-portada","category-reynosa"],"_links":{"self":[{"href":"https:\/\/www.elsinodaldetamaulipas.com.mx\/index.php?rest_route=\/wp\/v2\/posts\/138403","targetHints":{"allow":["GET"]}}],"collection":[{"href":"https:\/\/www.elsinodaldetamaulipas.com.mx\/index.php?rest_route=\/wp\/v2\/posts"}],"about":[{"href":"https:\/\/www.elsinodaldetamaulipas.com.mx\/index.php?rest_route=\/wp\/v2\/types\/post"}],"author":[{"embeddable":true,"href":"https:\/\/www.elsinodaldetamaulipas.com.mx\/index.php?rest_route=\/wp\/v2\/users\/1"}],"replies":[{"embeddable":true,"href":"https:\/\/www.elsinodaldetamaulipas.com.mx\/index.php?rest_route=%2Fwp%2Fv2%2Fcomments&post=138403"}],"version-history":[{"count":1,"href":"https:\/\/www.elsinodaldetamaulipas.com.mx\/index.php?rest_route=\/wp\/v2\/posts\/138403\/revisions"}],"predecessor-version":[{"id":138413,"href":"https:\/\/www.elsinodaldetamaulipas.com.mx\/index.php?rest_route=\/wp\/v2\/posts\/138403\/revisions\/138413"}],"wp:featuredmedia":[{"embeddable":true,"href":"https:\/\/www.elsinodaldetamaulipas.com.mx\/index.php?rest_route=\/wp\/v2\/media\/138412"}],"wp:attachment":[{"href":"https:\/\/www.elsinodaldetamaulipas.com.mx\/index.php?rest_route=%2Fwp%2Fv2%2Fmedia&parent=138403"}],"wp:term":[{"taxonomy":"category","embeddable":true,"href":"https:\/\/www.elsinodaldetamaulipas.com.mx\/index.php?rest_route=%2Fwp%2Fv2%2Fcategories&post=138403"},{"taxonomy":"post_tag","embeddable":true,"href":"https:\/\/www.elsinodaldetamaulipas.com.mx\/index.php?rest_route=%2Fwp%2Fv2%2Ftags&post=138403"}],"curies":[{"name":"wp","href":"https:\/\/api.w.org\/{rel}","templated":true}]}}