{"id":140104,"date":"2023-04-14T21:00:24","date_gmt":"2023-04-14T21:00:24","guid":{"rendered":"http:\/\/www.elsinodaldetamaulipas.com.mx\/?p=140104"},"modified":"2023-04-14T21:00:29","modified_gmt":"2023-04-14T21:00:29","slug":"inauguro-el-alcalde-carlos-pena-ortiz-nuevo-comercio","status":"publish","type":"post","link":"https:\/\/www.elsinodaldetamaulipas.com.mx\/?p=140104","title":{"rendered":"INAUGUR\u00d3 EL ALCALDE CARLOS PE\u00d1A ORTIZ NUEVO COMERCIO"},"content":{"rendered":"\n<ul class=\"wp-block-list\">\n<li><strong><em>Confianza en el Municipio y su apoyo al desarrollo econ\u00f3mico incrementa negocios.<\/em><\/strong><\/li>\n<\/ul>\n\n\n\n<p><strong>EL SINODAL DE TAMAULIPAS<\/strong><\/p>\n\n\n<div class=\"wp-block-image\">\n<figure class=\"alignright size-full\"><img loading=\"lazy\" decoding=\"async\" width=\"640\" height=\"427\" src=\"https:\/\/www.elsinodaldetamaulipas.com.mx\/wp-content\/uploads\/2023\/04\/CPOx-I-4.jpg\" alt=\"\" class=\"wp-image-140105\" srcset=\"https:\/\/www.elsinodaldetamaulipas.com.mx\/wp-content\/uploads\/2023\/04\/CPOx-I-4.jpg 640w, https:\/\/www.elsinodaldetamaulipas.com.mx\/wp-content\/uploads\/2023\/04\/CPOx-I-4-300x200.jpg 300w\" sizes=\"auto, (max-width: 640px) 100vw, 640px\" \/><\/figure><\/div>\n\n\n<p><strong>Reynosa, Tam.-<\/strong> Los nuevos negocios son se\u00f1al de crecimiento y desarrollo econ\u00f3mico, confianza de empresarios y emprendedores en su Municipio; y en la apertura de la cuarta sucursal del caf\u00e9 Moots el Alcalde Carlos Pe\u00f1a Ortiz cort\u00f3 el list\u00f3n inaugural junto con sus propietarios, Oscar Rodr\u00edguez Gallegos y Giovanni Gastelum Araujo.<\/p>\n\n\n\n<p>\u00abNos da gusto que empresarios de Reynosa est\u00e9n invirtiendo para crear empleo y traer este tipo de ideas innovadoras que son \u00fanicas aqu\u00ed en el municipio\u00bb, dijo el Alcalde al resaltar el concepto del nuevo comercio.<\/p>\n\n\n\n<p>Los sabores, el color, el volumen en sus cristalinos vasos y el delicioso aroma del caf\u00e9 mexicano fue apreciado por los invitados, que disfrutaron de una tarde templada con un caliente vaso de esta bebida, o un helado y delicioso frapp\u00e9 en la mesa.<\/p>\n\n\n\n<p>Moots, palabra Maya que significa ra\u00edces, naci\u00f3 en esta ciudad y sigue creciendo con el arom\u00e1tico caf\u00e9 de aquella emblem\u00e1tica regi\u00f3n, proyecto en el que los emprendedores recibieron el apoyo del Gobierno Municipal de Reynosa.<\/p>\n\n\n\n<p>#JuntosVolamosM\u00e1sAlto<\/p>\n\n\n\n<figure class=\"wp-block-gallery has-nested-images columns-default is-cropped wp-block-gallery-1 is-layout-flex wp-block-gallery-is-layout-flex\">\n<figure class=\"wp-block-image size-large\"><img loading=\"lazy\" decoding=\"async\" width=\"640\" height=\"427\" data-id=\"140106\" src=\"https:\/\/www.elsinodaldetamaulipas.com.mx\/wp-content\/uploads\/2023\/04\/CPOx-II-3.jpg\" alt=\"\" class=\"wp-image-140106\" srcset=\"https:\/\/www.elsinodaldetamaulipas.com.mx\/wp-content\/uploads\/2023\/04\/CPOx-II-3.jpg 640w, https:\/\/www.elsinodaldetamaulipas.com.mx\/wp-content\/uploads\/2023\/04\/CPOx-II-3-300x200.jpg 300w\" sizes=\"auto, (max-width: 640px) 100vw, 640px\" \/><\/figure>\n\n\n\n<figure class=\"wp-block-image size-large\"><img loading=\"lazy\" decoding=\"async\" width=\"640\" height=\"427\" data-id=\"140110\" src=\"https:\/\/www.elsinodaldetamaulipas.com.mx\/wp-content\/uploads\/2023\/04\/CPOx-IIIIII-1.jpg\" alt=\"\" class=\"wp-image-140110\" srcset=\"https:\/\/www.elsinodaldetamaulipas.com.mx\/wp-content\/uploads\/2023\/04\/CPOx-IIIIII-1.jpg 640w, https:\/\/www.elsinodaldetamaulipas.com.mx\/wp-content\/uploads\/2023\/04\/CPOx-IIIIII-1-300x200.jpg 300w\" sizes=\"auto, (max-width: 640px) 100vw, 640px\" \/><\/figure>\n\n\n\n<figure class=\"wp-block-image size-large\"><img loading=\"lazy\" decoding=\"async\" width=\"640\" height=\"427\" data-id=\"140109\" src=\"https:\/\/www.elsinodaldetamaulipas.com.mx\/wp-content\/uploads\/2023\/04\/CPOx-IIIII-1.jpg\" alt=\"\" class=\"wp-image-140109\" srcset=\"https:\/\/www.elsinodaldetamaulipas.com.mx\/wp-content\/uploads\/2023\/04\/CPOx-IIIII-1.jpg 640w, https:\/\/www.elsinodaldetamaulipas.com.mx\/wp-content\/uploads\/2023\/04\/CPOx-IIIII-1-300x200.jpg 300w\" sizes=\"auto, (max-width: 640px) 100vw, 640px\" \/><\/figure>\n\n\n\n<figure class=\"wp-block-image size-large\"><img loading=\"lazy\" decoding=\"async\" width=\"640\" height=\"427\" data-id=\"140108\" src=\"https:\/\/www.elsinodaldetamaulipas.com.mx\/wp-content\/uploads\/2023\/04\/CPOx-IIII-2.jpg\" alt=\"\" class=\"wp-image-140108\" srcset=\"https:\/\/www.elsinodaldetamaulipas.com.mx\/wp-content\/uploads\/2023\/04\/CPOx-IIII-2.jpg 640w, https:\/\/www.elsinodaldetamaulipas.com.mx\/wp-content\/uploads\/2023\/04\/CPOx-IIII-2-300x200.jpg 300w\" sizes=\"auto, (max-width: 640px) 100vw, 640px\" \/><\/figure>\n\n\n\n<figure class=\"wp-block-image size-large\"><img loading=\"lazy\" decoding=\"async\" width=\"640\" height=\"427\" data-id=\"140107\" src=\"https:\/\/www.elsinodaldetamaulipas.com.mx\/wp-content\/uploads\/2023\/04\/CPOx-III-2.jpg\" alt=\"\" class=\"wp-image-140107\" srcset=\"https:\/\/www.elsinodaldetamaulipas.com.mx\/wp-content\/uploads\/2023\/04\/CPOx-III-2.jpg 640w, https:\/\/www.elsinodaldetamaulipas.com.mx\/wp-content\/uploads\/2023\/04\/CPOx-III-2-300x200.jpg 300w\" sizes=\"auto, (max-width: 640px) 100vw, 640px\" \/><\/figure>\n<\/figure>\n","protected":false},"excerpt":{"rendered":"<p>EL SINODAL DE TAMAULIPAS Reynosa, Tam.- Los nuevos negocios son se\u00f1al de crecimiento y desarrollo econ\u00f3mico, confianza de empresarios y emprendedores en su Municipio; y en la apertura de la cuarta sucursal del caf\u00e9 Moots el Alcalde Carlos Pe\u00f1a Ortiz cort\u00f3 el list\u00f3n inaugural junto con sus propietarios, Oscar Rodr\u00edguez Gallegos y Giovanni Gastelum Araujo. [&hellip;]<\/p>\n","protected":false},"author":1,"featured_media":140111,"comment_status":"closed","ping_status":"closed","sticky":false,"template":"","format":"standard","meta":{"footnotes":""},"categories":[1,2],"tags":[],"class_list":["post-140104","post","type-post","status-publish","format-standard","has-post-thumbnail","hentry","category-portada","category-reynosa"],"_links":{"self":[{"href":"https:\/\/www.elsinodaldetamaulipas.com.mx\/index.php?rest_route=\/wp\/v2\/posts\/140104","targetHints":{"allow":["GET"]}}],"collection":[{"href":"https:\/\/www.elsinodaldetamaulipas.com.mx\/index.php?rest_route=\/wp\/v2\/posts"}],"about":[{"href":"https:\/\/www.elsinodaldetamaulipas.com.mx\/index.php?rest_route=\/wp\/v2\/types\/post"}],"author":[{"embeddable":true,"href":"https:\/\/www.elsinodaldetamaulipas.com.mx\/index.php?rest_route=\/wp\/v2\/users\/1"}],"replies":[{"embeddable":true,"href":"https:\/\/www.elsinodaldetamaulipas.com.mx\/index.php?rest_route=%2Fwp%2Fv2%2Fcomments&post=140104"}],"version-history":[{"count":1,"href":"https:\/\/www.elsinodaldetamaulipas.com.mx\/index.php?rest_route=\/wp\/v2\/posts\/140104\/revisions"}],"predecessor-version":[{"id":140112,"href":"https:\/\/www.elsinodaldetamaulipas.com.mx\/index.php?rest_route=\/wp\/v2\/posts\/140104\/revisions\/140112"}],"wp:featuredmedia":[{"embeddable":true,"href":"https:\/\/www.elsinodaldetamaulipas.com.mx\/index.php?rest_route=\/wp\/v2\/media\/140111"}],"wp:attachment":[{"href":"https:\/\/www.elsinodaldetamaulipas.com.mx\/index.php?rest_route=%2Fwp%2Fv2%2Fmedia&parent=140104"}],"wp:term":[{"taxonomy":"category","embeddable":true,"href":"https:\/\/www.elsinodaldetamaulipas.com.mx\/index.php?rest_route=%2Fwp%2Fv2%2Fcategories&post=140104"},{"taxonomy":"post_tag","embeddable":true,"href":"https:\/\/www.elsinodaldetamaulipas.com.mx\/index.php?rest_route=%2Fwp%2Fv2%2Ftags&post=140104"}],"curies":[{"name":"wp","href":"https:\/\/api.w.org\/{rel}","templated":true}]}}