{"id":144608,"date":"2023-05-19T02:01:14","date_gmt":"2023-05-19T02:01:14","guid":{"rendered":"http:\/\/www.elsinodaldetamaulipas.com.mx\/?p=144608"},"modified":"2023-05-19T02:01:19","modified_gmt":"2023-05-19T02:01:19","slug":"la-comuna-por-jose-angel-solorio-martinez-120","status":"publish","type":"post","link":"https:\/\/www.elsinodaldetamaulipas.com.mx\/?p=144608","title":{"rendered":"La Comuna\/ Por Jos\u00e9 \u00c1ngel Solorio Mart\u00ednez"},"content":{"rendered":"\n<p class=\"has-text-align-center\"><strong><em>La mano de Catalina Creel<\/em><\/strong><\/p>\n\n\n\n<p>La familia del gobernador Am\u00e9rico Villarreal Anaya, aspira a ensanchar su influencia en la estructura de las presidencias municipales de Tamaulipas. Se conoce que Ameriquititito Villarreal Santiago, aspira a ser senador de la rep\u00fablica y promueve a muchos de sus amigos para que disputen alcald\u00edas; lo que se manten\u00eda oculto, era la intenci\u00f3n de la hermana del Ejecutivo estatal, M\u00f3nica Villarreal Anaya, de convertirse en jefa edilicia de Tampico.<\/p>\n\n\n\n<p>La hermana del gobernador, estuvo casada con el ex priista, y ex panista Mario Leal, quien se ha visto involucrado en asuntos de car\u00e1cter penal. Desde joven, se distingui\u00f3 por vivir al amparo de su suegro, el entonces gobernador Am\u00e9rico Villarreal Guerra; desde esas \u00e9pocas, tambi\u00e9n datan sus aventuras un tanto irregulares: los medios, promocionaron presuntamente el robo a la CFE, de energ\u00eda que utilizaba para operar una red de tiendas de auto servicio.<\/p>\n\n\n\n<p>Finalmente, llev\u00f3 a la quiebra esos establecimientos y regres\u00f3 a la pol\u00edtica poni\u00e9ndose a las \u00f3rdenes del gobernador, Francisco Garc\u00eda Cabeza de Vaca.<\/p>\n\n\n\n<p>Que tan l\u00e1ngara, no ser\u00eda Leal, que fue echado del equipo del gobernador reynosense, \u201cpor actuar de manera poco honesta\u201d.<\/p>\n\n\n\n<p>Fue despedido del aparato gubernamental de CdeV, vergonzosamente.<\/p>\n\n\n\n<p>M\u00f3nica, es miembro del cabildo porte\u00f1o.<\/p>\n\n\n\n<p>No ha mostrado una sola propuesta de inter\u00e9s; se le ha visto s\u00ed, en eventos de relumbr\u00f3n, los cuales disfruta tom\u00e1ndose fotograf\u00edas.<\/p>\n\n\n\n<p>No es ajena a la pol\u00edtica.<\/p>\n\n\n\n<p>Fue candidata a diputada local por el PRI hace algunos a\u00f1os; perdi\u00f3 estrepitosamente.<\/p>\n\n\n\n<p>Con la llegada de Villarreal Anaya a la gubernatura, agarr\u00f3 aire; rompi\u00f3 con el alcalde Chucho Nader, cuando hace meses operaba en la discreci\u00f3n, disfrutando de jugosas compensaciones.<\/p>\n\n\n\n<p>La edil Villarreal Anaya, hoy se mueve como la mandam\u00e1s en la sociedad porte\u00f1a. Los funcionarios federales y estatales, se le cuadran por \u00f3rdenes de los Am\u00e9ricos y han puesto en manos de quien se autonombra la candidata de MORENA para Tampico, los recursos materiales y humanos.<\/p>\n\n\n\n<p>Los coordinadores de la Secretar\u00eda de Bienestar -federal y estatal- se coordinan con quien parece tener el mando de esas instituciones.<\/p>\n\n\n\n<p>Desde el gobierno del estado, se han bajado indicaciones para toda la red gubernamental federal, estatal y municipal, en el sentido de que se pongan al servicio de M\u00f3nica.<\/p>\n\n\n\n<p>Est\u00e1 muy enfilada para el 2024.<\/p>\n\n\n\n<p>S\u00f3lo tiene dos obst\u00e1culos: la doctora Vitamina y Ameriquititito.<\/p>\n\n\n\n<p>Casi una cuna de lobos: madre e hijo, no tragan a hermana y cu\u00f1ada.<\/p>\n\n\n\n<p>Ese distanciamiento familiar -dicen sus allegados- se gener\u00f3 con la resistencia de la doctora Vitamina a participar en la campa\u00f1a a la senadur\u00eda; a contrapelo, M\u00f3nica y Adriana se metieron a fondo para apoyar a su hermano. Las Villarreal Anaya, enfriaron la relaci\u00f3n con su hermana pol\u00edtica por esa actitud que consideraron un tanto mezquina; la doctora, regres\u00f3 por sus fueros en la campa\u00f1a a gobernador de su consorte y se empoder\u00f3 desplazando a las hermanas, con ayuda de su adorado Ameriquititito.<\/p>\n\n\n\n<p>A tanto lleg\u00f3 el encono entre las Villarreal Anaya, que las propuestas de ellas -Luz Adriana y M\u00f3nica-, para incorporar a la administraci\u00f3n estatal a personajes que participaron activamente en la campa\u00f1a, fueron vetados por la fuerza de do\u00f1a Vitamina, quien utiliz\u00f3 como brazo ejecutor al orgullo de su nepotismo: Ameriquititito.<\/p>\n\n\n\n<p>M\u00f3nica, no es mal vista en el puerto.<\/p>\n\n\n\n<p>Lo que irrita a los morenistas, es su actitud prepotente: utiliza recursos p\u00fablicos para promocionarse, dejando en estado de indefensi\u00f3n a otras aspirantes.<\/p>\n\n\n\n<p>Se incuba, el primer conflicto interfamiliar del gobernador AVA.<\/p>\n\n\n\n<p>Sent\u00e9monos.<\/p>\n\n\n\n<p>Veamos, si triunfa la refinada felon\u00eda de la nueva Catalina Creel\u2026<\/p>\n\n\n\n<p>\u2026 o como en las telenovelas cl\u00e1sicas mexicanas: ganan la bondad y la candidez.<\/p>\n","protected":false},"excerpt":{"rendered":"<p>La mano de Catalina Creel La familia del gobernador Am\u00e9rico Villarreal Anaya, aspira a ensanchar su influencia en la estructura de las presidencias municipales de Tamaulipas. Se conoce que Ameriquititito Villarreal Santiago, aspira a ser senador de la rep\u00fablica y promueve a muchos de sus amigos para que disputen alcald\u00edas; lo que se manten\u00eda oculto, [&hellip;]<\/p>\n","protected":false},"author":1,"featured_media":121243,"comment_status":"closed","ping_status":"closed","sticky":false,"template":"","format":"standard","meta":{"footnotes":""},"categories":[16],"tags":[],"class_list":["post-144608","post","type-post","status-publish","format-standard","has-post-thumbnail","hentry","category-opinion"],"_links":{"self":[{"href":"https:\/\/www.elsinodaldetamaulipas.com.mx\/index.php?rest_route=\/wp\/v2\/posts\/144608","targetHints":{"allow":["GET"]}}],"collection":[{"href":"https:\/\/www.elsinodaldetamaulipas.com.mx\/index.php?rest_route=\/wp\/v2\/posts"}],"about":[{"href":"https:\/\/www.elsinodaldetamaulipas.com.mx\/index.php?rest_route=\/wp\/v2\/types\/post"}],"author":[{"embeddable":true,"href":"https:\/\/www.elsinodaldetamaulipas.com.mx\/index.php?rest_route=\/wp\/v2\/users\/1"}],"replies":[{"embeddable":true,"href":"https:\/\/www.elsinodaldetamaulipas.com.mx\/index.php?rest_route=%2Fwp%2Fv2%2Fcomments&post=144608"}],"version-history":[{"count":1,"href":"https:\/\/www.elsinodaldetamaulipas.com.mx\/index.php?rest_route=\/wp\/v2\/posts\/144608\/revisions"}],"predecessor-version":[{"id":144609,"href":"https:\/\/www.elsinodaldetamaulipas.com.mx\/index.php?rest_route=\/wp\/v2\/posts\/144608\/revisions\/144609"}],"wp:featuredmedia":[{"embeddable":true,"href":"https:\/\/www.elsinodaldetamaulipas.com.mx\/index.php?rest_route=\/wp\/v2\/media\/121243"}],"wp:attachment":[{"href":"https:\/\/www.elsinodaldetamaulipas.com.mx\/index.php?rest_route=%2Fwp%2Fv2%2Fmedia&parent=144608"}],"wp:term":[{"taxonomy":"category","embeddable":true,"href":"https:\/\/www.elsinodaldetamaulipas.com.mx\/index.php?rest_route=%2Fwp%2Fv2%2Fcategories&post=144608"},{"taxonomy":"post_tag","embeddable":true,"href":"https:\/\/www.elsinodaldetamaulipas.com.mx\/index.php?rest_route=%2Fwp%2Fv2%2Ftags&post=144608"}],"curies":[{"name":"wp","href":"https:\/\/api.w.org\/{rel}","templated":true}]}}