{"id":149052,"date":"2023-06-22T15:49:22","date_gmt":"2023-06-22T15:49:22","guid":{"rendered":"http:\/\/www.elsinodaldetamaulipas.com.mx\/?p=149052"},"modified":"2023-06-22T15:49:27","modified_gmt":"2023-06-22T15:49:27","slug":"destituyen-al-ministro-de-seguridad-de-honduras-tras-motin-en-carcel-de-mujeres","status":"publish","type":"post","link":"https:\/\/www.elsinodaldetamaulipas.com.mx\/?p=149052","title":{"rendered":"DESTITUYEN AL MINISTRO DE SEGURIDAD DE HONDURAS TRAS MOT\u00cdN EN C\u00c1RCEL DE MUJERES"},"content":{"rendered":"\n<p><strong>EL SINODAL DE TAMAULIPAS<\/strong><\/p>\n\n\n\n<p><strong><em>Tegucigalpa.-<\/em><\/strong> Varias reclusas salieron de sus celdas, sometieron a las custodias, fueron hacia el pabell\u00f3n de una banda rival donde empezaron a disparar y luego le prendieron fuego. La principal c\u00e1rcel de mujeres de Honduras qued\u00f3 as\u00ed convertida en escenario de una matanza en la que perdieron la vida 46 mujeres, inform\u00f3 ayer el Ministerio P\u00fablico y Medicina Forense.<\/p>\n\n\n\n<p>Juan L\u00f3pez Rochez, jefe de operaciones de la polic\u00eda nacional, dijo que tras controlar el mot\u00edn, que comenz\u00f3 el martes a las 8 de la ma\u00f1ana y dur\u00f3 30 minutos, se decomis\u00f3 una veintena de armas, incluido un fusil&nbsp;<em>AR-15<\/em>, adem\u00e1s de dos&nbsp;<em>Uzi<\/em>&nbsp;y dos granadas de fragmentaci\u00f3n.<\/p>\n\n\n\n<p>En declaraciones a la agencia Ap, Rochez dijo que se investiga c\u00f3mo lleg\u00f3 ese armamento a la c\u00e1rcel, que albergaba a m\u00e1s de 900 mujeres.<\/p>\n\n\n\n<p>Relat\u00f3 que en las im\u00e1genes de las c\u00e1maras de seguridad se aprecia que quienes comenzaron el enfrentamiento dispararon a sus enemigas desde afuera de sus celdas y luego rociaron el lugar con un l\u00edquido inflamable al que prendieron fuego. Varias de las internas lograron salir, pero fueron atacadas con armas blancas.<\/p>\n\n\n\n<p>El funcionario destac\u00f3 que se indaga el papel de las custodias del penal de Tamara, ubicado unos 50 kil\u00f3metros al noroeste de Teguclgalpa. \u201cTiene que haber fallas humanas\u201d, reconoci\u00f3.<\/p>\n\n\n\n<p>Cientos de parientes de las presas acudieron a la Direcci\u00f3n de Medicina Forense, mientras los expertos segu\u00edan identificando a las v\u00edctimas. Hasta ayer se hab\u00edan entregado unos 23 cuerpos. La mayor\u00eda murieron quemadas, y el resto baleadas o apu\u00f1aladas.<\/p>\n\n\n\n<p>Los videos difundidos por el gobierno mostraron varias pistolas, muchos machetes y otras armas blancas encontradas tras el mot\u00edn. El incendio dej\u00f3 las paredes de las celdas ennegrecidas y las literas reducidas a barras de metal retorcido.<\/p>\n\n\n\n<p>La presidenta Xiomara Castro reiter\u00f3 que el mot\u00edn fue \u201cplanificado por&nbsp;<em>maras<\/em>&nbsp;a vista y paciencia de autoridades de seguridad\u201d, destituy\u00f3 al ministro de Seguridad, Ram\u00f3n Sabill\u00f3n, y nombr\u00f3 en su remplazo a Gustavo S\u00e1nchez, hasta ahora director general de la polic\u00eda nacional.<\/p>\n\n\n\n<p>Las reclusas llevaban semanas quej\u00e1ndose de que integrantes de una pandilla, que identificaron como&nbsp;<em>Barrio 18<\/em>, las amenazaban.<\/p>\n\n\n\n<p>\u201cTodo ha quedado evidenciado en las c\u00e1maras de seguridad\u201d, indic\u00f3 Miguel Mart\u00ednez Madrid, vocero de Seguridad, tras anunciar la detenci\u00f3n de una docena de agresoras, a cuya agrupaci\u00f3n no identific\u00f3. Explic\u00f3 que en las im\u00e1genes se ve c\u00f3mo las presas someten a las polic\u00edas, les quitan las llaves, colocan candados nuevos en las celdas de sus rivales y emplean armas de fuego.<\/p>\n\n\n\n<p>El suceso m\u00e1s letal en una c\u00e1rcel centroamericana en un siglo tambi\u00e9n ocurri\u00f3 en Honduras en 2012 en la penitenciar\u00eda de Comayagua, donde 361 reclusos fallecieron en un incendio.<\/p>\n","protected":false},"excerpt":{"rendered":"<p>EL SINODAL DE TAMAULIPAS Tegucigalpa.- Varias reclusas salieron de sus celdas, sometieron a las custodias, fueron hacia el pabell\u00f3n de una banda rival donde empezaron a disparar y luego le prendieron fuego. La principal c\u00e1rcel de mujeres de Honduras qued\u00f3 as\u00ed convertida en escenario de una matanza en la que perdieron la vida 46 mujeres, [&hellip;]<\/p>\n","protected":false},"author":1,"featured_media":149053,"comment_status":"closed","ping_status":"closed","sticky":false,"template":"","format":"standard","meta":{"footnotes":""},"categories":[14],"tags":[],"class_list":["post-149052","post","type-post","status-publish","format-standard","has-post-thumbnail","hentry","category-internacional"],"_links":{"self":[{"href":"https:\/\/www.elsinodaldetamaulipas.com.mx\/index.php?rest_route=\/wp\/v2\/posts\/149052","targetHints":{"allow":["GET"]}}],"collection":[{"href":"https:\/\/www.elsinodaldetamaulipas.com.mx\/index.php?rest_route=\/wp\/v2\/posts"}],"about":[{"href":"https:\/\/www.elsinodaldetamaulipas.com.mx\/index.php?rest_route=\/wp\/v2\/types\/post"}],"author":[{"embeddable":true,"href":"https:\/\/www.elsinodaldetamaulipas.com.mx\/index.php?rest_route=\/wp\/v2\/users\/1"}],"replies":[{"embeddable":true,"href":"https:\/\/www.elsinodaldetamaulipas.com.mx\/index.php?rest_route=%2Fwp%2Fv2%2Fcomments&post=149052"}],"version-history":[{"count":1,"href":"https:\/\/www.elsinodaldetamaulipas.com.mx\/index.php?rest_route=\/wp\/v2\/posts\/149052\/revisions"}],"predecessor-version":[{"id":149054,"href":"https:\/\/www.elsinodaldetamaulipas.com.mx\/index.php?rest_route=\/wp\/v2\/posts\/149052\/revisions\/149054"}],"wp:featuredmedia":[{"embeddable":true,"href":"https:\/\/www.elsinodaldetamaulipas.com.mx\/index.php?rest_route=\/wp\/v2\/media\/149053"}],"wp:attachment":[{"href":"https:\/\/www.elsinodaldetamaulipas.com.mx\/index.php?rest_route=%2Fwp%2Fv2%2Fmedia&parent=149052"}],"wp:term":[{"taxonomy":"category","embeddable":true,"href":"https:\/\/www.elsinodaldetamaulipas.com.mx\/index.php?rest_route=%2Fwp%2Fv2%2Fcategories&post=149052"},{"taxonomy":"post_tag","embeddable":true,"href":"https:\/\/www.elsinodaldetamaulipas.com.mx\/index.php?rest_route=%2Fwp%2Fv2%2Ftags&post=149052"}],"curies":[{"name":"wp","href":"https:\/\/api.w.org\/{rel}","templated":true}]}}