{"id":149064,"date":"2023-06-22T15:59:50","date_gmt":"2023-06-22T15:59:50","guid":{"rendered":"http:\/\/www.elsinodaldetamaulipas.com.mx\/?p=149064"},"modified":"2023-06-22T15:59:52","modified_gmt":"2023-06-22T15:59:52","slug":"tribuna-por-javier-terrazas-6","status":"publish","type":"post","link":"https:\/\/www.elsinodaldetamaulipas.com.mx\/?p=149064","title":{"rendered":"TRIBUNA\/ Por Javier Terrazas"},"content":{"rendered":"\n<p>Hay una expresi\u00f3n popular que se usa para referir que la situaci\u00f3n est\u00e1 tensa, dif\u00edcil, dura o complicada en la entidad: \u00abSe calienta Tamaulipas\u00bb.<\/p>\n\n\n\n<p>Se aplica m\u00e1s en el terreno de la seguridad o inseguridad p\u00fablica, en la pol\u00edtica al interior de partidos cuando van a definir candidaturas, en la competencia entre partidos durante las campa\u00f1as electorales y en las votaciones, e incluso en las competencias deportivas.<\/p>\n\n\n\n<p>Y obvio que eso siempre hay dos o tres posiciones.<\/p>\n\n\n\n<p>La autoridad lo minimiza, para ellos funciona el trabajo de prevenci\u00f3n y combate al grado de que son \u00abhechos aislados\u00bb.<\/p>\n\n\n\n<p>La oposici\u00f3n la magnfica para descalificar a quien tiene la delicada responsabilidad del control o combate.<\/p>\n\n\n\n<p>Y el pueblo que la vive en la justa dimensi\u00f3n, desgraciadamente sin que unos u otros contribuyan de manera determinante a reducirla.<\/p>\n\n\n\n<p>Pero la frase o dicho popular \u00abSe Calienta Tamaulipas\u00bb, tiene su verdadero significado en el aumento en el calor f\u00edsico, en el aspecto clim\u00e1tico.<\/p>\n\n\n\n<p>Y hoy en este campo, cuando las temperaturas m\u00e1ximas del d\u00eda oscilan entre los 40 y 45 grados cent\u00edgrados en las ciudades fronterizas, del centro y sur de la entidad, nadie puede negar que \u00abSe calent\u00f3 Tamaulipas\u00bb..<\/p>\n\n\n\n<p>Y que no es un hecho aislado, sino la mayor parte de los 43 municipios de la entidad.<\/p>\n\n\n\n<p>Y no solo dos o tres d\u00edas, sino que han sido semanas, quiz\u00e1s las dos \u00faltimas las m\u00e1s cr\u00edticas.<\/p>\n\n\n\n<p>Pero que se prolongar\u00e1 por m\u00e1s tiempo,, pues cerrar\u00e1 el mes de junio con esta ola de calor fuert\u00edsima.<\/p>\n\n\n\n<p>En tanto que el 3 de julio arranca la can\u00edcula, el periodo ordinario de 40 d\u00edas m\u00e1s caliente del a\u00f1o.<\/p>\n\n\n\n<p>Y este periodo onda c\u00e1lida tiene sus efectos negativos en todo el medio ambiente.<\/p>\n\n\n\n<p>No solamente la sufra nuestra especie, el humano, sino todos los seres vivos sobre la faz de la tierra,<\/p>\n\n\n\n<p>Si usted es un poco observador, las mascotas, perros, gatos y otros animales dom\u00e9sticos la sufren igual o peor. Y si les descuida pueden morir de golpe de calor, de insolaci\u00f3n, sed, deshidrataci\u00f3n.<\/p>\n\n\n\n<p>Igual ocurre con las aves, decenas, cientos, miles mueren de sed, deshidrataci\u00f3n y calor en busca de agua para abrevar.<\/p>\n\n\n\n<p>Los insectos igualmente, incluidas las abejas, uno de los m\u00e1s ben\u00e9ficos por su labor de polinizaci\u00f3n y productores de miel uno de los alimentos m\u00e1s ricos.<\/p>\n\n\n\n<p>Esta ola de intenso calor, derivada del efecto nocivo de contaminaci\u00f3n consciente e inconsciente que se traduce en el cambio clim\u00e1tico grave a estas alturas en el globo terr\u00e1queo, pone al descubierto nuestra vulnerabilidad.<\/p>\n\n\n\n<p>No tenemos augua potable suficiente para periodos ordinarios, menos para estas emergencias.<\/p>\n\n\n\n<p>Tampoco la energ\u00eda el\u00e9ctrica para asegurar el adecuado funcionamiento de los enfriadores en el hogar, la oficina o las \u00e1reas de esparcimiento o sociales. As\u00ed como para la industria, el comercio, la educaci\u00f3n, la salud.<\/p>\n\n\n\n<p>Los aires acondicionados y luz han fallado en miles de hogares, decenas de escuelas, cientos de comercios, cientos de oficinas p\u00fablicas o privadas e incluso en los hospitales tamaulipecos.<\/p>\n\n\n\n<p>De estos \u00faltimos surgieron quejas en el Hospital General de Ciudad Victoria y el Hospital Canseco de Tampico, por citar algunos, pero casi todos tienen sus problemas.<\/p>\n\n\n\n<p>Se han registrado desmayos o desvanecimientos en centros escolares, incluso en algunos dotados de buena infraestructura y aire acondicionado como la Escuela Leona Vicario de Ciudad Victoria.<\/p>\n\n\n\n<p>Imagine cu\u00e1ntos planteles rurales o de colonias populares no tienen las aulas de materiales adecuados, ventilaci\u00f3n y al menos abanicos, ya no aires acondicionados.<\/p>\n\n\n\n<p>Y lamentablemente, a pesar de la temperatura caliente, las autoridades educativas se han mostrado tibias para suspender las clases presenciales en forma general y mandar terminar el ciclo con clases en l\u00ednea. Ya se tuvo la experiencia de dos a\u00f1os en la pandemia de COVID-19, as\u00ed es que no es nada nuevo.<\/p>\n\n\n\n<p>El estado de Coahuila acaba de tomar esa decisi\u00f3n por el bien de los ni\u00f1os y adolescentes en especial, as\u00ed como sus maestros.<\/p>\n\n\n\n<p>A ver si eso sirve de ejemplo a las autoridades educativas tamaulipecas que dirige Luc\u00eda Aim\u00e9 Castillo Pastor.<\/p>\n\n\n\n<p>Igual habr\u00e1n que aplicarse ahora si a fondo para cumplir de la mejor forma con el flujo del agua limpia y la mejor distribuci\u00f3n posible en los hogares tamaulipecos los directivos del Sistema de las COMAPAS o Juntas de Agua, sean municipales o estatales.<\/p>\n\n\n\n<p>Y en ello, los alcaldes de las principales ciudades deben ser actores o gestores directos, pues de alguna forma est\u00e1n en los \u00f3rganos de direcci\u00f3n:.<\/p>\n\n\n\n<p>Carmen Cant\u00fa Rosas Villarreal, la dama de los tres apellidos en Nuevo Laredo; Carlos Pe\u00f1a Ortiz en Reynosa; Mario L\u00f3pez Hern\u00e1ndez en Matamoros; Eduardo Gatt\u00e1s B\u00e1ez en Victoria; Armando Mart\u00ednez en Altamira; Jes\u00fas Nader en Tampico; Adri\u00e1n Oseguera en Madero; No\u00e9 Ramos en El Mante; Eduardo Y\u00e1\u00f1ez Villegas (Calabacito) en R\u00edo Bravo; Maybella Ram\u00edrez en San Fernando; y Alberto Alan\u00eds en Valle Hermoso.<\/p>\n\n\n\n<p>M\u00e1s all\u00e1 de los colores partidistas por los que llegaron, de sus profesiones, capacidades y equipos de colaboradores buenos, regulares o malos, tienen que entrarle de lleno a esta tarea de asegurar que el agua no falte a la poblaci\u00f3n, pues los descuidos ser\u00edan letales para la poblaci\u00f3n vulnerable.<\/p>\n\n\n\n<p>Es en este tipo de contingencias, emergencias o situaciones cr\u00edticas, cuando se debe actuar a fondo, con sensibilidad, con oportunidad, con responsabilidad y humanismo.<\/p>\n\n\n\n<p>M\u00e1s all\u00e1 de los slogans gubernamentales.<\/p>\n\n\n\n<p>Escuelas bien dotadas de infraestructura y equipo, hospitales trabajando al cien por ciento en infraestructura, equipo f\u00edsico y equipo humano, hogares bien dotados de servicios de agua potable y energ\u00eda el\u00e9ctrica .<\/p>\n\n\n\n<p>Es lo m\u00ednimos que puede esperarse de las autoridades federales, estatales y municipales.<\/p>\n\n\n\n<p>As\u00ed las cosas en este momento en que \u00abSe Calent\u00f3 Tamaulipas\u00bb.<\/p>\n\n\n\n<p>Habr\u00e1 que modificar otro dicho popular.<\/p>\n\n\n\n<p>Lo que no descubre el tiempo lo descubre el agua.<\/p>\n\n\n\n<p>Y le agregar\u00eda.<\/p>\n\n\n\n<p>Lo que no descubre el tiempo, lo descubren el agua o el calor.<\/p>\n\n\n\n<p>Que tiene su origen en las deficiencias en las obras y acciones de gobierno que afloran en las intensas lluvias.<\/p>\n\n\n\n<p>Y ahora se aprecian igual por la intensa onda de calor.<\/p>\n","protected":false},"excerpt":{"rendered":"<p>Hay una expresi\u00f3n popular que se usa para referir que la situaci\u00f3n est\u00e1 tensa, dif\u00edcil, dura o complicada en la entidad: \u00abSe calienta Tamaulipas\u00bb. Se aplica m\u00e1s en el terreno de la seguridad o inseguridad p\u00fablica, en la pol\u00edtica al interior de partidos cuando van a definir candidaturas, en la competencia entre partidos durante las [&hellip;]<\/p>\n","protected":false},"author":1,"featured_media":130071,"comment_status":"closed","ping_status":"closed","sticky":false,"template":"","format":"standard","meta":{"footnotes":""},"categories":[16],"tags":[],"class_list":["post-149064","post","type-post","status-publish","format-standard","has-post-thumbnail","hentry","category-opinion"],"_links":{"self":[{"href":"https:\/\/www.elsinodaldetamaulipas.com.mx\/index.php?rest_route=\/wp\/v2\/posts\/149064","targetHints":{"allow":["GET"]}}],"collection":[{"href":"https:\/\/www.elsinodaldetamaulipas.com.mx\/index.php?rest_route=\/wp\/v2\/posts"}],"about":[{"href":"https:\/\/www.elsinodaldetamaulipas.com.mx\/index.php?rest_route=\/wp\/v2\/types\/post"}],"author":[{"embeddable":true,"href":"https:\/\/www.elsinodaldetamaulipas.com.mx\/index.php?rest_route=\/wp\/v2\/users\/1"}],"replies":[{"embeddable":true,"href":"https:\/\/www.elsinodaldetamaulipas.com.mx\/index.php?rest_route=%2Fwp%2Fv2%2Fcomments&post=149064"}],"version-history":[{"count":1,"href":"https:\/\/www.elsinodaldetamaulipas.com.mx\/index.php?rest_route=\/wp\/v2\/posts\/149064\/revisions"}],"predecessor-version":[{"id":149065,"href":"https:\/\/www.elsinodaldetamaulipas.com.mx\/index.php?rest_route=\/wp\/v2\/posts\/149064\/revisions\/149065"}],"wp:featuredmedia":[{"embeddable":true,"href":"https:\/\/www.elsinodaldetamaulipas.com.mx\/index.php?rest_route=\/wp\/v2\/media\/130071"}],"wp:attachment":[{"href":"https:\/\/www.elsinodaldetamaulipas.com.mx\/index.php?rest_route=%2Fwp%2Fv2%2Fmedia&parent=149064"}],"wp:term":[{"taxonomy":"category","embeddable":true,"href":"https:\/\/www.elsinodaldetamaulipas.com.mx\/index.php?rest_route=%2Fwp%2Fv2%2Fcategories&post=149064"},{"taxonomy":"post_tag","embeddable":true,"href":"https:\/\/www.elsinodaldetamaulipas.com.mx\/index.php?rest_route=%2Fwp%2Fv2%2Ftags&post=149064"}],"curies":[{"name":"wp","href":"https:\/\/api.w.org\/{rel}","templated":true}]}}