{"id":149708,"date":"2023-06-28T16:33:38","date_gmt":"2023-06-28T16:33:38","guid":{"rendered":"http:\/\/www.elsinodaldetamaulipas.com.mx\/?p=149708"},"modified":"2023-06-28T16:33:43","modified_gmt":"2023-06-28T16:33:43","slug":"se-viene-mas-endurecimiento-monetario-dicen-jefes-de-bancos-centrales","status":"publish","type":"post","link":"https:\/\/www.elsinodaldetamaulipas.com.mx\/?p=149708","title":{"rendered":"SE VIENE M\u00c1S ENDURECIMIENTO MONETARIO, DICEN JEFES DE BANCOS CENTRALES"},"content":{"rendered":"\n<p><strong>EL SINODAL DE TAMAULIPAS<\/strong><\/p>\n\n\n\n<p><strong><em>Sintra.<\/em>&#8211;<\/strong>\u00a0Los jefes de los principales bancos centrales del mundo reafirmaron este mi\u00e9rcoles que consideran necesario un mayor endurecimiento de la pol\u00edtica monetaria para controlar una inflaci\u00f3n obstinadamente alta, pero siguen creyendo que pueden lograrlo sin desencadenar recesiones.<\/p>\n\n\n\n<p>El presidente de la Reserva Federal de Estados Unidos, Jerome Powell, no descart\u00f3 nuevas alzas de tasas en reuniones consecutivas de la Fed, mientras que la presidenta del Banco Central Europeo, Christine Lagarde, confirm\u00f3 las expectativas de que el organismo aumentar\u00e1 los tipos en julio, algo que dijo que es \u00abprobable\u00bb.<\/p>\n\n\n\n<p>\u00abLa pol\u00edtica monetaria no ha sido lo suficientemente restrictiva durante el tiempo suficiente\u00bb, dijo Powell en una reuni\u00f3n anual de banqueros centrales organizada por el BCE en la ciudad tur\u00edstica portuguesa de Sintra.<\/p>\n\n\n\n<p>\u00abYo no descartar\u00eda en absoluto un movimiento en reuniones consecutivas\u00bb, afirm\u00f3. La pr\u00f3xima reuni\u00f3n del Comit\u00e9 de Mercado Abierto de la Fed est\u00e1 prevista para el 25 y 26 de julio.<\/p>\n\n\n\n<p>Powell afirm\u00f3 que el mercado laboral estadunidense, en particular, necesita relajarse a\u00fan m\u00e1s para aliviar la presi\u00f3n sobre los precios. Si bien reconoci\u00f3 que existe una \u00abprobabilidad significativa\u00bb de que haya una recesi\u00f3n, afirm\u00f3 que \u00abno es el caso m\u00e1s probable\u00bb.<\/p>\n\n\n\n<p>Lagarde dijo que es posible que la econom\u00eda de la zona euro, en fase de estancamiento, entre en recesi\u00f3n este a\u00f1o, pero subray\u00f3 que esa no era la expectativa de base del BCE.<\/p>\n\n\n\n<p>\u00abA\u00fan nos queda mucho camino por recorrer\u00bb, dijo sobre la lucha contra la inflaci\u00f3n. \u00abNo estamos viendo suficientes pruebas tangibles de que la inflaci\u00f3n subyacente, en particular los precios internos, se est\u00e9 estabilizando y bajando\u00bb.<\/p>\n\n\n\n<p>El gobernador del Banco de Inglaterra, Andrew Bailey, dijo en el mismo panel que la inesperada subida de 50 puntos b\u00e1sicos de las tasas de inter\u00e9s de la semana pasada reflejaba una econom\u00eda resistente y una inflaci\u00f3n persistente, y a\u00f1adi\u00f3 que el BoE no preve\u00eda actualmente una recesi\u00f3n.<\/p>\n\n\n\n<p>Sobre las futuras medidas monetarias para reducir la inflaci\u00f3n del Reino Unido, que es la m\u00e1s alta del Grupo de los Siete (G7) pa\u00edses ricos, Bailey sostuvo que \u00abharemos lo que sea necesario\u00bb.<\/p>\n\n\n\n<p>El gobernador del Banco de Jap\u00f3n, Kazuo Ueda, tuvo un mensaje marcadamente diferente al de los otros miembros del panel, afirmando que el BOJ ver\u00eda una buena raz\u00f3n para cambiar su pol\u00edtica monetaria relativamente m\u00e1s laxa si tuviera \u00abuna certeza razonable\u00bb de que la inflaci\u00f3n se acelerar\u00eda en 2024 tras un periodo de moderaci\u00f3n.<\/p>\n\n\n\n<p>Aunque la inflaci\u00f3n general superaba 3 por ciento, el Banco de Jap\u00f3n manten\u00eda una pol\u00edtica monetaria flexible porque la subyacente segu\u00eda por debajo de su objetivo de 2 por ciento, afirm\u00f3 Ueda.<\/p>\n","protected":false},"excerpt":{"rendered":"<p>EL SINODAL DE TAMAULIPAS Sintra.&#8211;\u00a0Los jefes de los principales bancos centrales del mundo reafirmaron este mi\u00e9rcoles que consideran necesario un mayor endurecimiento de la pol\u00edtica monetaria para controlar una inflaci\u00f3n obstinadamente alta, pero siguen creyendo que pueden lograrlo sin desencadenar recesiones. El presidente de la Reserva Federal de Estados Unidos, Jerome Powell, no descart\u00f3 nuevas [&hellip;]<\/p>\n","protected":false},"author":1,"featured_media":149709,"comment_status":"closed","ping_status":"closed","sticky":false,"template":"","format":"standard","meta":{"footnotes":""},"categories":[14],"tags":[],"class_list":["post-149708","post","type-post","status-publish","format-standard","has-post-thumbnail","hentry","category-internacional"],"_links":{"self":[{"href":"https:\/\/www.elsinodaldetamaulipas.com.mx\/index.php?rest_route=\/wp\/v2\/posts\/149708","targetHints":{"allow":["GET"]}}],"collection":[{"href":"https:\/\/www.elsinodaldetamaulipas.com.mx\/index.php?rest_route=\/wp\/v2\/posts"}],"about":[{"href":"https:\/\/www.elsinodaldetamaulipas.com.mx\/index.php?rest_route=\/wp\/v2\/types\/post"}],"author":[{"embeddable":true,"href":"https:\/\/www.elsinodaldetamaulipas.com.mx\/index.php?rest_route=\/wp\/v2\/users\/1"}],"replies":[{"embeddable":true,"href":"https:\/\/www.elsinodaldetamaulipas.com.mx\/index.php?rest_route=%2Fwp%2Fv2%2Fcomments&post=149708"}],"version-history":[{"count":1,"href":"https:\/\/www.elsinodaldetamaulipas.com.mx\/index.php?rest_route=\/wp\/v2\/posts\/149708\/revisions"}],"predecessor-version":[{"id":149710,"href":"https:\/\/www.elsinodaldetamaulipas.com.mx\/index.php?rest_route=\/wp\/v2\/posts\/149708\/revisions\/149710"}],"wp:featuredmedia":[{"embeddable":true,"href":"https:\/\/www.elsinodaldetamaulipas.com.mx\/index.php?rest_route=\/wp\/v2\/media\/149709"}],"wp:attachment":[{"href":"https:\/\/www.elsinodaldetamaulipas.com.mx\/index.php?rest_route=%2Fwp%2Fv2%2Fmedia&parent=149708"}],"wp:term":[{"taxonomy":"category","embeddable":true,"href":"https:\/\/www.elsinodaldetamaulipas.com.mx\/index.php?rest_route=%2Fwp%2Fv2%2Fcategories&post=149708"},{"taxonomy":"post_tag","embeddable":true,"href":"https:\/\/www.elsinodaldetamaulipas.com.mx\/index.php?rest_route=%2Fwp%2Fv2%2Ftags&post=149708"}],"curies":[{"name":"wp","href":"https:\/\/api.w.org\/{rel}","templated":true}]}}