{"id":149830,"date":"2023-06-29T17:58:03","date_gmt":"2023-06-29T17:58:03","guid":{"rendered":"http:\/\/www.elsinodaldetamaulipas.com.mx\/?p=149830"},"modified":"2023-06-29T17:58:09","modified_gmt":"2023-06-29T17:58:09","slug":"pagara-educacion-tamaulipas-retroactivo-a-salario-de-docentes-y-personal-de-apoyo-este-30-de-junio","status":"publish","type":"post","link":"https:\/\/www.elsinodaldetamaulipas.com.mx\/?p=149830","title":{"rendered":"PAGAR\u00c1 EDUCACI\u00d3N TAMAULIPAS RETROACTIVO A SALARIO DE DOCENTES Y PERSONAL DE APOYO ESTE 30 DE JUNIO"},"content":{"rendered":"\n<p><strong>EL SINODAL DE TAMAULIPAS<\/strong><\/p>\n\n\n\n<p><em><strong>Ciudad Victoria, Tamaulipas.-<\/strong><\/em> La Secretar\u00eda de Educaci\u00f3n de Tamaulipas (SET) dispersar\u00e1 este 30 de junio, el pago del retroactivo al incremento salarial 2023 a m\u00e1s de 54 mil 43 trabajadores de sostenimiento federal y estatal del sector educativo, cumpliendo con el aumento salarial anunciado por el presidente Andr\u00e9s Manuel L\u00f3pez Obrador.<\/p>\n\n\n\n<p>Con el apoyo del gobernador Am\u00e9rico Villarreal Anaya, se realizaron las gestiones ante las instancias correspondientes para autorizar una n\u00f3mina extraordinaria y garantizar el pago de su retroactivo a docentes y personal de apoyo del sector educativo de Tamaulipas, de los cuales 37 mil 614 son de sostenimiento federal y 16 mil 429 estatal.<\/p>\n\n\n\n<p>Con estas acciones el Gobierno del Estado y la Secretar\u00eda de Educaci\u00f3n en Tamaulipas reafirman el compromiso de cumplir y atender los derechos de los trabajadores de la educaci\u00f3n en la entidad.<\/p>\n","protected":false},"excerpt":{"rendered":"<p>EL SINODAL DE TAMAULIPAS Ciudad Victoria, Tamaulipas.- La Secretar\u00eda de Educaci\u00f3n de Tamaulipas (SET) dispersar\u00e1 este 30 de junio, el pago del retroactivo al incremento salarial 2023 a m\u00e1s de 54 mil 43 trabajadores de sostenimiento federal y estatal del sector educativo, cumpliendo con el aumento salarial anunciado por el presidente Andr\u00e9s Manuel L\u00f3pez Obrador. [&hellip;]<\/p>\n","protected":false},"author":1,"featured_media":149831,"comment_status":"closed","ping_status":"closed","sticky":false,"template":"","format":"standard","meta":{"footnotes":""},"categories":[13,1,3],"tags":[],"class_list":["post-149830","post","type-post","status-publish","format-standard","has-post-thumbnail","hentry","category-gobierno","category-portada","category-tamaulipas"],"_links":{"self":[{"href":"https:\/\/www.elsinodaldetamaulipas.com.mx\/index.php?rest_route=\/wp\/v2\/posts\/149830","targetHints":{"allow":["GET"]}}],"collection":[{"href":"https:\/\/www.elsinodaldetamaulipas.com.mx\/index.php?rest_route=\/wp\/v2\/posts"}],"about":[{"href":"https:\/\/www.elsinodaldetamaulipas.com.mx\/index.php?rest_route=\/wp\/v2\/types\/post"}],"author":[{"embeddable":true,"href":"https:\/\/www.elsinodaldetamaulipas.com.mx\/index.php?rest_route=\/wp\/v2\/users\/1"}],"replies":[{"embeddable":true,"href":"https:\/\/www.elsinodaldetamaulipas.com.mx\/index.php?rest_route=%2Fwp%2Fv2%2Fcomments&post=149830"}],"version-history":[{"count":1,"href":"https:\/\/www.elsinodaldetamaulipas.com.mx\/index.php?rest_route=\/wp\/v2\/posts\/149830\/revisions"}],"predecessor-version":[{"id":149832,"href":"https:\/\/www.elsinodaldetamaulipas.com.mx\/index.php?rest_route=\/wp\/v2\/posts\/149830\/revisions\/149832"}],"wp:featuredmedia":[{"embeddable":true,"href":"https:\/\/www.elsinodaldetamaulipas.com.mx\/index.php?rest_route=\/wp\/v2\/media\/149831"}],"wp:attachment":[{"href":"https:\/\/www.elsinodaldetamaulipas.com.mx\/index.php?rest_route=%2Fwp%2Fv2%2Fmedia&parent=149830"}],"wp:term":[{"taxonomy":"category","embeddable":true,"href":"https:\/\/www.elsinodaldetamaulipas.com.mx\/index.php?rest_route=%2Fwp%2Fv2%2Fcategories&post=149830"},{"taxonomy":"post_tag","embeddable":true,"href":"https:\/\/www.elsinodaldetamaulipas.com.mx\/index.php?rest_route=%2Fwp%2Fv2%2Ftags&post=149830"}],"curies":[{"name":"wp","href":"https:\/\/api.w.org\/{rel}","templated":true}]}}