{"id":149833,"date":"2023-06-29T18:19:58","date_gmt":"2023-06-29T18:19:58","guid":{"rendered":"http:\/\/www.elsinodaldetamaulipas.com.mx\/?p=149833"},"modified":"2023-06-29T18:20:05","modified_gmt":"2023-06-29T18:20:05","slug":"invita-dif-reynosa-a-participar-en-campamento-de-verano-2023","status":"publish","type":"post","link":"https:\/\/www.elsinodaldetamaulipas.com.mx\/?p=149833","title":{"rendered":"INVITA DIF REYNOSA A PARTICIPAR EN CAMPAMENTO DE VERANO 2023"},"content":{"rendered":"\n<p><strong>EL SINODAL DE TAMAULIPAS<\/strong><\/p>\n\n\n\n<p><em><strong>Reynosa, Tam.-<\/strong><\/em> A fin de que los menores de edad tengan un espacio de recreaci\u00f3n y aprendizaje, el Sistema DIF Reynosa, que encabeza Carlos Luis Pe\u00f1a Garza, ha preparado el Campamento de Verano \u00abVacaciones DIFerentes 2023\u00bb, que se llevar\u00e1 a cabo del 31 de julio al 4 de agosto.<\/p>\n\n\n\n<p>Las inscripciones permanecer\u00e1n abiertas hasta el 14 de julio y las familias pueden registrar a sus hijos al tel\u00e9fono 8992089591.<\/p>\n\n\n\n<p>El campamento es para menores de edad de entre 10 y 13 a\u00f1os; ofrecer\u00e1 una variedad de actividades como pl\u00e1ticas sobre valores, clases de ajedrez, pintura, bisuter\u00eda, elaboraci\u00f3n de mini donas y entrenamiento funcional.<\/p>\n\n\n\n<p>El campamento se realizar\u00e1 en las fechas mencionadas, en las instalaciones de CEDIF Hidalgo, ubicado en Adolfo L\u00f3pez Mateos sin n\u00famero, en la colonia Adolfo L\u00f3pez Mateos.<\/p>\n\n\n\n<p>El Presidente del Patronato del Sistema DIF Reynosa, Carlos Luis Pe\u00f1a Garza, invit\u00f3 a los padres de familia a registrar a sus hijos para que sean parte de estas actividades que, con mucho entusiasmo organiza el personal del programa de Atenci\u00f3n a J\u00f3venes.<\/p>\n","protected":false},"excerpt":{"rendered":"<p>EL SINODAL DE TAMAULIPAS Reynosa, Tam.- A fin de que los menores de edad tengan un espacio de recreaci\u00f3n y aprendizaje, el Sistema DIF Reynosa, que encabeza Carlos Luis Pe\u00f1a Garza, ha preparado el Campamento de Verano \u00abVacaciones DIFerentes 2023\u00bb, que se llevar\u00e1 a cabo del 31 de julio al 4 de agosto. Las inscripciones [&hellip;]<\/p>\n","protected":false},"author":1,"featured_media":149834,"comment_status":"closed","ping_status":"closed","sticky":false,"template":"","format":"standard","meta":{"footnotes":""},"categories":[2],"tags":[],"class_list":["post-149833","post","type-post","status-publish","format-standard","has-post-thumbnail","hentry","category-reynosa"],"_links":{"self":[{"href":"https:\/\/www.elsinodaldetamaulipas.com.mx\/index.php?rest_route=\/wp\/v2\/posts\/149833","targetHints":{"allow":["GET"]}}],"collection":[{"href":"https:\/\/www.elsinodaldetamaulipas.com.mx\/index.php?rest_route=\/wp\/v2\/posts"}],"about":[{"href":"https:\/\/www.elsinodaldetamaulipas.com.mx\/index.php?rest_route=\/wp\/v2\/types\/post"}],"author":[{"embeddable":true,"href":"https:\/\/www.elsinodaldetamaulipas.com.mx\/index.php?rest_route=\/wp\/v2\/users\/1"}],"replies":[{"embeddable":true,"href":"https:\/\/www.elsinodaldetamaulipas.com.mx\/index.php?rest_route=%2Fwp%2Fv2%2Fcomments&post=149833"}],"version-history":[{"count":1,"href":"https:\/\/www.elsinodaldetamaulipas.com.mx\/index.php?rest_route=\/wp\/v2\/posts\/149833\/revisions"}],"predecessor-version":[{"id":149835,"href":"https:\/\/www.elsinodaldetamaulipas.com.mx\/index.php?rest_route=\/wp\/v2\/posts\/149833\/revisions\/149835"}],"wp:featuredmedia":[{"embeddable":true,"href":"https:\/\/www.elsinodaldetamaulipas.com.mx\/index.php?rest_route=\/wp\/v2\/media\/149834"}],"wp:attachment":[{"href":"https:\/\/www.elsinodaldetamaulipas.com.mx\/index.php?rest_route=%2Fwp%2Fv2%2Fmedia&parent=149833"}],"wp:term":[{"taxonomy":"category","embeddable":true,"href":"https:\/\/www.elsinodaldetamaulipas.com.mx\/index.php?rest_route=%2Fwp%2Fv2%2Fcategories&post=149833"},{"taxonomy":"post_tag","embeddable":true,"href":"https:\/\/www.elsinodaldetamaulipas.com.mx\/index.php?rest_route=%2Fwp%2Fv2%2Ftags&post=149833"}],"curies":[{"name":"wp","href":"https:\/\/api.w.org\/{rel}","templated":true}]}}