{"id":150119,"date":"2023-07-01T16:58:47","date_gmt":"2023-07-01T16:58:47","guid":{"rendered":"http:\/\/www.elsinodaldetamaulipas.com.mx\/?p=150119"},"modified":"2023-07-01T16:58:52","modified_gmt":"2023-07-01T16:58:52","slug":"inhabilitacion-hasta-2030-saca-a-bolsonaro-de-la-contienda-presidencial","status":"publish","type":"post","link":"https:\/\/www.elsinodaldetamaulipas.com.mx\/?p=150119","title":{"rendered":"INHABILITACI\u00d3N HASTA 2030 SACA A BOLSONARO DE LA CONTIENDA PRESIDENCIAL"},"content":{"rendered":"\n<p><strong>EL SINODAL DE TAMAULIPAS<\/strong><\/p>\n\n\n\n<p><em><strong>Brasilia.-<\/strong><\/em>\u00a0El ex presidente Jair Bolsonaro es inelegible para ejercer cargos p\u00fablicos durante ocho a\u00f1os por \u201cabuso de poder\u201d, determin\u00f3 ayer el Tribunal Electoral Federal de Brasil (TSE), con votaci\u00f3n de 5 a 2, por difundir informaci\u00f3n \u201cfalsa\u201d sobre el sistema electoral antes de su derrota frente al progresista Lula da Silva. El l\u00edder ultraderechista asegur\u00f3 que impugnar\u00e1 la decisi\u00f3n.<\/p>\n\n\n\n<p>La inhabilitaci\u00f3n pol\u00edtica dejar\u00e1 a Bolsonaro, de 68 a\u00f1os, postularse hasta 2030, por lo que quedar\u00e1 fuera de las presidenciales de 2026. Aunque puede abrir una carrera por el liderazgo de la derecha en el gigante sudamericano, por ahora sin alternativas claras. El ex capit\u00e1n del ej\u00e9rcito tach\u00f3 el fallo de \u201cpu\u00f1alada en la espalda\u201d, y asegur\u00f3 que apelar\u00e1. \u201cNo estoy muerto, vamos a seguir trabajando\u201d, afirm\u00f3 ante periodistas en la sure\u00f1a ciudad Belo Horizonte, en Minas Gerais.<\/p>\n\n\n\n<p>Despu\u00e9s de varios d\u00edas, en esta cuarta y \u00faltima sesi\u00f3n en el TSE, votaron los \u00faltimos tres jueces. Para una condena por los cargos de \u201cabuso de poder pol\u00edtico y uso indebido de los medios de comunicaci\u00f3n\u201d era necesaria una mayor\u00eda del pleno, al menos cuatro de siete votos.<\/p>\n\n\n\n<p>El caso se centra en un evento con diplom\u00e1ticos organizado por Bolsonaro el 18 de julio de 2022 en el palacio de la Alvorada, en el que asegur\u00f3 sin pruebas que buscaba \u201ccorregir fallas\u201d del sistema de urnas electr\u00f3nicas con la \u201cparticipaci\u00f3n de las fuerzas armadas\u201d. En su discurso tras el encuentro, transmitido por la televisi\u00f3n p\u00fablica, el ultraderechista justific\u00f3 que la supuesta vulnerabilidad del sistema pod\u00eda servir para manipular el resultado en su contra, algo que repiti\u00f3 en numerosas ocasiones durante la campa\u00f1a electoral.<\/p>\n\n\n\n<p>\u201cMentir no es una herramienta leg\u00edtima para el ejercicio de una funci\u00f3n p\u00fablica\u201d, reaccion\u00f3 el ministro de Justicia, Flavio Dino. \u201cLa democracia super\u00f3 la prueba de estr\u00e9s m\u00e1s dura en d\u00e9cadas\u201d, agreg\u00f3.<\/p>\n\n\n\n<p>El juez instructor del caso, Benedito Gon\u00e7alves, asoci\u00f3 a Bolsonaro a un \u201cdiscurso violento y mentiras\u201d que pusieron \u201cen jaque la credibilidad de la justicia electoral\u201d, y destac\u00f3 que la reuni\u00f3n con los diplom\u00e1ticos \u201csirvi\u00f3 para incitar un estado de paranoia colectiva\u201d sobre la plataforma de c\u00f3mputo electoral.<\/p>\n\n\n\n<p>\u201c\u00bfQu\u00e9 puede ser m\u00e1s grave para un jefe de Estado que, con objetivos pol\u00edticos, movilizar el aparato de la Rep\u00fablica para transmitir la idea de que los comicios no son limpios?\u201d, cuestion\u00f3 el magistrado Floriano Marques, al justificar su sufragio.<\/p>\n\n\n\n<p>Alexandre de Moraes, juez del TSE, argument\u00f3 que la decisi\u00f3n representa un rechazo al \u201cpopulismo renacido de las llamas del discurso odioso y antidemocr\u00e1tico que promueve la desinformaci\u00f3n atroz\u201d.<\/p>\n\n\n\n<p>Ra\u00fal Araujo, que vot\u00f3 en contra, defendi\u00f3 que \u201cla intensidad del comportamiento no fue tal para justificar la medida extrema de la inelegibilidad\u201d.<\/p>\n\n\n\n<p>Tras la resoluci\u00f3n, el ministro de Justicia, Flavio Dino, tuite\u00f3: \u201cAlgunos mensajes importantes vienen del juicio del TSE: mentir no es una herramienta leg\u00edtima para ejercer una funci\u00f3n p\u00fablica y la pol\u00edtica no se rige por la ley de la selva\u201d.<\/p>\n\n\n\n<p class=\"has-text-align-center\"><strong>Elecciones de 2026<\/strong><\/p>\n\n\n\n<p>Bolsonaro perdi\u00f3 ante Lula por un estrecho margen: 50.9 por ciento frente a 49.1, aunque su conservador Partido Liberal es mayoritario en el Congreso actual. Durante su gesti\u00f3n, fue criticado, adem\u00e1s, por la administraci\u00f3n de la selva amaz\u00f3nica, el mal manejo de la pandemia de covid-19, su relaci\u00f3n en el fallido golpe de Estado de enero pasado y ahora se suma el juicio en el TSE.<\/p>\n\n\n\n<p>Muchos de sus aliados son interrogados por los legisladores en una investigaci\u00f3n del Congreso sobre los disturbios del pasado 8 de enero. Bolsonaro no corre el riesgo de ir a la c\u00e1rcel en el caso electoral, pero se enfrenta a otras investigaciones que a\u00fan podr\u00edan ponerle tras las rejas.<\/p>\n\n\n\n<p>Aunque sus esperanzas de vencer a Lula en 2026 pudieron haber terminado, ha dicho que apoyar\u00eda a su esposa, Michelle, como candidata, al ser una cristiana evang\u00e9lica que podr\u00eda conseguir el apoyo de una derecha religiosa. \u201cNuestro sue\u00f1o est\u00e1 m\u00e1s vivo que nunca\u201d, escribi\u00f3 en Instagram tras el fallo, y extern\u00f3: \u201cEstoy a sus \u00f3rdenes, mi capit\u00e1n\u201d.<\/p>\n","protected":false},"excerpt":{"rendered":"<p>EL SINODAL DE TAMAULIPAS Brasilia.-\u00a0El ex presidente Jair Bolsonaro es inelegible para ejercer cargos p\u00fablicos durante ocho a\u00f1os por \u201cabuso de poder\u201d, determin\u00f3 ayer el Tribunal Electoral Federal de Brasil (TSE), con votaci\u00f3n de 5 a 2, por difundir informaci\u00f3n \u201cfalsa\u201d sobre el sistema electoral antes de su derrota frente al progresista Lula da Silva. [&hellip;]<\/p>\n","protected":false},"author":1,"featured_media":150120,"comment_status":"closed","ping_status":"closed","sticky":false,"template":"","format":"standard","meta":{"footnotes":""},"categories":[14],"tags":[],"class_list":["post-150119","post","type-post","status-publish","format-standard","has-post-thumbnail","hentry","category-internacional"],"_links":{"self":[{"href":"https:\/\/www.elsinodaldetamaulipas.com.mx\/index.php?rest_route=\/wp\/v2\/posts\/150119","targetHints":{"allow":["GET"]}}],"collection":[{"href":"https:\/\/www.elsinodaldetamaulipas.com.mx\/index.php?rest_route=\/wp\/v2\/posts"}],"about":[{"href":"https:\/\/www.elsinodaldetamaulipas.com.mx\/index.php?rest_route=\/wp\/v2\/types\/post"}],"author":[{"embeddable":true,"href":"https:\/\/www.elsinodaldetamaulipas.com.mx\/index.php?rest_route=\/wp\/v2\/users\/1"}],"replies":[{"embeddable":true,"href":"https:\/\/www.elsinodaldetamaulipas.com.mx\/index.php?rest_route=%2Fwp%2Fv2%2Fcomments&post=150119"}],"version-history":[{"count":1,"href":"https:\/\/www.elsinodaldetamaulipas.com.mx\/index.php?rest_route=\/wp\/v2\/posts\/150119\/revisions"}],"predecessor-version":[{"id":150121,"href":"https:\/\/www.elsinodaldetamaulipas.com.mx\/index.php?rest_route=\/wp\/v2\/posts\/150119\/revisions\/150121"}],"wp:featuredmedia":[{"embeddable":true,"href":"https:\/\/www.elsinodaldetamaulipas.com.mx\/index.php?rest_route=\/wp\/v2\/media\/150120"}],"wp:attachment":[{"href":"https:\/\/www.elsinodaldetamaulipas.com.mx\/index.php?rest_route=%2Fwp%2Fv2%2Fmedia&parent=150119"}],"wp:term":[{"taxonomy":"category","embeddable":true,"href":"https:\/\/www.elsinodaldetamaulipas.com.mx\/index.php?rest_route=%2Fwp%2Fv2%2Fcategories&post=150119"},{"taxonomy":"post_tag","embeddable":true,"href":"https:\/\/www.elsinodaldetamaulipas.com.mx\/index.php?rest_route=%2Fwp%2Fv2%2Ftags&post=150119"}],"curies":[{"name":"wp","href":"https:\/\/api.w.org\/{rel}","templated":true}]}}