{"id":153896,"date":"2023-08-10T17:56:01","date_gmt":"2023-08-10T17:56:01","guid":{"rendered":"http:\/\/www.elsinodaldetamaulipas.com.mx\/?p=153896"},"modified":"2023-08-10T17:56:08","modified_gmt":"2023-08-10T17:56:08","slug":"reloj-politico-por-jomar-593","status":"publish","type":"post","link":"https:\/\/www.elsinodaldetamaulipas.com.mx\/?p=153896","title":{"rendered":"RELOJ POLITICO\/ POR JO*MAR\u00a0"},"content":{"rendered":"\n<p><strong><em> TIC TAC<\/em><\/strong> <\/p>\n\n\n\n<ul class=\"wp-block-list\">\n<li><strong><em>PASAN A SEGUNDA RONDA, XOCHITL, CREEL, PAREDES Y ENRIQUE, \u201cTRUENAN\u201d A FRANCISCO N<\/em><\/strong><\/li>\n\n\n\n<li><strong><em>EXIGE ALCALDE AGILIZAR DENUNCIA CONTRA EL HIJO DEL AUDITOR SUPERIOR.<\/em><\/strong><\/li>\n<\/ul>\n\n\n\n<p>&nbsp;&nbsp;&nbsp; El comit\u00e9 organizador del Frente Amplio Por M\u00e9xico dio a conocer qui\u00e9nes son los aspirantes&nbsp; a la coordinaci\u00f3n que pasaron a a la segunda ronda de selecci\u00f3n, donde se llevaran a cabo foros nacionales para discutir las problem\u00e1ticas del pa\u00eds.<\/p>\n\n\n\n<p>&nbsp;&nbsp;&nbsp;&nbsp; Se trata de SANTIAGO CREEL, BEATRIZ PAREDES, ENRIQUE DE LA MADRID y XOCHITL GALVEZ RUIZ, quienes cumplieron con el registro de las 150 mil firmas de respaldo y los requisitos para coordinar el frente opositor y lanzarse como candidatos a la presidencia, en las elecciones 2024.<\/p>\n\n\n\n<p>&nbsp;&nbsp;&nbsp;&nbsp;&nbsp; Ahora, los cuatro finalistas se enfrentaran a la segunda parte del proceso de selecci\u00f3n de aspirantes, la cual consistir\u00e1 en participar en un foro el 10 de agosto, enfocado en discutir analizar su visi\u00f3n sobre M\u00e9xico.<\/p>\n\n\n\n<p>&nbsp;&nbsp;&nbsp;&nbsp;&nbsp; Posteriormente, se har\u00e1 el primer sondeo opini\u00f3n, del 11 al 16 de agosto que servir\u00e1 para elegir a las tres personas con mayor respaldo social que pasaran a la tercera etapa del proceso.<\/p>\n\n\n\n<p>&nbsp;&nbsp;&nbsp;&nbsp; Los aspirantes a la coordinaci\u00f3n del frente opositor que pasaron a la segunda fase obtuvieron&nbsp; el siguiente numero de firmas: XOCHITL GALVEZ, 554 mil 699 firmas, BEATRIZ PAREDES, 451 mil 934 firmas, SANTIAGO CREEL, 358 mil 735 firmas y ENRIQUE DE LA MADRID, 344 mil 729 firmas.<\/p>\n\n\n\n<p>&nbsp;&nbsp;&nbsp;&nbsp; El ex gobernador pr\u00f3fugo, FRANCISCO N, que hizo mucho alboroto por medio de redes sociales para participar como candidato presidencial, finalmente quedo reprobado en las filas de su propio partido, donde la base militante, le dio la espalda, al negarle su firma para colocarlo en seguir a la segunda fase del proceso interno.<\/p>\n\n\n\n<p>&nbsp;&nbsp;&nbsp;&nbsp;&nbsp; En otro orden de ideas, el presidente municipal CARLOS PE\u00d1A ORTIZ, exigi\u00f3 al poder judicial del Estado que se agilice la denuncia, &nbsp;que presento su administraci\u00f3n en contra del hijo del auditor superior, JORGE ESPINO ASCANIO-<\/p>\n\n\n\n<p>&nbsp;&nbsp;&nbsp;&nbsp; De acuerdo con datos period\u00edsticos y audios que en su momento hicieron p\u00fablicos, LUIS ESPINO ACOSTA, llego a ofrecer 5 millones de pesos a los regidores de MORENA que renunciaran a ese partido y se sumaran a la fracci\u00f3n del PAN, con&nbsp; el prop\u00f3sito de destituir al alcalde CARLOS PE\u00d1A, el expediente lleva un a\u00f1o archivado.<\/p>\n\n\n\n<p>&nbsp;&nbsp;&nbsp; En la conferencia ma\u00f1anera, PE\u00d1A ORTIZ, expreso su preocupaci\u00f3n por lo que la fiscal\u00eda ha reanudo la persecuci\u00f3n en su contra, pero no hay avances en el expediente contra el hijo del auditor superior.<\/p>\n\n\n\n<p>&nbsp;&nbsp;&nbsp;&nbsp; En otro tema, MANUEL BARTETT DIAZ, director general de la Comisi\u00f3n Federal de Electricidad y el gobernador, AMERCIO VILLARREAL, acordaron iniciar negociaciones para que los usuarios tengan una tarifa el\u00e9ctrica de verano m\u00e1s accesible.<\/p>\n\n\n\n<p>&nbsp;&nbsp;&nbsp;&nbsp; Durante una reuni\u00f3n de trabajo, VILLARREAL ANAYA, expuso las razones y los argumentos por que Tamaulipas, por sus altas temperaturas debe tener una tarifa preferencial.<\/p>\n\n\n\n<p>&nbsp;&nbsp;&nbsp;&nbsp; En otra informaci\u00f3n, al presidir la audiencia publica el alcalde CARLOS PE\u00d1A, con 600 personas en la colonia Lampacitos expreso, \u201cNos da mucho gusto con ustedes, con los servicios del gobierno de Reynosa, del DIF y la Comapa, nos acompa\u00f1an regidores de todos los partidos y gracias a ellos hemos trabajado en conjunto para invertir mas recursos en obra publica\u201d-<\/p>\n\n\n\n<p>&nbsp;&nbsp;&nbsp; La Comisi\u00f3n municipal de Agua Potable de Reynosa informa los usuarios que, el municipio se mantendr\u00e1 durante el mes de agosto en color rojo en el sem\u00e1foro del agua, emitido por la comisi\u00f3n Estatal del Agua en Tamaulipas.<\/p>\n\n\n\n<p>&nbsp;&nbsp;&nbsp;&nbsp; Cambio de tema, el segundo s\u00edndico del Municipio, MARCOS MONTALVO, a invitaci\u00f3n de vecinos de varias colonias ha estado teniendo reuniones con el fin de recoger los problemas que tienen en sus colonias y ser el gestor ante las distintas dependencias para que resolver los problemas que tienen en materia de alumbrado, agua potable y otros.<\/p>\n\n\n\n<p>&nbsp;&nbsp;&nbsp; El funcionario municipal ha dicho que acude a petici\u00f3n de los vecinos y en lo que esta de su parte trata de ayudarles a mejorar las necesidades de las gentes en las distintas colonias del municipio-<\/p>\n\n\n\n<p>&nbsp;&nbsp;&nbsp;&nbsp; Cabe hacer menci\u00f3n que es los integrante del cabildo es de los pocos ediles que esta trabajando cercanamente con las gentes en esta ciudad.<\/p>\n\n\n\n<p>&nbsp;&nbsp;&nbsp;&nbsp;&nbsp; Por el rumbo de la oficina fiscal su titular, JUAN GONZALEZ LOZANO, ha realizado algunos acomodos del personal con el fin de que el servicio a los contribuyentes que acuden a realizar distintos tr\u00e1mites sean atenidos con esmero, cumpliendo las instrucciones del gobernador del Estado y la Secretaria de finanzas.<\/p>\n\n\n\n<p>&nbsp;&nbsp;&nbsp;&nbsp;&nbsp;&nbsp;&nbsp; TIC TAC nada puede ganarle al reloj. POR AH\u00cd NOS ENCONTRAREMOS.<\/p>\n","protected":false},"excerpt":{"rendered":"<p>TIC TAC &nbsp;&nbsp;&nbsp; El comit\u00e9 organizador del Frente Amplio Por M\u00e9xico dio a conocer qui\u00e9nes son los aspirantes&nbsp; a la coordinaci\u00f3n que pasaron a a la segunda ronda de selecci\u00f3n, donde se llevaran a cabo foros nacionales para discutir las problem\u00e1ticas del pa\u00eds. &nbsp;&nbsp;&nbsp;&nbsp; Se trata de SANTIAGO CREEL, BEATRIZ PAREDES, ENRIQUE DE LA MADRID [&hellip;]<\/p>\n","protected":false},"author":1,"featured_media":120918,"comment_status":"closed","ping_status":"closed","sticky":false,"template":"","format":"standard","meta":{"footnotes":""},"categories":[16],"tags":[],"class_list":["post-153896","post","type-post","status-publish","format-standard","has-post-thumbnail","hentry","category-opinion"],"_links":{"self":[{"href":"https:\/\/www.elsinodaldetamaulipas.com.mx\/index.php?rest_route=\/wp\/v2\/posts\/153896","targetHints":{"allow":["GET"]}}],"collection":[{"href":"https:\/\/www.elsinodaldetamaulipas.com.mx\/index.php?rest_route=\/wp\/v2\/posts"}],"about":[{"href":"https:\/\/www.elsinodaldetamaulipas.com.mx\/index.php?rest_route=\/wp\/v2\/types\/post"}],"author":[{"embeddable":true,"href":"https:\/\/www.elsinodaldetamaulipas.com.mx\/index.php?rest_route=\/wp\/v2\/users\/1"}],"replies":[{"embeddable":true,"href":"https:\/\/www.elsinodaldetamaulipas.com.mx\/index.php?rest_route=%2Fwp%2Fv2%2Fcomments&post=153896"}],"version-history":[{"count":1,"href":"https:\/\/www.elsinodaldetamaulipas.com.mx\/index.php?rest_route=\/wp\/v2\/posts\/153896\/revisions"}],"predecessor-version":[{"id":153897,"href":"https:\/\/www.elsinodaldetamaulipas.com.mx\/index.php?rest_route=\/wp\/v2\/posts\/153896\/revisions\/153897"}],"wp:featuredmedia":[{"embeddable":true,"href":"https:\/\/www.elsinodaldetamaulipas.com.mx\/index.php?rest_route=\/wp\/v2\/media\/120918"}],"wp:attachment":[{"href":"https:\/\/www.elsinodaldetamaulipas.com.mx\/index.php?rest_route=%2Fwp%2Fv2%2Fmedia&parent=153896"}],"wp:term":[{"taxonomy":"category","embeddable":true,"href":"https:\/\/www.elsinodaldetamaulipas.com.mx\/index.php?rest_route=%2Fwp%2Fv2%2Fcategories&post=153896"},{"taxonomy":"post_tag","embeddable":true,"href":"https:\/\/www.elsinodaldetamaulipas.com.mx\/index.php?rest_route=%2Fwp%2Fv2%2Ftags&post=153896"}],"curies":[{"name":"wp","href":"https:\/\/api.w.org\/{rel}","templated":true}]}}