{"id":154086,"date":"2023-08-11T20:57:08","date_gmt":"2023-08-11T20:57:08","guid":{"rendered":"http:\/\/www.elsinodaldetamaulipas.com.mx\/?p=154086"},"modified":"2023-08-11T20:57:14","modified_gmt":"2023-08-11T20:57:14","slug":"construye-gobierno-de-carlos-pena-ortiz-area-de-hidroterapia-del-cri-con-mas-de-12-mdp","status":"publish","type":"post","link":"https:\/\/www.elsinodaldetamaulipas.com.mx\/?p=154086","title":{"rendered":"CONSTRUYE GOBIERNO DE CARLOS PE\u00d1A ORTIZ \u00c1REA DE HIDROTERAPIA DEL CRI CON M\u00c1S DE 12 MDP"},"content":{"rendered":"\n<ul class=\"wp-block-list\">\n<li><strong><em>En la ceremonia fue acompa\u00f1ado por miembros del Cabildo, funcionarios y pacientes del Centro Integral de Rehabilitaci\u00f3n de Reynosa.<\/em><\/strong><\/li>\n<\/ul>\n\n\n\n<p><strong>EL SINODAL DE TAMAULIPAS<\/strong><\/p>\n\n\n<div class=\"wp-block-image\">\n<figure class=\"alignright size-full\"><img loading=\"lazy\" decoding=\"async\" width=\"640\" height=\"426\" src=\"https:\/\/www.elsinodaldetamaulipas.com.mx\/wp-content\/uploads\/2023\/08\/CPOX-I-6.jpeg\" alt=\"\" class=\"wp-image-154087\" srcset=\"https:\/\/www.elsinodaldetamaulipas.com.mx\/wp-content\/uploads\/2023\/08\/CPOX-I-6.jpeg 640w, https:\/\/www.elsinodaldetamaulipas.com.mx\/wp-content\/uploads\/2023\/08\/CPOX-I-6-300x200.jpeg 300w\" sizes=\"auto, (max-width: 640px) 100vw, 640px\" \/><\/figure><\/div>\n\n\n<p><strong>Reynosa, Tam.-<\/strong> El Presidente Municipal Carlos Pe\u00f1a Ortiz, llev\u00f3 a cabo la presentaci\u00f3n oficial del proyecto de Construcci\u00f3n del Area de Hidroterapia Especializada en el Centro de Rehabilitaci\u00f3n Integral de Reynosa, que incluye un tanque multifuncional para pacientes pedi\u00e1tricos y adultos, el cual contar\u00e1 con las tecnolog\u00edas m\u00e1s avanzadas para el tratamiento de los pacientes.<\/p>\n\n\n\n<p>\u201cAnteriormente solo se pod\u00edan dar hasta 15 terapias por d\u00eda, y con esta inversi\u00f3n de 12 Millones 380 Mil 146.42 Pesos, podr\u00edamos llegar a las 40 terapias diarias, para dar un mejor servicio y atenci\u00f3n a las familias de Reynosa, terapias que en ning\u00fan otro lugar se encuentran y de ser as\u00ed son muy caras \u201c, dijo el Alcalde.<\/p>\n\n\n\n<p>La explicaci\u00f3n del proyecto fue ofrecida por titular de la SOPDUMA Eduardo L\u00f3pez Arias, contando con la participaci\u00f3n de los Regidores Margarita Ortega Padr\u00f3n y Antonio Ch\u00e1vez Herrera, Coordinadores de las Comisiones de Salud y de Asentamientos Humanos y Obras P\u00fablicas.<\/p>\n\n\n\n<p>Tambi\u00e9n participaron, la Directora del DIF-Reynosa, Gabriela Rosas Blanco; Alejandra Mariana Barrera M\u00e9ndez, Coordinadora del CRI; miembros del Cabildo, y funcionarios del DIF y del Ayuntamiento.<\/p>\n\n\n\n<p>En representaci\u00f3n de los beneficiarios, la se\u00f1ora Martha Leticia Herrera P\u00e9rez, agradeci\u00f3 al Alcalde y al Cabildo el inter\u00e9s de atender las necesidades de los pacientes, y resalt\u00f3 lo importante de contar con instalaciones mejor equipadas, invitando a la ciudadan\u00eda a conocer y acercarse en caso de requerir de atenci\u00f3n del CRI.<\/p>\n\n\n\n<p>#JuntosVolamosM\u00e1sAlto<\/p>\n\n\n\n<figure class=\"wp-block-gallery has-nested-images columns-default is-cropped wp-block-gallery-1 is-layout-flex wp-block-gallery-is-layout-flex\">\n<figure class=\"wp-block-image size-large\"><img loading=\"lazy\" decoding=\"async\" width=\"640\" height=\"426\" data-id=\"154088\" src=\"https:\/\/www.elsinodaldetamaulipas.com.mx\/wp-content\/uploads\/2023\/08\/CPOX-II-3.jpeg\" alt=\"\" class=\"wp-image-154088\" srcset=\"https:\/\/www.elsinodaldetamaulipas.com.mx\/wp-content\/uploads\/2023\/08\/CPOX-II-3.jpeg 640w, https:\/\/www.elsinodaldetamaulipas.com.mx\/wp-content\/uploads\/2023\/08\/CPOX-II-3-300x200.jpeg 300w\" sizes=\"auto, (max-width: 640px) 100vw, 640px\" \/><\/figure>\n\n\n\n<figure class=\"wp-block-image size-large\"><img loading=\"lazy\" decoding=\"async\" width=\"640\" height=\"426\" data-id=\"154090\" src=\"https:\/\/www.elsinodaldetamaulipas.com.mx\/wp-content\/uploads\/2023\/08\/CPOX-IIII-2.jpeg\" alt=\"\" class=\"wp-image-154090\" srcset=\"https:\/\/www.elsinodaldetamaulipas.com.mx\/wp-content\/uploads\/2023\/08\/CPOX-IIII-2.jpeg 640w, https:\/\/www.elsinodaldetamaulipas.com.mx\/wp-content\/uploads\/2023\/08\/CPOX-IIII-2-300x200.jpeg 300w\" sizes=\"auto, (max-width: 640px) 100vw, 640px\" \/><\/figure>\n\n\n\n<figure class=\"wp-block-image size-large\"><img loading=\"lazy\" decoding=\"async\" width=\"640\" height=\"426\" data-id=\"154089\" src=\"https:\/\/www.elsinodaldetamaulipas.com.mx\/wp-content\/uploads\/2023\/08\/CPOX-III-4.jpeg\" alt=\"\" class=\"wp-image-154089\" srcset=\"https:\/\/www.elsinodaldetamaulipas.com.mx\/wp-content\/uploads\/2023\/08\/CPOX-III-4.jpeg 640w, https:\/\/www.elsinodaldetamaulipas.com.mx\/wp-content\/uploads\/2023\/08\/CPOX-III-4-300x200.jpeg 300w\" sizes=\"auto, (max-width: 640px) 100vw, 640px\" \/><\/figure>\n<\/figure>\n","protected":false},"excerpt":{"rendered":"<p>EL SINODAL DE TAMAULIPAS Reynosa, Tam.- El Presidente Municipal Carlos Pe\u00f1a Ortiz, llev\u00f3 a cabo la presentaci\u00f3n oficial del proyecto de Construcci\u00f3n del Area de Hidroterapia Especializada en el Centro de Rehabilitaci\u00f3n Integral de Reynosa, que incluye un tanque multifuncional para pacientes pedi\u00e1tricos y adultos, el cual contar\u00e1 con las tecnolog\u00edas m\u00e1s avanzadas para el [&hellip;]<\/p>\n","protected":false},"author":1,"featured_media":154091,"comment_status":"closed","ping_status":"closed","sticky":false,"template":"","format":"standard","meta":{"footnotes":""},"categories":[1,2],"tags":[],"class_list":["post-154086","post","type-post","status-publish","format-standard","has-post-thumbnail","hentry","category-portada","category-reynosa"],"_links":{"self":[{"href":"https:\/\/www.elsinodaldetamaulipas.com.mx\/index.php?rest_route=\/wp\/v2\/posts\/154086","targetHints":{"allow":["GET"]}}],"collection":[{"href":"https:\/\/www.elsinodaldetamaulipas.com.mx\/index.php?rest_route=\/wp\/v2\/posts"}],"about":[{"href":"https:\/\/www.elsinodaldetamaulipas.com.mx\/index.php?rest_route=\/wp\/v2\/types\/post"}],"author":[{"embeddable":true,"href":"https:\/\/www.elsinodaldetamaulipas.com.mx\/index.php?rest_route=\/wp\/v2\/users\/1"}],"replies":[{"embeddable":true,"href":"https:\/\/www.elsinodaldetamaulipas.com.mx\/index.php?rest_route=%2Fwp%2Fv2%2Fcomments&post=154086"}],"version-history":[{"count":1,"href":"https:\/\/www.elsinodaldetamaulipas.com.mx\/index.php?rest_route=\/wp\/v2\/posts\/154086\/revisions"}],"predecessor-version":[{"id":154092,"href":"https:\/\/www.elsinodaldetamaulipas.com.mx\/index.php?rest_route=\/wp\/v2\/posts\/154086\/revisions\/154092"}],"wp:featuredmedia":[{"embeddable":true,"href":"https:\/\/www.elsinodaldetamaulipas.com.mx\/index.php?rest_route=\/wp\/v2\/media\/154091"}],"wp:attachment":[{"href":"https:\/\/www.elsinodaldetamaulipas.com.mx\/index.php?rest_route=%2Fwp%2Fv2%2Fmedia&parent=154086"}],"wp:term":[{"taxonomy":"category","embeddable":true,"href":"https:\/\/www.elsinodaldetamaulipas.com.mx\/index.php?rest_route=%2Fwp%2Fv2%2Fcategories&post=154086"},{"taxonomy":"post_tag","embeddable":true,"href":"https:\/\/www.elsinodaldetamaulipas.com.mx\/index.php?rest_route=%2Fwp%2Fv2%2Ftags&post=154086"}],"curies":[{"name":"wp","href":"https:\/\/api.w.org\/{rel}","templated":true}]}}