{"id":155594,"date":"2023-08-24T00:17:14","date_gmt":"2023-08-24T00:17:14","guid":{"rendered":"http:\/\/www.elsinodaldetamaulipas.com.mx\/?p=155594"},"modified":"2023-08-24T00:17:23","modified_gmt":"2023-08-24T00:17:23","slug":"la-comuna-por-jose-angel-solorio-martinez-147","status":"publish","type":"post","link":"https:\/\/www.elsinodaldetamaulipas.com.mx\/?p=155594","title":{"rendered":"La Comuna\/ Por Jos\u00e9 \u00c1ngel Solorio Mart\u00ednez"},"content":{"rendered":"\n<p class=\"has-text-align-center\"><strong><em>Tamaulipas: la privatizaci\u00f3n silenciosa<\/em><\/strong><\/p>\n\n\n\n<p>El sistema educativo p\u00fablico tamaulipeco, ha venido transform\u00e1ndose silenciosamente en un negocio de particulares. A saber, varias pandillas se han entronizado en sus v\u00edsceras: asociaciones de padres de familia, directivos deshonestamente voraces, y un entramado de intereses en donde participan algunos representantes de maestros y hasta ciertos funcionarios p\u00fablicos.<br>Efectivamente: la privatizaci\u00f3n de la ense\u00f1anza -sue\u00f1o de los neoliberales, que AMLO ech\u00f3 atr\u00e1s-, cada d\u00eda se ensancha m\u00e1s en la regi\u00f3n.<br>Desde la educaci\u00f3n preescolar, pasando por la b\u00e1sica hasta llevar a la media y superior, pululan las malas pr\u00e1cticas de cuotas -verdaderos atracos- bajo el argumento de las mejoras que requiere la estructura escolar.<br>\u00bfY la IV T?<br>\u00bfY la aut\u00e9ntica organizaci\u00f3n de paterfamilias?<br>\u00bfY el presupuesto gubernamental para el equipamiento de los espacios educativos?<br>Y la autoridad educativa.<br>Los directivos escolares y los padres de familia -hay excepciones, muy excepcionales- siguen reparti\u00e9ndose las estratosf\u00e9ricas cuotas sin que se note un incremento en los est\u00e1ndares de calidad del espacio \u00e1ulico.<br>Las quejas, a\u00fan son desarticuladas y focalizadas.<br>Las voces que denuncian esos abusos de autoridad, han sido silenciadas, o por las reprimendas contra los alumnos, o ante el amago de no aceptar a los escolapios en esos abusivos establecimientos de educaci\u00f3n cada vez menos p\u00fablica y cada vez m\u00e1s privada.<br>Ejemplo de esa rapi\u00f1a, es el sistema CONALEP.<br>En Reynosa, Tamaulipas, -denuncia del periodista, Willy Guzm\u00e1n- esos planteles cobran dos mil quinientos pesos de inscripci\u00f3n y 500 para la escuela; a esa erogaci\u00f3n los padres de familia, deben sumar otros tantos centenares de pesos para la compra del uniforme.<br>En primarias de ciudad Mante, padres de familia denuncian que es inaceptable los cobros por la inscripci\u00f3n de sus ni\u00f1os -mil pesos-, a lo que los directores de los planteles le incorporan varios litros de pintura para arreglar las instalaciones.<br>Otra m\u00e1s: en algunos planteles educativos, se ha decretado -as\u00ed, nom\u00e1s por sus pistolas- el cambio de uniforme. Es probable, que no lo sepan -ellos viven, en un mundo fantasiosamente feliz- los directivos y funcionarios de la SEP: muchas familias reciclan, los uniformes que van de hijos mayores a hijos menores.<br>La cat\u00e1strofe generada por esos malos educadores, en complicidad con nefastos padres de familia, ser\u00e1 de penosas consecuencias: hace prohibitivo el derecho a educarse, de cientos -quiz\u00e1 miles- de ni\u00f1os y j\u00f3venes, qui\u00e9nes junto a sus padres, tienen fe en que los conocimientos sea una palanca para el ascenso social.<br>No es cualquier cosa, el desmadre que est\u00e1 provocando esa repugnante pr\u00e1ctica de cobrar por un servicio p\u00fablico, que en teor\u00eda el Estado debe garantizar con gratuidad. Sin exagerar: podr\u00edamos estar viendo un genocidio cultural.<br>Es cuesti\u00f3n de salir a la calle.<br>Preguntar, al ciudadano de a pie, en estos d\u00edas previos al inicio del ciclo escolar, si se siente con capacidad para cubrir las exigencias de la escuela p\u00fablica y sus gerentes, en el rubro de \u00fatiles escolares y cuotas que nadie sabe a d\u00f3nde van.<br>En a\u00f1os pasados, la infraestructura escolar con mayores deficiencias se ubicaba en los municipios m\u00e1s deprimidos; sobre todo, aquellos que formaban parte del IV Distrito. Hoy, esa calamidad, ha llegado a escuelas instaladas en las zonas urbanas. Ese olvido oficial, no justifica la actitud depredadora de los administradores de las escuelas p\u00fablicas.<br>\u00bfEsos degradados directivos de la escuela p\u00fablica -y sus socios-, tendr\u00e1n alg\u00fan remordimiento cuando vean crecer las estad\u00edsticas de la deserci\u00f3n escolar en la regi\u00f3n?<br>\u00bfEsos miserables privatizadores de la educaci\u00f3n, lograr\u00e1n entender que esas decenas o centenas de rechazados, podr\u00edan engrosar el ej\u00e9rcito de reserva del CO?<\/p>\n","protected":false},"excerpt":{"rendered":"<p>Tamaulipas: la privatizaci\u00f3n silenciosa El sistema educativo p\u00fablico tamaulipeco, ha venido transform\u00e1ndose silenciosamente en un negocio de particulares. A saber, varias pandillas se han entronizado en sus v\u00edsceras: asociaciones de padres de familia, directivos deshonestamente voraces, y un entramado de intereses en donde participan algunos representantes de maestros y hasta ciertos funcionarios p\u00fablicos.Efectivamente: la privatizaci\u00f3n [&hellip;]<\/p>\n","protected":false},"author":1,"featured_media":121243,"comment_status":"closed","ping_status":"closed","sticky":false,"template":"","format":"standard","meta":{"footnotes":""},"categories":[16],"tags":[],"class_list":["post-155594","post","type-post","status-publish","format-standard","has-post-thumbnail","hentry","category-opinion"],"_links":{"self":[{"href":"https:\/\/www.elsinodaldetamaulipas.com.mx\/index.php?rest_route=\/wp\/v2\/posts\/155594","targetHints":{"allow":["GET"]}}],"collection":[{"href":"https:\/\/www.elsinodaldetamaulipas.com.mx\/index.php?rest_route=\/wp\/v2\/posts"}],"about":[{"href":"https:\/\/www.elsinodaldetamaulipas.com.mx\/index.php?rest_route=\/wp\/v2\/types\/post"}],"author":[{"embeddable":true,"href":"https:\/\/www.elsinodaldetamaulipas.com.mx\/index.php?rest_route=\/wp\/v2\/users\/1"}],"replies":[{"embeddable":true,"href":"https:\/\/www.elsinodaldetamaulipas.com.mx\/index.php?rest_route=%2Fwp%2Fv2%2Fcomments&post=155594"}],"version-history":[{"count":1,"href":"https:\/\/www.elsinodaldetamaulipas.com.mx\/index.php?rest_route=\/wp\/v2\/posts\/155594\/revisions"}],"predecessor-version":[{"id":155595,"href":"https:\/\/www.elsinodaldetamaulipas.com.mx\/index.php?rest_route=\/wp\/v2\/posts\/155594\/revisions\/155595"}],"wp:featuredmedia":[{"embeddable":true,"href":"https:\/\/www.elsinodaldetamaulipas.com.mx\/index.php?rest_route=\/wp\/v2\/media\/121243"}],"wp:attachment":[{"href":"https:\/\/www.elsinodaldetamaulipas.com.mx\/index.php?rest_route=%2Fwp%2Fv2%2Fmedia&parent=155594"}],"wp:term":[{"taxonomy":"category","embeddable":true,"href":"https:\/\/www.elsinodaldetamaulipas.com.mx\/index.php?rest_route=%2Fwp%2Fv2%2Fcategories&post=155594"},{"taxonomy":"post_tag","embeddable":true,"href":"https:\/\/www.elsinodaldetamaulipas.com.mx\/index.php?rest_route=%2Fwp%2Fv2%2Ftags&post=155594"}],"curies":[{"name":"wp","href":"https:\/\/api.w.org\/{rel}","templated":true}]}}