{"id":156901,"date":"2023-09-02T16:03:24","date_gmt":"2023-09-02T16:03:24","guid":{"rendered":"http:\/\/www.elsinodaldetamaulipas.com.mx\/?p=156901"},"modified":"2023-09-02T16:03:36","modified_gmt":"2023-09-02T16:03:36","slug":"preparan-golpe-de-estado-alerta-presidente-electo-de-guatemala","status":"publish","type":"post","link":"https:\/\/www.elsinodaldetamaulipas.com.mx\/?p=156901","title":{"rendered":"PREPARAN GOLPE DE ESTADO, ALERTA PRESIDENTE ELECTO DE GUATEMALA"},"content":{"rendered":"\n<p><strong>EL SINODAL DE TAMAULIPAS<\/strong><\/p>\n\n\n\n<p><em><strong>Guatemala.-<\/strong><\/em>\u00a0El presidente electo, Bernardo Ar\u00e9valo de Le\u00f3n, denunci\u00f3 ayer que se est\u00e1 \u201cviendo un golpe de Estado en curso\u201d en Guatemala por las recientes acciones desde la fiscal\u00eda en contra de su partido, el Movimiento Semilla, a poco menos de cuatro meses para su investidura tras ganar la segunda vuelta electoral del pasado 20 de agosto.<\/p>\n\n\n\n<p>\u201cExiste un grupo de pol\u00edticos y funcionarios corruptos que se niegan a aceptar este resultado (del balotaje) y ha puesto en marcha un plan para romper el orden constitucional y violentar la democracia\u201d, declar\u00f3 Ar\u00e9valo en rueda de prensa, cuatro d\u00edas despu\u00e9s de que la justicia inhabilit\u00f3 a Movimiento Semilla.<\/p>\n\n\n\n<p>\u201cEstamos viendo un golpe de Estado en curso en el que el aparato de justicia es usado para violar la justicia misma, burlando la voluntad popular expresada libremente en las urnas el 20 de agosto\u201d, agreg\u00f3 Ar\u00e9valo, quien gan\u00f3 la segunda vuelta con 58 por ciento de los votos con la promesa de una lucha frontal a la corrupci\u00f3n, mal end\u00e9mico en el pa\u00eds.<\/p>\n\n\n\n<p>Su amplio triunfo es atribuido a que gener\u00f3 esperanzas de cambio en un pa\u00eds sumido en la pobreza, la violencia y la corrupci\u00f3n, que inducen cada a\u00f1o a miles de guatemaltecos a emigrar. Pero su ascenso al poder ha alarmado a la \u00e9lite pol\u00edtica y empresarial, acusada de ser corrupta.<\/p>\n\n\n\n<p>\u201cEstas acciones constituyen un golpe de Estado que es promovido desde las instituciones que deber\u00edan de garantizar la justicia en nuestro pa\u00eds, encabezada por la fiscal general, Consuelo Porras, el fiscal Rafael Curruchiche y el juez Fredy Orellana, as\u00ed como la junta directiva del Congreso y otros actores corruptos y antidemocr\u00e1ticos\u201d, a\u00f1adi\u00f3.<\/p>\n\n\n\n<p>La cruzada contra Semilla la lanz\u00f3 Curruchiche luego de que Ar\u00e9valo dio la sorpresa en la primera vuelta electoral el 25 de junio y pas\u00f3 al balotaje con Sandra Torres, ex esposa del ex mandatario \u00c1lvaro Colom, quien era vista como la candidata del continuismo a pesar de ser nominalmente socialdem\u00f3crata.<\/p>\n\n\n\n<p>El presidente electo alert\u00f3 \u201cque todav\u00eda faltan cuatro meses, durante los cuales estas mafias pol\u00edticas intentar\u00e1n consumar el golpe de Estado\u201d.<\/p>\n\n\n\n<p>Soci\u00f3logo y diputado de 64 a\u00f1os, Ar\u00e9valo debe asumir el 14 de enero de 2024 en sustituci\u00f3n de Alejandro Giammattei, lo que cerrar\u00e1 un ciclo de 12 a\u00f1os de gobiernos de derecha.<\/p>\n\n\n\n<p>\u201cComo presidente electo de la rep\u00fablica hago un llamado a (\u2026) todos los guatemaltecos que rechazamos la corrupci\u00f3n y el autoritarismo a unir fuerzas en defensa de la democracia\u201d, pidi\u00f3.<\/p>\n\n\n\n<p>En respuesta, la fiscal\u00eda indic\u00f3 en un comunicado que rechaza \u201ccateg\u00f3ricamente las campa\u00f1as de de-sinformaci\u00f3n que algunos sectores difunden\u201d en su contra y afirm\u00f3 que \u201ces una instituci\u00f3n aut\u00f3noma, que no se encuentra subordinada a ning\u00fan ente nacional o internacional\u201d.<\/p>\n\n\n\n<p>Indic\u00f3 que resulta \u201cimperativo aclarar al pueblo de Guatemala, que el actuar del ente investigador siempre se ha llevado a cabo con respeto a los principios de legalidad, derecho de defensa, debido proceso, presunci\u00f3n de inocencia y dem\u00e1s garant\u00edas, por lo que en ning\u00fan momento se ha pretendido, ni se pretender\u00e1 interferir en el proceso electoral\u201d.<\/p>\n\n\n\n<p>Durante la jornada, un grupo de manifestantes se reuni\u00f3 frente al fiscal\u00eda para presentar un documento con m\u00e1s de 100 mil de firmas con el que solicitan la renuncia, entre otros, de Porras y Curruchiche, inform\u00f3 el diario&nbsp;<em>Prensa Libre<\/em>.<\/p>\n\n\n\n<p>Al ser inhabilitado, Movimiento Semilla no puede realizar ninguna actividad, como emitir declaraciones, recaudar dinero o sumar afiliados. Adem\u00e1s, sus 23 nuevos diputados tendr\u00e1n facultades reducidas, pues no podr\u00e1n conformar una bancada, presidir comisiones, participar en la preparaci\u00f3n de la agenda del Congreso ni tener asesores pagados.<\/p>\n\n\n\n<p>En Washington, el jefe de la Misi\u00f3n Electoral de la Organizaci\u00f3n de Estados Americanos (OEA) en Guatemala, Eladio Loizaga, tambi\u00e9n advirti\u00f3 sobre un posible \u201crompimiento del orden constitucional en Guatemala\u201d por las acciones contra el partido de Ar\u00e9valo. El Consejo Permanente de la OEA aprob\u00f3 una declaraci\u00f3n que condena la \u201cjudicializaci\u00f3n\u201d de las elecciones en Guatemala y la suspensi\u00f3n del partido Semilla.<\/p>\n\n\n\n<p class=\"has-text-align-center\"><strong>EU extiende su apoyo<\/strong><\/p>\n\n\n\n<p>En tanto, la vicepresidenta de Estados Unidos, Kamala Harris, convers\u00f3 por tel\u00e9fono con Ar\u00e9valo, a quien felicit\u00f3, y le subray\u00f3 el compromiso de Washington para trabajar en abordar de manera \u201chumana\u201d la creciente migraci\u00f3n irregular y para la luchar contra la corrupci\u00f3n, inform\u00f3 la Casa Blanca.<\/p>\n\n\n\n<p>Antes, el subsecretario de Estado para el Hemisferio Occidental, Brian Nichols, reiter\u00f3 su llamado a respetar la voluntad del pueblo de Guatemala expresada en las urnas.<\/p>\n","protected":false},"excerpt":{"rendered":"<p>EL SINODAL DE TAMAULIPAS Guatemala.-\u00a0El presidente electo, Bernardo Ar\u00e9valo de Le\u00f3n, denunci\u00f3 ayer que se est\u00e1 \u201cviendo un golpe de Estado en curso\u201d en Guatemala por las recientes acciones desde la fiscal\u00eda en contra de su partido, el Movimiento Semilla, a poco menos de cuatro meses para su investidura tras ganar la segunda vuelta electoral [&hellip;]<\/p>\n","protected":false},"author":1,"featured_media":156902,"comment_status":"closed","ping_status":"closed","sticky":false,"template":"","format":"standard","meta":{"footnotes":""},"categories":[14],"tags":[],"class_list":["post-156901","post","type-post","status-publish","format-standard","has-post-thumbnail","hentry","category-internacional"],"_links":{"self":[{"href":"https:\/\/www.elsinodaldetamaulipas.com.mx\/index.php?rest_route=\/wp\/v2\/posts\/156901","targetHints":{"allow":["GET"]}}],"collection":[{"href":"https:\/\/www.elsinodaldetamaulipas.com.mx\/index.php?rest_route=\/wp\/v2\/posts"}],"about":[{"href":"https:\/\/www.elsinodaldetamaulipas.com.mx\/index.php?rest_route=\/wp\/v2\/types\/post"}],"author":[{"embeddable":true,"href":"https:\/\/www.elsinodaldetamaulipas.com.mx\/index.php?rest_route=\/wp\/v2\/users\/1"}],"replies":[{"embeddable":true,"href":"https:\/\/www.elsinodaldetamaulipas.com.mx\/index.php?rest_route=%2Fwp%2Fv2%2Fcomments&post=156901"}],"version-history":[{"count":1,"href":"https:\/\/www.elsinodaldetamaulipas.com.mx\/index.php?rest_route=\/wp\/v2\/posts\/156901\/revisions"}],"predecessor-version":[{"id":156903,"href":"https:\/\/www.elsinodaldetamaulipas.com.mx\/index.php?rest_route=\/wp\/v2\/posts\/156901\/revisions\/156903"}],"wp:featuredmedia":[{"embeddable":true,"href":"https:\/\/www.elsinodaldetamaulipas.com.mx\/index.php?rest_route=\/wp\/v2\/media\/156902"}],"wp:attachment":[{"href":"https:\/\/www.elsinodaldetamaulipas.com.mx\/index.php?rest_route=%2Fwp%2Fv2%2Fmedia&parent=156901"}],"wp:term":[{"taxonomy":"category","embeddable":true,"href":"https:\/\/www.elsinodaldetamaulipas.com.mx\/index.php?rest_route=%2Fwp%2Fv2%2Fcategories&post=156901"},{"taxonomy":"post_tag","embeddable":true,"href":"https:\/\/www.elsinodaldetamaulipas.com.mx\/index.php?rest_route=%2Fwp%2Fv2%2Ftags&post=156901"}],"curies":[{"name":"wp","href":"https:\/\/api.w.org\/{rel}","templated":true}]}}