{"id":157204,"date":"2023-09-05T15:57:55","date_gmt":"2023-09-05T15:57:55","guid":{"rendered":"http:\/\/www.elsinodaldetamaulipas.com.mx\/?p=157204"},"modified":"2023-09-05T15:58:02","modified_gmt":"2023-09-05T15:58:02","slug":"miles-repudian-en-argentina-homenaje-a-la-dictadura","status":"publish","type":"post","link":"https:\/\/www.elsinodaldetamaulipas.com.mx\/?p=157204","title":{"rendered":"MILES REPUDIAN EN ARGENTINA HOMENAJE A LA DICTADURA"},"content":{"rendered":"\n<p><strong>EL SINODAL DE TAMAULIPAS<\/strong><\/p>\n\n\n\n<p><strong><em>Buenos Aires.<\/em>&#8211;<\/strong>\u00a0Miles de personas salieron ayer a las calles de esta capital en rechazo al pol\u00e9mico homenaje que la candidata a vicepresidenta de la ultraderechista La Libertad Avanza, Victoria Villarruel, compa\u00f1era de Javier Milei, impulsa para reivindicar la dictadura militar y honrar a genocidas con un acto en la legislatura porte\u00f1a, donde es mayor\u00eda la derechista alianza de Juntos por el Cambio.<\/p>\n\n\n\n<p>Villarruel sostuvo que \u201cel Estado en democracia nos est\u00e1 violando los derechos humanos para garantizarle la impunidad a un grupo de violentos que hoy gozan de libertad y de las garant\u00edas que les da nuestra democracia\u201d, volviendo a revivir la teor\u00eda de los dos demonios, que equipara los actos de la guerrilla con el terrorismo ejercido por el Estado durante la dictadura (1976-1983).<\/p>\n\n\n\n<p>Este homenaje fue calificado de \u201cnegacionista\u201d por organizaciones de izquierda y de derechos humanos \u2013entre ellos los Hijos desaparecidos, recuperados por Abuelas de Plaza de Mayo y Madres Fundadoras de Plaza de Mayo, que manifestaron su repudio\u2013, a las que se impidi\u00f3 acercarse a la Legislatura, donde se instalaron vallas en todas las entradas y se despleg\u00f3 a polic\u00edas de la ciudad y tambi\u00e9n de infanter\u00eda, con los que hubo forcejeos.<\/p>\n\n\n\n<p>Villarruel asegura desde hace tiempo que \u201cno existi\u00f3 terrorismo de Estado\u201d, y que \u201cdespu\u00e9s de 40 a\u00f1os de una visi\u00f3n amputada de los derechos humanos y de demonizarnos (a los militares de la dictadura) ya no les tenemos miedo\u201d .<\/p>\n\n\n\n<p>Familiar de genocidas de la dictadura militar (1973-1983) y visitante de personajes siniestros cuando estaban detenidos, entre otros el ex presidente Jorge Rafael Videla y el comisario Miguel Etchecolatz, responsable de miles de cr\u00edmenes cometidos en los Centros Clandestinos de Detenci\u00f3n en la provincia de Buenos Aires, Villarruel ocup\u00f3 ayer un lugar en el sal\u00f3n dorado de la Legislatura de la Ciudad de Buenos Aires para proclamar que \u201cdurante 40 a\u00f1os las v\u00edctimas del terrorismo fueron desaparecidas de la memoria y barridas bajo la alfombra de la historia, se les neg\u00f3 (\u2026) ninguna de estas v\u00edctimas tiene justicia, ni reparaci\u00f3n, aunque sea moral\u201d, y dijo que los militares \u201csufrieron\u201d a manos \u201cde aquellos que quisieron imponer una tiran\u00eda de izquierda\u201d, en referencia a las organizaciones armadas de los a\u00f1os 70.<\/p>\n\n\n\n<p>Homenaje a las V\u00edctimas del Terrorismo fue el nombre del acto de Villarruel, repudiado ante el \u201cnegacio nismo\u201d que se trata de volver a imponer cuando se cumplen 40 a\u00f1os de la recuperaci\u00f3n de la democracia.<\/p>\n\n\n\n<p class=\"has-text-align-center\"><strong>La \u201cteor\u00eda de los demonios\u201d<\/strong><\/p>\n\n\n\n<p>Villarruel, quien es diputada, instala la llamada \u201cteor\u00eda de los dos demonios\u201d, a pesar de que la jurisprudencia internacional establece que son delitos: secuestros, torturas, homicidios y desapariciones, cometidos mediante la aplicaci\u00f3n del \u201cterrorismo de Estado\u201d, cuando \u00e9ste tiene la responsabilidad de proteger a la ciudadan\u00eda y de ser el primero en cumplir las leyes. En este caso se cometieron cr\u00edmenes de lesa humanidad que nunca prescriben.<\/p>\n\n\n\n<p>La dictadura no s\u00f3lo actu\u00f3 contra lo poco que quedaba de las guerrillas, sino lo hizo de manera indiscriminada contra todos los opositores, estudiantes, sindicalistas, intelectuales, docentes y activistas de derechos humanos.<\/p>\n\n\n\n<p>Pero algo muy grave sucedi\u00f3 cuando llegaron invitadas al acto la periodista negacionista Delfina Walger, junto con Ximena Texanos Pintos, quien era vecina de la vicepresidenta Cristina Fern\u00e1ndez de Kirchner, cuando sucedi\u00f3 el intento de asesinato hace un a\u00f1o, en la puerta del edificio, a quien la defensa de la ex mandataria ha pedido se investigue por su presunta participaci\u00f3n en el atentado.<\/p>\n\n\n\n<p>Tanto Wagner como Texanos negaron que 30 mil personas hayan sido desaparecidas durante el r\u00e9gimen castrense. M\u00e1s a\u00fan, Wagner dijo estar a favor del acto \u201cporque hay que rendir homenaje a las v\u00edctimas del terrorismo en Argentina\u201d, pero arrinconadas por militantes de derechos humanos que se manifestaban en contra, Texanos Pintos matiz\u00f3: \u201cnadie est\u00e1 a favor de la tortura; nadie est\u00e1 reivindicando la dictadura\u201d, se\u00f1al\u00f3&nbsp;<em>P\u00e1gina\/12<\/em>.<\/p>\n\n\n\n<p>Tambi\u00e9n estaban presentes algunos de los neonazis de Revoluci\u00f3n Federal, ligados a ex funcionarios del ex presidente Mauricio Macri como la ex ministra de Seguridad Patricia Bullrich y su asesor Gerardo Millman, muy ligados a Israel, que seg\u00fan reconoci\u00f3 Milei, ayuda, junto con Estados Unidos, a su partido La Libertad Avanza.<\/p>\n\n\n\n<p>\u201cEste tipo de reivindicaciones de la dictadura es un avasallamiento a los derechos humanos y lamentablemente tiene representaci\u00f3n institucional\u201d, sostuvo la legisladora Victoria Montenegro, presidenta de la Comisi\u00f3n de Derechos Humanos de la Legislatura, hija de desaparecidos durante la dictadura y apropiada al nacer por un militar.<\/p>\n\n\n\n<p>\u201c\u00a1Como a los nazis les va a pasar, adonde vayan los iremos a buscar!\u201d, corearon los manifestantes que se mantuvieron afuera de la Legislatura en repudio al acto.<\/p>\n\n\n\n<p>El Encuentro Memoria, Verdad y Justicia, que congrega a unas 300 organizaciones de derechos humanos, pol\u00edticas, sociales, sindicales y estudiantiles, asever\u00f3 que el homenaje \u201cconvocado por Villarruel para las v\u00edctimas del terrorismo, s\u00f3lo constituye una reivindicaci\u00f3n a los autores del genocidio y sus c\u00f3mplices.<\/p>\n\n\n\n<p>\u201cEn este pa\u00eds no hubo una guerra entre dos demonios, sino que fue un terrorismo de Estado, un genocidio con 30 mil v\u00edctimas directas, delitos aberrantes y cr\u00edmenes de lesa humanidad que no prescriben\u201d, se\u00f1alaron en una declaraci\u00f3n.<\/p>\n\n\n\n<p>Por otra parte, en la madrugada se conoci\u00f3 que se dejaron tres bombas molotov frente al local del Partido Comunista de esta ciudad, y las tres sobre placas donde se recordaba el secuestro y desaparici\u00f3n de tres militantes de ese partido. El llamado a la polic\u00eda frustr\u00f3 el atentado que hubiera podido hacer mucho da\u00f1o. Por supuesto que las amenazas crecen en los \u00faltimos d\u00edas, y la inseguridad con extra\u00f1os \u201cdelincuentes\u201d muy bien armados pone mayor incertidumbre en medio de la campa\u00f1a electoral m\u00e1s sucia y extra\u00f1a de la historia en estos 40 a\u00f1os de democracia.<\/p>\n\n\n\n<p>Otro hecho denunciado por represenates de la comunidad afroargentina fue que se destruy\u00f3 un monumento a Mar\u00eda Remedios del Valle, cuya figura honra a la Madre de la Patria. Situado en una plazoleta en el barrio de San Telmo como un homenaje a esta hero\u00edna afrodescendiente que form\u00f3 parte del Ej\u00e9rcito del Norte, bajo las \u00f3rdenes del general Manuel Belgrano, en la lucha por la independencia, en el siglo XIX, que la nombr\u00f3 capitana.<\/p>\n\n\n\n<p>El monumento fue quemado en su totalidad la madrugada del viernes pasado, lo que gener\u00f3 un fuerte repudio, en especial del Ministerio de Cultura y de representantes de la comunidad afroargentina. El ministro de Cultura, Trist\u00e1n Bauer, pidi\u00f3 encontrar a los responsables \u201cpara que asuman las consecuencias de semejante acto de vandalismo\u201d.<\/p>\n","protected":false},"excerpt":{"rendered":"<p>EL SINODAL DE TAMAULIPAS Buenos Aires.&#8211;\u00a0Miles de personas salieron ayer a las calles de esta capital en rechazo al pol\u00e9mico homenaje que la candidata a vicepresidenta de la ultraderechista La Libertad Avanza, Victoria Villarruel, compa\u00f1era de Javier Milei, impulsa para reivindicar la dictadura militar y honrar a genocidas con un acto en la legislatura porte\u00f1a, [&hellip;]<\/p>\n","protected":false},"author":1,"featured_media":157205,"comment_status":"closed","ping_status":"closed","sticky":false,"template":"","format":"standard","meta":{"footnotes":""},"categories":[14],"tags":[],"class_list":["post-157204","post","type-post","status-publish","format-standard","has-post-thumbnail","hentry","category-internacional"],"_links":{"self":[{"href":"https:\/\/www.elsinodaldetamaulipas.com.mx\/index.php?rest_route=\/wp\/v2\/posts\/157204","targetHints":{"allow":["GET"]}}],"collection":[{"href":"https:\/\/www.elsinodaldetamaulipas.com.mx\/index.php?rest_route=\/wp\/v2\/posts"}],"about":[{"href":"https:\/\/www.elsinodaldetamaulipas.com.mx\/index.php?rest_route=\/wp\/v2\/types\/post"}],"author":[{"embeddable":true,"href":"https:\/\/www.elsinodaldetamaulipas.com.mx\/index.php?rest_route=\/wp\/v2\/users\/1"}],"replies":[{"embeddable":true,"href":"https:\/\/www.elsinodaldetamaulipas.com.mx\/index.php?rest_route=%2Fwp%2Fv2%2Fcomments&post=157204"}],"version-history":[{"count":1,"href":"https:\/\/www.elsinodaldetamaulipas.com.mx\/index.php?rest_route=\/wp\/v2\/posts\/157204\/revisions"}],"predecessor-version":[{"id":157206,"href":"https:\/\/www.elsinodaldetamaulipas.com.mx\/index.php?rest_route=\/wp\/v2\/posts\/157204\/revisions\/157206"}],"wp:featuredmedia":[{"embeddable":true,"href":"https:\/\/www.elsinodaldetamaulipas.com.mx\/index.php?rest_route=\/wp\/v2\/media\/157205"}],"wp:attachment":[{"href":"https:\/\/www.elsinodaldetamaulipas.com.mx\/index.php?rest_route=%2Fwp%2Fv2%2Fmedia&parent=157204"}],"wp:term":[{"taxonomy":"category","embeddable":true,"href":"https:\/\/www.elsinodaldetamaulipas.com.mx\/index.php?rest_route=%2Fwp%2Fv2%2Fcategories&post=157204"},{"taxonomy":"post_tag","embeddable":true,"href":"https:\/\/www.elsinodaldetamaulipas.com.mx\/index.php?rest_route=%2Fwp%2Fv2%2Ftags&post=157204"}],"curies":[{"name":"wp","href":"https:\/\/api.w.org\/{rel}","templated":true}]}}