{"id":160342,"date":"2023-10-04T14:38:12","date_gmt":"2023-10-04T19:38:12","guid":{"rendered":"http:\/\/www.elsinodaldetamaulipas.com.mx\/?p=160342"},"modified":"2023-10-04T14:38:12","modified_gmt":"2023-10-04T19:38:12","slug":"gobierno-y-dif-tamaulipas-en-365-dias-transforman-a-las-familias-que-mas-necesitan","status":"publish","type":"post","link":"https:\/\/www.elsinodaldetamaulipas.com.mx\/?p=160342","title":{"rendered":"GOBIERNO Y DIF TAMAULIPAS, EN 365 D\u00cdAS, TRANSFORMAN A LAS FAMILIAS QUE M\u00c1S NECESITAN"},"content":{"rendered":"<ul>\n<li><strong><em>Asistencia social atiende a la infancia, la rehabilitaci\u00f3n e inclusi\u00f3n de personas con discapacidad, as\u00ed como la dignificaci\u00f3n de personas mayores y el programa \u201cLazos del Bienestar\u201d<\/em><\/strong><\/li>\n<\/ul>\n<p><strong>EL SINODAL DE TAMAULIPAS<\/strong><\/p>\n<p><strong>Ciudad Victoria, Tamaulipas.-<\/strong> Durante el mensaje \u201c365 d\u00edas contigo\u201d, el gobernador Am\u00e9rico Villarreal Anaya, destac\u00f3 el nuevo rostro de la asistencia social y la transformaci\u00f3n de la forma de servir a las familias y grupos prioritarios, subrayando la labor humanista impulsada por la presidenta del Sistema DIF Tamaulipas, doctora Mar\u00eda Santiago de Villarreal.<\/p>\n<p>El mandatario estatal enfatiz\u00f3 las prioridades que han marcado la redefinici\u00f3n institucional del DIF Estatal en colaboraci\u00f3n con DIF Nacional, misma que ha favorecido a Tamaulipas con la asignaci\u00f3n de 246 millones de pesos para la compra de insumos de desayunos escolares, que beneficia a 103 mil estudiantes de nivel b\u00e1sico, sumando la entrega de 23.2 millones de raciones alimentarias calientes.<\/p>\n<p>En la prioridad de garantizar el bienestar de ni\u00f1as, ni\u00f1os y adolescentes, el mandatario estatal dijo que \u201cse act\u00faa con firmeza contra el maltrato, se ofrece y acompa\u00f1a la defensa jur\u00eddica cuando se amenazan sus derechos e integridad y se brinda protecci\u00f3n ante circunstancias de vulnerabilidad, como es el caso de los menores migrantes\u201d.<\/p>\n<p>En atenci\u00f3n a las personas con discapacidad, se ha fortalecido la capacidad de respuesta y cobertura de la red de centros de rehabilitaci\u00f3n, a trav\u00e9s de la Casa Hogar San Antonio, el Centro de Autismo Tamaulipas (CATAM), los Centros de Rehabilitaci\u00f3n Integral (CRI), el Centro de Rehabilitaci\u00f3n y Educaci\u00f3n Especial (CREE) y las Unidades B\u00e1sicas de Rehabilitaci\u00f3n (UBR).<\/p>\n<p>Asimismo, el gobernador destac\u00f3 el convenio de colaboraci\u00f3n que se firm\u00f3 con Fundaci\u00f3n Telet\u00f3n, con el cual se apoya la ampliaci\u00f3n de sus instalaciones y operaci\u00f3n; \u201cgracias a ello, ahora el CRIT Tamaulipas en Altamira funciona a su m\u00e1xima capacidad\u201d.<\/p>\n<p>Dentro de las l\u00edneas principales de la transformaci\u00f3n asistencial, Am\u00e9rico Villarreal resalt\u00f3 la importancia de dignificar la vida de las personas mayores. As\u00ed como \u201cun trabajo important\u00edsimo que se realiza a trav\u00e9s de los \u2018Lazos del Bienestar\u2019 extendi\u00e9ndose hacia las familias y las comunidades, incluyendo un frente contra la violencia, la atenci\u00f3n a los j\u00f3venes, la realizaci\u00f3n de obras y mejoras materiales\u201d, asent\u00f3 el mandatario tamaulipeco.<\/p>\n","protected":false},"excerpt":{"rendered":"<p>Asistencia social atiende a la infancia, la rehabilitaci\u00f3n e inclusi\u00f3n de personas con discapacidad, as\u00ed como la dignificaci\u00f3n de personas mayores y el programa \u201cLazos del Bienestar\u201d EL SINODAL DE TAMAULIPAS Ciudad Victoria, Tamaulipas.- Durante el mensaje \u201c365 d\u00edas contigo\u201d, el gobernador Am\u00e9rico Villarreal Anaya, destac\u00f3 el nuevo rostro de la asistencia social y la [&hellip;]<\/p>\n","protected":false},"author":1,"featured_media":160343,"comment_status":"closed","ping_status":"closed","sticky":false,"template":"","format":"standard","meta":{"footnotes":""},"categories":[13,1,3],"tags":[],"class_list":["post-160342","post","type-post","status-publish","format-standard","has-post-thumbnail","hentry","category-gobierno","category-portada","category-tamaulipas"],"_links":{"self":[{"href":"https:\/\/www.elsinodaldetamaulipas.com.mx\/index.php?rest_route=\/wp\/v2\/posts\/160342","targetHints":{"allow":["GET"]}}],"collection":[{"href":"https:\/\/www.elsinodaldetamaulipas.com.mx\/index.php?rest_route=\/wp\/v2\/posts"}],"about":[{"href":"https:\/\/www.elsinodaldetamaulipas.com.mx\/index.php?rest_route=\/wp\/v2\/types\/post"}],"author":[{"embeddable":true,"href":"https:\/\/www.elsinodaldetamaulipas.com.mx\/index.php?rest_route=\/wp\/v2\/users\/1"}],"replies":[{"embeddable":true,"href":"https:\/\/www.elsinodaldetamaulipas.com.mx\/index.php?rest_route=%2Fwp%2Fv2%2Fcomments&post=160342"}],"version-history":[{"count":1,"href":"https:\/\/www.elsinodaldetamaulipas.com.mx\/index.php?rest_route=\/wp\/v2\/posts\/160342\/revisions"}],"predecessor-version":[{"id":160344,"href":"https:\/\/www.elsinodaldetamaulipas.com.mx\/index.php?rest_route=\/wp\/v2\/posts\/160342\/revisions\/160344"}],"wp:featuredmedia":[{"embeddable":true,"href":"https:\/\/www.elsinodaldetamaulipas.com.mx\/index.php?rest_route=\/wp\/v2\/media\/160343"}],"wp:attachment":[{"href":"https:\/\/www.elsinodaldetamaulipas.com.mx\/index.php?rest_route=%2Fwp%2Fv2%2Fmedia&parent=160342"}],"wp:term":[{"taxonomy":"category","embeddable":true,"href":"https:\/\/www.elsinodaldetamaulipas.com.mx\/index.php?rest_route=%2Fwp%2Fv2%2Fcategories&post=160342"},{"taxonomy":"post_tag","embeddable":true,"href":"https:\/\/www.elsinodaldetamaulipas.com.mx\/index.php?rest_route=%2Fwp%2Fv2%2Ftags&post=160342"}],"curies":[{"name":"wp","href":"https:\/\/api.w.org\/{rel}","templated":true}]}}