{"id":160345,"date":"2023-10-04T15:48:48","date_gmt":"2023-10-04T20:48:48","guid":{"rendered":"http:\/\/www.elsinodaldetamaulipas.com.mx\/?p=160345"},"modified":"2023-10-04T15:48:48","modified_gmt":"2023-10-04T20:48:48","slug":"agradece-alcalde-de-reynosa-participacion-de-ciudadanos-en-el-irca","status":"publish","type":"post","link":"https:\/\/www.elsinodaldetamaulipas.com.mx\/?p=160345","title":{"rendered":"AGRADECE ALCALDE DE REYNOSA PARTICIPACI\u00d3N DE CIUDADANOS EN EL IRCA"},"content":{"rendered":"<p><strong><img loading=\"lazy\" decoding=\"async\" class=\"size-full wp-image-160346 alignright\" src=\"https:\/\/www.elsinodaldetamaulipas.com.mx\/wp-content\/uploads\/2023\/10\/Ircax-I-1.jpeg\" alt=\"\" width=\"640\" height=\"480\" srcset=\"https:\/\/www.elsinodaldetamaulipas.com.mx\/wp-content\/uploads\/2023\/10\/Ircax-I-1.jpeg 640w, https:\/\/www.elsinodaldetamaulipas.com.mx\/wp-content\/uploads\/2023\/10\/Ircax-I-1-300x225.jpeg 300w, https:\/\/www.elsinodaldetamaulipas.com.mx\/wp-content\/uploads\/2023\/10\/Ircax-I-1-272x204.jpeg 272w\" sizes=\"auto, (max-width: 640px) 100vw, 640px\" \/>EL SINODAL DE TAMAULIPAS<\/strong><\/p>\n<p><em><strong>Reynosa, Tam.-<\/strong><\/em> Debido a la exitosa respuesta que hemos tenido en las inscripciones de septiembre para formar parte de las diferentes disciplinas de ense\u00f1anza art\u00edstica que el Gobierno de Reynosa ofrece a trav\u00e9s del IRCA, se informa que nuestros talleres han llegado a su l\u00edmite, lo cual enorgullece al Alcalde Carlos Pe\u00f1a Ortiz, quien agradece a los reynosenses su compromiso para volar m\u00e1s alto dentro del rubro cultural.<\/p>\n<p>Ser\u00e1 hasta febrero cuando el IRCA abra inscripciones nuevamente para sus disciplinas de m\u00fasica, pintura, teatro, danza, literatura, ajedrez y artesan\u00edas mexicanas. Se les recuerda que pueden ser parte del Instituto en los diferentes eventos que se ofrecen de manera gratuita en las plazas de Reynosa.<\/p>\n<p>#JuntosVolamosM\u00e1sAlto<\/p>\n<p><img loading=\"lazy\" decoding=\"async\" class=\"aligncenter size-full wp-image-160347\" src=\"https:\/\/www.elsinodaldetamaulipas.com.mx\/wp-content\/uploads\/2023\/10\/Ircax-II-1.jpeg\" alt=\"\" width=\"640\" height=\"453\" srcset=\"https:\/\/www.elsinodaldetamaulipas.com.mx\/wp-content\/uploads\/2023\/10\/Ircax-II-1.jpeg 640w, https:\/\/www.elsinodaldetamaulipas.com.mx\/wp-content\/uploads\/2023\/10\/Ircax-II-1-300x212.jpeg 300w\" sizes=\"auto, (max-width: 640px) 100vw, 640px\" \/><\/p>\n","protected":false},"excerpt":{"rendered":"<p>EL SINODAL DE TAMAULIPAS Reynosa, Tam.- Debido a la exitosa respuesta que hemos tenido en las inscripciones de septiembre para formar parte de las diferentes disciplinas de ense\u00f1anza art\u00edstica que el Gobierno de Reynosa ofrece a trav\u00e9s del IRCA, se informa que nuestros talleres han llegado a su l\u00edmite, lo cual enorgullece al Alcalde Carlos [&hellip;]<\/p>\n","protected":false},"author":1,"featured_media":160348,"comment_status":"closed","ping_status":"closed","sticky":false,"template":"","format":"standard","meta":{"footnotes":""},"categories":[2],"tags":[],"class_list":["post-160345","post","type-post","status-publish","format-standard","has-post-thumbnail","hentry","category-reynosa"],"_links":{"self":[{"href":"https:\/\/www.elsinodaldetamaulipas.com.mx\/index.php?rest_route=\/wp\/v2\/posts\/160345","targetHints":{"allow":["GET"]}}],"collection":[{"href":"https:\/\/www.elsinodaldetamaulipas.com.mx\/index.php?rest_route=\/wp\/v2\/posts"}],"about":[{"href":"https:\/\/www.elsinodaldetamaulipas.com.mx\/index.php?rest_route=\/wp\/v2\/types\/post"}],"author":[{"embeddable":true,"href":"https:\/\/www.elsinodaldetamaulipas.com.mx\/index.php?rest_route=\/wp\/v2\/users\/1"}],"replies":[{"embeddable":true,"href":"https:\/\/www.elsinodaldetamaulipas.com.mx\/index.php?rest_route=%2Fwp%2Fv2%2Fcomments&post=160345"}],"version-history":[{"count":1,"href":"https:\/\/www.elsinodaldetamaulipas.com.mx\/index.php?rest_route=\/wp\/v2\/posts\/160345\/revisions"}],"predecessor-version":[{"id":160349,"href":"https:\/\/www.elsinodaldetamaulipas.com.mx\/index.php?rest_route=\/wp\/v2\/posts\/160345\/revisions\/160349"}],"wp:featuredmedia":[{"embeddable":true,"href":"https:\/\/www.elsinodaldetamaulipas.com.mx\/index.php?rest_route=\/wp\/v2\/media\/160348"}],"wp:attachment":[{"href":"https:\/\/www.elsinodaldetamaulipas.com.mx\/index.php?rest_route=%2Fwp%2Fv2%2Fmedia&parent=160345"}],"wp:term":[{"taxonomy":"category","embeddable":true,"href":"https:\/\/www.elsinodaldetamaulipas.com.mx\/index.php?rest_route=%2Fwp%2Fv2%2Fcategories&post=160345"},{"taxonomy":"post_tag","embeddable":true,"href":"https:\/\/www.elsinodaldetamaulipas.com.mx\/index.php?rest_route=%2Fwp%2Fv2%2Ftags&post=160345"}],"curies":[{"name":"wp","href":"https:\/\/api.w.org\/{rel}","templated":true}]}}