{"id":160350,"date":"2023-10-04T15:59:45","date_gmt":"2023-10-04T20:59:45","guid":{"rendered":"http:\/\/www.elsinodaldetamaulipas.com.mx\/?p=160350"},"modified":"2023-10-04T15:59:45","modified_gmt":"2023-10-04T20:59:45","slug":"trabaja-comapa-en-la-reparacion-de-fuga-de-agua-en-villa-florida-sector-b","status":"publish","type":"post","link":"https:\/\/www.elsinodaldetamaulipas.com.mx\/?p=160350","title":{"rendered":"TRABAJA COMAPA EN LA REPARACI\u00d3N DE FUGA DE AGUA EN VILLA FLORIDA SECTOR B"},"content":{"rendered":"<ul>\n<li><strong><em>Estos trabajos se efect\u00faan en atenci\u00f3n al reporte 2012506 que se realiz\u00f3 en el Centro Integral de Atenci\u00f3n Ciudadana.<\/em><\/strong><\/li>\n<\/ul>\n<p><strong>EL SINODAL DE TAMAULIPAS<\/strong><\/p>\n<p><strong>Reynosa, Tam.-<\/strong> Como parte del programa permanente de reparaci\u00f3n de fugas de vital liquido, y atendiendo las preocupaciones del Alcalde, Carlos Pe\u00f1a Ortiz, la Comisi\u00f3n Municipal de Agua Potable y Alcantarillado de Reynosa realiza maniobras en la colonia Villa Florida sector B.<\/p>\n<p>Cuadrilla de la Coordinaci\u00f3n de Agua Potable del organismo trabaja en la reparaci\u00f3n de una fuga localizada en una tuber\u00eda de l\u00ednea de distribuci\u00f3n que cumpli\u00f3 su tiempo de vida \u00fatil.<\/p>\n<p>Las maniobras que se efect\u00faan sobre la avenida Colorines, esquina calle Fresnos, se desarrollan en respuesta al reporte con n\u00famero de folio 2012506, generado en el Centro Integral de Atenci\u00f3n Ciudadana, CIAC.<\/p>\n","protected":false},"excerpt":{"rendered":"<p>Estos trabajos se efect\u00faan en atenci\u00f3n al reporte 2012506 que se realiz\u00f3 en el Centro Integral de Atenci\u00f3n Ciudadana. EL SINODAL DE TAMAULIPAS Reynosa, Tam.- Como parte del programa permanente de reparaci\u00f3n de fugas de vital liquido, y atendiendo las preocupaciones del Alcalde, Carlos Pe\u00f1a Ortiz, la Comisi\u00f3n Municipal de Agua Potable y Alcantarillado de [&hellip;]<\/p>\n","protected":false},"author":1,"featured_media":160351,"comment_status":"closed","ping_status":"closed","sticky":false,"template":"","format":"standard","meta":{"footnotes":""},"categories":[2],"tags":[],"class_list":["post-160350","post","type-post","status-publish","format-standard","has-post-thumbnail","hentry","category-reynosa"],"_links":{"self":[{"href":"https:\/\/www.elsinodaldetamaulipas.com.mx\/index.php?rest_route=\/wp\/v2\/posts\/160350","targetHints":{"allow":["GET"]}}],"collection":[{"href":"https:\/\/www.elsinodaldetamaulipas.com.mx\/index.php?rest_route=\/wp\/v2\/posts"}],"about":[{"href":"https:\/\/www.elsinodaldetamaulipas.com.mx\/index.php?rest_route=\/wp\/v2\/types\/post"}],"author":[{"embeddable":true,"href":"https:\/\/www.elsinodaldetamaulipas.com.mx\/index.php?rest_route=\/wp\/v2\/users\/1"}],"replies":[{"embeddable":true,"href":"https:\/\/www.elsinodaldetamaulipas.com.mx\/index.php?rest_route=%2Fwp%2Fv2%2Fcomments&post=160350"}],"version-history":[{"count":1,"href":"https:\/\/www.elsinodaldetamaulipas.com.mx\/index.php?rest_route=\/wp\/v2\/posts\/160350\/revisions"}],"predecessor-version":[{"id":160352,"href":"https:\/\/www.elsinodaldetamaulipas.com.mx\/index.php?rest_route=\/wp\/v2\/posts\/160350\/revisions\/160352"}],"wp:featuredmedia":[{"embeddable":true,"href":"https:\/\/www.elsinodaldetamaulipas.com.mx\/index.php?rest_route=\/wp\/v2\/media\/160351"}],"wp:attachment":[{"href":"https:\/\/www.elsinodaldetamaulipas.com.mx\/index.php?rest_route=%2Fwp%2Fv2%2Fmedia&parent=160350"}],"wp:term":[{"taxonomy":"category","embeddable":true,"href":"https:\/\/www.elsinodaldetamaulipas.com.mx\/index.php?rest_route=%2Fwp%2Fv2%2Fcategories&post=160350"},{"taxonomy":"post_tag","embeddable":true,"href":"https:\/\/www.elsinodaldetamaulipas.com.mx\/index.php?rest_route=%2Fwp%2Fv2%2Ftags&post=160350"}],"curies":[{"name":"wp","href":"https:\/\/api.w.org\/{rel}","templated":true}]}}