{"id":160353,"date":"2023-10-04T16:06:13","date_gmt":"2023-10-04T21:06:13","guid":{"rendered":"http:\/\/www.elsinodaldetamaulipas.com.mx\/?p=160353"},"modified":"2023-10-04T16:06:13","modified_gmt":"2023-10-04T21:06:13","slug":"tamaulipas-muestra-su-arte-y-riqueza-culinarias-en-vallarte-nayarit-gastronomica-2023","status":"publish","type":"post","link":"https:\/\/www.elsinodaldetamaulipas.com.mx\/?p=160353","title":{"rendered":"TAMAULIPAS MUESTRA SU ARTE Y RIQUEZA CULINARIAS EN \u201cVALLARTE NAYARIT GASTRON\u00d3MICA 2023\u201d"},"content":{"rendered":"<p><strong>EL SINODAL DE TAMAULIPAS<\/strong><\/p>\n<p><em><strong>Nuevo Vallarta, Nayarit.-<\/strong><\/em> Tamaulipas destaca en el prestigioso evento \u201cVallarta Nayarit Gastron\u00f3mica 2023&#8243;, una plataforma de gran relevancia en M\u00e9xico para exponer el talento culinario y ofrecer un fest\u00edn de sabores, tradiciones y cultura, a trav\u00e9s de una variedad de platillos de cocina nacional e internacional.<\/p>\n<p>En su decimoquinta edici\u00f3n, este evento re\u00fane a chefs y mix\u00f3logos innovadores procedentes de M\u00e9xico, Latinoam\u00e9rica y Europa, incluyendo Estrellas Michelin, representantes de la lista 50 Best y destacados participantes de Top Chef.<\/p>\n<p>El secretario de Turismo de Tamaulipas, Benjam\u00edn Hern\u00e1ndez Rodr\u00edguez, en su intervenci\u00f3n destac\u00f3 las maravillas tur\u00edsticas y a la gastronom\u00eda como uno de los pilares de esta rama que distingue y favorece el desarrollo de cada una de las regiones del pa\u00eds y de la entidad,<\/p>\n<p>Hern\u00e1ndez Rodr\u00edguez, subray\u00f3 la oportunidad de desarrollar el turismo gastron\u00f3mico en Tamaulipas mediante la creaci\u00f3n de rutas culinarias y la promoci\u00f3n de festivales gastron\u00f3micos, como la Ruta del Mezcal, la Ruta del Vino, el Festival del Cabrito, el Festival de la Gordita, el Campeonato de Parrilleros, entre otras iniciativas que pueden enriquecer a\u00fan m\u00e1s la experiencia de las y los visitantes.<\/p>\n<p>\u00abLa gente viaja para descubrir nuevos sabores y aromas, para experimentar las tradiciones y sumergirse en las riquezas culinarias de las regiones y pa\u00edses que visitan\u00bb, enfatiz\u00f3, al indicar que la gastronom\u00eda tamaulipeca es uno de los principales atractivos tur\u00edsticos que est\u00e1 en constante crecimiento.<\/p>\n<p>A Tamaulipas le correspondi\u00f3 llevar a cabo una conferencia de showcooking, con la participaci\u00f3n del chef embajador del estado Manuel Cavazos, del renombrado restaurante AKICHI, quien adem\u00e1s cautiv\u00f3 los paladares de los asistentes con degustaciones \u00fanicas que incorporaban ingredientes nativos tamaulipecos, fusionando la cocina vanguardista con la tradicional.<\/p>\n<p>Cavazos tambi\u00e9n aprovech\u00f3 la ocasi\u00f3n para destacar la labor del secretario Benjam\u00edn Hern\u00e1ndez Rodr\u00edguez, como uno de los actores m\u00e1s din\u00e1micos en el fomento del turismo en general y promotor gastron\u00f3mico. Agradeci\u00f3 el reconocimiento que la gastronom\u00eda tamaulipeca ha recibido a nivel nacional e internacional por su compromiso con este sector.<\/p>\n<p>La presencia de Tamaulipas en \u201cVallarta Nayarit Gastron\u00f3mica 2023\u201d, es un testimonio de la importancia del turismo gastron\u00f3mico en la entidad, as\u00ed como una oportunidad para que los amantes de la buena comida descubran y aprecien la diversidad culinaria.<\/p>\n","protected":false},"excerpt":{"rendered":"<p>EL SINODAL DE TAMAULIPAS Nuevo Vallarta, Nayarit.- Tamaulipas destaca en el prestigioso evento \u201cVallarta Nayarit Gastron\u00f3mica 2023&#8243;, una plataforma de gran relevancia en M\u00e9xico para exponer el talento culinario y ofrecer un fest\u00edn de sabores, tradiciones y cultura, a trav\u00e9s de una variedad de platillos de cocina nacional e internacional. En su decimoquinta edici\u00f3n, este [&hellip;]<\/p>\n","protected":false},"author":1,"featured_media":160354,"comment_status":"closed","ping_status":"closed","sticky":false,"template":"","format":"standard","meta":{"footnotes":""},"categories":[13,1,3],"tags":[],"class_list":["post-160353","post","type-post","status-publish","format-standard","has-post-thumbnail","hentry","category-gobierno","category-portada","category-tamaulipas"],"_links":{"self":[{"href":"https:\/\/www.elsinodaldetamaulipas.com.mx\/index.php?rest_route=\/wp\/v2\/posts\/160353","targetHints":{"allow":["GET"]}}],"collection":[{"href":"https:\/\/www.elsinodaldetamaulipas.com.mx\/index.php?rest_route=\/wp\/v2\/posts"}],"about":[{"href":"https:\/\/www.elsinodaldetamaulipas.com.mx\/index.php?rest_route=\/wp\/v2\/types\/post"}],"author":[{"embeddable":true,"href":"https:\/\/www.elsinodaldetamaulipas.com.mx\/index.php?rest_route=\/wp\/v2\/users\/1"}],"replies":[{"embeddable":true,"href":"https:\/\/www.elsinodaldetamaulipas.com.mx\/index.php?rest_route=%2Fwp%2Fv2%2Fcomments&post=160353"}],"version-history":[{"count":1,"href":"https:\/\/www.elsinodaldetamaulipas.com.mx\/index.php?rest_route=\/wp\/v2\/posts\/160353\/revisions"}],"predecessor-version":[{"id":160355,"href":"https:\/\/www.elsinodaldetamaulipas.com.mx\/index.php?rest_route=\/wp\/v2\/posts\/160353\/revisions\/160355"}],"wp:featuredmedia":[{"embeddable":true,"href":"https:\/\/www.elsinodaldetamaulipas.com.mx\/index.php?rest_route=\/wp\/v2\/media\/160354"}],"wp:attachment":[{"href":"https:\/\/www.elsinodaldetamaulipas.com.mx\/index.php?rest_route=%2Fwp%2Fv2%2Fmedia&parent=160353"}],"wp:term":[{"taxonomy":"category","embeddable":true,"href":"https:\/\/www.elsinodaldetamaulipas.com.mx\/index.php?rest_route=%2Fwp%2Fv2%2Fcategories&post=160353"},{"taxonomy":"post_tag","embeddable":true,"href":"https:\/\/www.elsinodaldetamaulipas.com.mx\/index.php?rest_route=%2Fwp%2Fv2%2Ftags&post=160353"}],"curies":[{"name":"wp","href":"https:\/\/api.w.org\/{rel}","templated":true}]}}