{"id":160457,"date":"2023-10-05T11:14:17","date_gmt":"2023-10-05T16:14:17","guid":{"rendered":"http:\/\/www.elsinodaldetamaulipas.com.mx\/?p=160457"},"modified":"2023-10-05T11:14:17","modified_gmt":"2023-10-05T16:14:17","slug":"ataque-ruso-mata-a-50-civiles-al-este-de-ucrania","status":"publish","type":"post","link":"https:\/\/www.elsinodaldetamaulipas.com.mx\/?p=160457","title":{"rendered":"ATAQUE RUSO MATA A 50 CIVILES AL ESTE DE UCRANIA"},"content":{"rendered":"<p><strong>EL SINODAL DE TAMAULIPAS<\/strong><\/p>\n<p><strong><em>Kiev.-<\/em><\/strong>\u00a0Un misil ruso impact\u00f3 el jueves una cafeter\u00eda y una tienda en el este de Ucrania y mat\u00f3 al menos a 50 civiles en uno de los ataques m\u00e1s mort\u00edferos en meses, seg\u00fan el presidente ucranio Volodymyr Zelensky y otros altos funcionarios en Kiev.<\/p>\n<p>El ataque se produjo al tiempo que Zelensky asist\u00eda a una cumbre de unos 50 mandatarios europeos en Espa\u00f1a para solicitar apoyo a pa\u00edses aliados.<\/p>\n<p>Zelensky denunci\u00f3 el ataque registrado en el pueblo de Hroza como un \u201ccrimen ruso claramente brutal\u201d y \u201cun acto de terrorismo completamente deliberado\u201d.<\/p>\n<p>El jefe del gabinete presidencial, Andrii Yermak, y el gobernador de J\u00e1rkov, Oleh Syniehubov, dijeron que entre los muertos se encontraba un ni\u00f1o de seis a\u00f1os, y agregaron que otras siete personas resultaron heridas. Hroza, que ten\u00eda una poblaci\u00f3n de aproximadamente 500 habitantes antes de la guerra, est\u00e1 situada en la regi\u00f3n nororiental de J\u00e1rkov.<\/p>\n<p>En el caf\u00e9 se encontraban unas 60 personas que asist\u00edan a un velorio despu\u00e9s de un funeral, detall\u00f3 el ministro del Interior, \u00cdgor Klymenko, en declaraciones a la televisi\u00f3n nacional.<\/p>\n<p>De acuerdo con informaci\u00f3n preliminar procedente de Kiev, la aldea fue impactada por un misil Iskander. Los equipos de emergencia realizaban tareas de b\u00fasqueda entre los escombros de las estructuras da\u00f1adas.<\/p>\n<p>Las autoridades ucranias publicaron fotograf\u00edas que mostraban cad\u00e1veres ensangrentados y cuadrillas de emergencia revisando los escombros humeantes de estructuras.<\/p>\n<p>Hroza y otras partes de la regi\u00f3n oriental de J\u00e1rkov fueron capturadas por Rusia al comienzo de la guerra y recapturadas por Ucrania en septiembre de 2022. La aldea est\u00e1 ubicada a solo 30 kil\u00f3metros (19 millas) al oeste de Kupiansk. Zelenskyy visit\u00f3 la zona el martes para reunirse con tropas e inspeccionar el equipo suministrado por Occidente.<\/p>\n","protected":false},"excerpt":{"rendered":"<p>EL SINODAL DE TAMAULIPAS Kiev.-\u00a0Un misil ruso impact\u00f3 el jueves una cafeter\u00eda y una tienda en el este de Ucrania y mat\u00f3 al menos a 50 civiles en uno de los ataques m\u00e1s mort\u00edferos en meses, seg\u00fan el presidente ucranio Volodymyr Zelensky y otros altos funcionarios en Kiev. El ataque se produjo al tiempo que [&hellip;]<\/p>\n","protected":false},"author":1,"featured_media":160458,"comment_status":"closed","ping_status":"closed","sticky":false,"template":"","format":"standard","meta":{"footnotes":""},"categories":[14],"tags":[],"class_list":["post-160457","post","type-post","status-publish","format-standard","has-post-thumbnail","hentry","category-internacional"],"_links":{"self":[{"href":"https:\/\/www.elsinodaldetamaulipas.com.mx\/index.php?rest_route=\/wp\/v2\/posts\/160457","targetHints":{"allow":["GET"]}}],"collection":[{"href":"https:\/\/www.elsinodaldetamaulipas.com.mx\/index.php?rest_route=\/wp\/v2\/posts"}],"about":[{"href":"https:\/\/www.elsinodaldetamaulipas.com.mx\/index.php?rest_route=\/wp\/v2\/types\/post"}],"author":[{"embeddable":true,"href":"https:\/\/www.elsinodaldetamaulipas.com.mx\/index.php?rest_route=\/wp\/v2\/users\/1"}],"replies":[{"embeddable":true,"href":"https:\/\/www.elsinodaldetamaulipas.com.mx\/index.php?rest_route=%2Fwp%2Fv2%2Fcomments&post=160457"}],"version-history":[{"count":1,"href":"https:\/\/www.elsinodaldetamaulipas.com.mx\/index.php?rest_route=\/wp\/v2\/posts\/160457\/revisions"}],"predecessor-version":[{"id":160459,"href":"https:\/\/www.elsinodaldetamaulipas.com.mx\/index.php?rest_route=\/wp\/v2\/posts\/160457\/revisions\/160459"}],"wp:featuredmedia":[{"embeddable":true,"href":"https:\/\/www.elsinodaldetamaulipas.com.mx\/index.php?rest_route=\/wp\/v2\/media\/160458"}],"wp:attachment":[{"href":"https:\/\/www.elsinodaldetamaulipas.com.mx\/index.php?rest_route=%2Fwp%2Fv2%2Fmedia&parent=160457"}],"wp:term":[{"taxonomy":"category","embeddable":true,"href":"https:\/\/www.elsinodaldetamaulipas.com.mx\/index.php?rest_route=%2Fwp%2Fv2%2Fcategories&post=160457"},{"taxonomy":"post_tag","embeddable":true,"href":"https:\/\/www.elsinodaldetamaulipas.com.mx\/index.php?rest_route=%2Fwp%2Fv2%2Ftags&post=160457"}],"curies":[{"name":"wp","href":"https:\/\/api.w.org\/{rel}","templated":true}]}}