{"id":165306,"date":"2023-11-15T16:23:06","date_gmt":"2023-11-15T22:23:06","guid":{"rendered":"https:\/\/www.elsinodaldetamaulipas.com.mx\/?p=165306"},"modified":"2023-11-15T16:23:06","modified_gmt":"2023-11-15T22:23:06","slug":"realiza-sst-actividades-para-conmemorar-el-dia-nacional-contra-el-uso-nocivo-de-bebidas-alcoholicas","status":"publish","type":"post","link":"https:\/\/www.elsinodaldetamaulipas.com.mx\/?p=165306","title":{"rendered":"REALIZA SST ACTIVIDADES PARA CONMEMORAR EL D\u00cdA NACIONAL CONTRA EL USO NOCIVO DE BEBIDAS ALCOH\u00d3LICAS"},"content":{"rendered":"<ul>\n<li><strong><em>Enfocadas a la poblaci\u00f3n juvenil<\/em><\/strong><\/li>\n<\/ul>\n<p><strong>EL SINODAL DE TAMAULIPAS<\/strong><\/p>\n<p><strong>CD. VICTORIA, TAMAULIPAS.<\/strong>&#8211; Con la participaci\u00f3n de los alumnos de la escuela secundaria general No. 4 \u201cJos\u00e9 Santos Vald\u00e9s\u201d de esta ciudad, la Secretar\u00eda de Salud conmemor\u00f3 el D\u00eda Nacional contra el uso Nocivo de Bebidas Alcoh\u00f3licas bajo el lema \u201cM\u00e1s Comunidades con Salud Mental, Menos Uso Nocivo\u201d.<\/p>\n<p>Para interactuar y hacer conciencia sobre los efectos negativos que ocasiona el alcohol en el desarrollo f\u00edsico y mental del ser humano, la dependencia estatal a trav\u00e9s del departamento de Salud Mental y Prevenci\u00f3n de Adicciones, realiz\u00f3 una serie de actividades enfocadas a conmemorar este d\u00eda y con el objetivo de eliminar los mitos sobre las pr\u00e1cticas que son comunes en nuestra sociedad para brindar informaci\u00f3n, con sustento cient\u00edfico, que ayude a tomar mejores decisiones, sobre todo entre la poblaci\u00f3n adolescente y joven.<\/p>\n<p>Al presidir el evento, en representaci\u00f3n del secretario de Salud, Vicente Joel Hern\u00e1ndez Navarro, el director de Medicina Preventiva, Jorge Gerardo Flores Arriaga, dio el mensaje al alumnado y los exhort\u00f3 a que tomen acciones que beneficien su salud para que eviten caer en este tipo de adicciones, ya que el alcohol es considerada la droga de inicio m\u00e1s consumida en edades tempranas.<\/p>\n<p>\u201cCon estos eventos, queremos llegar a toda la poblaci\u00f3n, pero ustedes, los j\u00f3venes, juegan un papel muy importante para prevenir que caigan en las adicciones y en la Secretar\u00eda de Salud, contamos con programas espec\u00edficos que los ayudar\u00e1n con las emociones que nos les agradan y existen Centros de Atenci\u00f3n en los que pueden solicitar ayuda\u201d, destac\u00f3 Flores Arriaga en su participaci\u00f3n.<\/p>\n<p>Durante el evento, los alumnos participaron en un rally deportivo, en donde recorrieron una pista de desaf\u00edos, se les realizaron preguntas sobre los da\u00f1os que ocasiona el consumo del alcohol y fueron acreedores de premios.<\/p>\n<p>De igual manera se realiz\u00f3 la pl\u00e1tica \u201cLas Consecuencias del Uso del Alcohol\u201d a cargo de la psic\u00f3loga Amanda Guadalupe Rodr\u00edguez Mart\u00ednez, colaboradora del Centro Comunitario de Salud Mental y Adicciones (CECOSAMA).<\/p>\n<p>A esta conmemoraci\u00f3n, asisti\u00f3 la Jefe del Departamento de Salud Mental y Prevenci\u00f3n de Adicciones, Eliana Margarita Guevara Pe\u00f1a; la Directora del Centro de Internamiento \u201cRenacer\u201d, Roxana Rodr\u00edguez Cant\u00fa; la Directora del Centro Integral de Salud Mental, Nubia Krystal Vogel Garc\u00eda y la Coordinadora Estatal de las UNEMES CECOSAMA, Lic. Leslie Yuliana Lazo Molano.<\/p>\n","protected":false},"excerpt":{"rendered":"<p>Enfocadas a la poblaci\u00f3n juvenil EL SINODAL DE TAMAULIPAS CD. VICTORIA, TAMAULIPAS.&#8211; Con la participaci\u00f3n de los alumnos de la escuela secundaria general No. 4 \u201cJos\u00e9 Santos Vald\u00e9s\u201d de esta ciudad, la Secretar\u00eda de Salud conmemor\u00f3 el D\u00eda Nacional contra el uso Nocivo de Bebidas Alcoh\u00f3licas bajo el lema \u201cM\u00e1s Comunidades con Salud Mental, Menos [&hellip;]<\/p>\n","protected":false},"author":1,"featured_media":165307,"comment_status":"closed","ping_status":"closed","sticky":false,"template":"","format":"standard","meta":{"footnotes":""},"categories":[13,1,3],"tags":[],"class_list":["post-165306","post","type-post","status-publish","format-standard","has-post-thumbnail","hentry","category-gobierno","category-portada","category-tamaulipas"],"_links":{"self":[{"href":"https:\/\/www.elsinodaldetamaulipas.com.mx\/index.php?rest_route=\/wp\/v2\/posts\/165306","targetHints":{"allow":["GET"]}}],"collection":[{"href":"https:\/\/www.elsinodaldetamaulipas.com.mx\/index.php?rest_route=\/wp\/v2\/posts"}],"about":[{"href":"https:\/\/www.elsinodaldetamaulipas.com.mx\/index.php?rest_route=\/wp\/v2\/types\/post"}],"author":[{"embeddable":true,"href":"https:\/\/www.elsinodaldetamaulipas.com.mx\/index.php?rest_route=\/wp\/v2\/users\/1"}],"replies":[{"embeddable":true,"href":"https:\/\/www.elsinodaldetamaulipas.com.mx\/index.php?rest_route=%2Fwp%2Fv2%2Fcomments&post=165306"}],"version-history":[{"count":1,"href":"https:\/\/www.elsinodaldetamaulipas.com.mx\/index.php?rest_route=\/wp\/v2\/posts\/165306\/revisions"}],"predecessor-version":[{"id":165308,"href":"https:\/\/www.elsinodaldetamaulipas.com.mx\/index.php?rest_route=\/wp\/v2\/posts\/165306\/revisions\/165308"}],"wp:featuredmedia":[{"embeddable":true,"href":"https:\/\/www.elsinodaldetamaulipas.com.mx\/index.php?rest_route=\/wp\/v2\/media\/165307"}],"wp:attachment":[{"href":"https:\/\/www.elsinodaldetamaulipas.com.mx\/index.php?rest_route=%2Fwp%2Fv2%2Fmedia&parent=165306"}],"wp:term":[{"taxonomy":"category","embeddable":true,"href":"https:\/\/www.elsinodaldetamaulipas.com.mx\/index.php?rest_route=%2Fwp%2Fv2%2Fcategories&post=165306"},{"taxonomy":"post_tag","embeddable":true,"href":"https:\/\/www.elsinodaldetamaulipas.com.mx\/index.php?rest_route=%2Fwp%2Fv2%2Ftags&post=165306"}],"curies":[{"name":"wp","href":"https:\/\/api.w.org\/{rel}","templated":true}]}}