{"id":165888,"date":"2023-11-20T17:04:20","date_gmt":"2023-11-20T23:04:20","guid":{"rendered":"https:\/\/www.elsinodaldetamaulipas.com.mx\/?p=165888"},"modified":"2023-11-20T17:04:20","modified_gmt":"2023-11-20T23:04:20","slug":"guardia-estatal-participa-en-desfile-conmemorativo-de-la-revolucion-mexicana","status":"publish","type":"post","link":"https:\/\/www.elsinodaldetamaulipas.com.mx\/?p=165888","title":{"rendered":"GUARDIA ESTATAL PARTICIPA EN DESFILE CONMEMORATIVO DE LA REVOLUCI\u00d3N MEXICANA"},"content":{"rendered":"<p><strong>EL SINODAL DE TAMAULIPAS<\/strong><\/p>\n<p><strong><em>Ciudad Victoria, Tamaulipas.-<\/em><\/strong> En conmemoraci\u00f3n al 113 aniversario del inicio de la Revoluci\u00f3n Mexicana, personal de la Guardia Estatal particip\u00f3 en el tradicional desfile deportivo, c\u00edvico, militar que el Gobierno del Estado llev\u00f3 a cabo en la capital tamaulipeca.<\/p>\n<p>El grupo representativo de la Secretar\u00eda de Seguridad P\u00fablica de Tamaulipas (SSPT) estuvo encabezado por el agrupamiento motorizado \u201cLinces\u201d de la Guardia Estatal quienes brindan una r\u00e1pida reacci\u00f3n ante llamados debido a la facilidad de desplazamiento de las motocicletas.<\/p>\n<p>En representaci\u00f3n del agrupamiento montado de esta corporaci\u00f3n policial, una jinete port\u00f3 el l\u00e1baro patrio mientras la Banda de Guerra de la Guardia Estatal desfilaron caracterizados como luchadores revolucionarios a la par de que marcaban la cadencia del paso para el resto del contingente.<\/p>\n<p>Las escoltas de guerra y femenina de la Guardia Estatal portaron la bandera mexicana y el escudo de armas de Tamaulipas, respectivamente, a la par un carro aleg\u00f3rico rindi\u00f3 homenaje a tamaulipecos que contribuyeron a la lucha revolucionaria como lo fueron el general Alberto Carrera Torres y Leonor Villegas de Magn\u00f3n.<\/p>\n<p>Para rememorar la participaci\u00f3n de las mujeres en la Revoluci\u00f3n Mexicana, quienes se desempe\u00f1aron como enfermeras, maestras, esp\u00edas, cocineras y soldaderas an\u00f3nimas, unos contingentes de integrantes femeninas de la Guardia Estatal desfilaron caracterizadas; asimismo, un grupo de varones de esta corporaci\u00f3n, vestidos como soldados revolucionarios, representaron a los tamaulipecos que participaron en la lucha armada.<\/p>\n<p>Al frente de la l\u00ednea de honor que presenci\u00f3 el desfile, estuvo el gobernador, Am\u00e9rico Villarreal Anaya, a quien, la SSPT agradeci\u00f3 la reciente dotaci\u00f3n de 22 camionetas patrullas pick-up, 50 bicicletas, cinco cuatrimotos y dos motocicletas, veh\u00edculos que contribuyen a la labor que diariamente realiza la Guardia Estatal para cubrir la demanda de seguridad que la sociedad tamaulipeca demanda.<\/p>\n","protected":false},"excerpt":{"rendered":"<p>EL SINODAL DE TAMAULIPAS Ciudad Victoria, Tamaulipas.- En conmemoraci\u00f3n al 113 aniversario del inicio de la Revoluci\u00f3n Mexicana, personal de la Guardia Estatal particip\u00f3 en el tradicional desfile deportivo, c\u00edvico, militar que el Gobierno del Estado llev\u00f3 a cabo en la capital tamaulipeca. El grupo representativo de la Secretar\u00eda de Seguridad P\u00fablica de Tamaulipas (SSPT) [&hellip;]<\/p>\n","protected":false},"author":1,"featured_media":165889,"comment_status":"closed","ping_status":"closed","sticky":false,"template":"","format":"standard","meta":{"footnotes":""},"categories":[13,1,3],"tags":[],"class_list":["post-165888","post","type-post","status-publish","format-standard","has-post-thumbnail","hentry","category-gobierno","category-portada","category-tamaulipas"],"_links":{"self":[{"href":"https:\/\/www.elsinodaldetamaulipas.com.mx\/index.php?rest_route=\/wp\/v2\/posts\/165888","targetHints":{"allow":["GET"]}}],"collection":[{"href":"https:\/\/www.elsinodaldetamaulipas.com.mx\/index.php?rest_route=\/wp\/v2\/posts"}],"about":[{"href":"https:\/\/www.elsinodaldetamaulipas.com.mx\/index.php?rest_route=\/wp\/v2\/types\/post"}],"author":[{"embeddable":true,"href":"https:\/\/www.elsinodaldetamaulipas.com.mx\/index.php?rest_route=\/wp\/v2\/users\/1"}],"replies":[{"embeddable":true,"href":"https:\/\/www.elsinodaldetamaulipas.com.mx\/index.php?rest_route=%2Fwp%2Fv2%2Fcomments&post=165888"}],"version-history":[{"count":1,"href":"https:\/\/www.elsinodaldetamaulipas.com.mx\/index.php?rest_route=\/wp\/v2\/posts\/165888\/revisions"}],"predecessor-version":[{"id":165890,"href":"https:\/\/www.elsinodaldetamaulipas.com.mx\/index.php?rest_route=\/wp\/v2\/posts\/165888\/revisions\/165890"}],"wp:featuredmedia":[{"embeddable":true,"href":"https:\/\/www.elsinodaldetamaulipas.com.mx\/index.php?rest_route=\/wp\/v2\/media\/165889"}],"wp:attachment":[{"href":"https:\/\/www.elsinodaldetamaulipas.com.mx\/index.php?rest_route=%2Fwp%2Fv2%2Fmedia&parent=165888"}],"wp:term":[{"taxonomy":"category","embeddable":true,"href":"https:\/\/www.elsinodaldetamaulipas.com.mx\/index.php?rest_route=%2Fwp%2Fv2%2Fcategories&post=165888"},{"taxonomy":"post_tag","embeddable":true,"href":"https:\/\/www.elsinodaldetamaulipas.com.mx\/index.php?rest_route=%2Fwp%2Fv2%2Ftags&post=165888"}],"curies":[{"name":"wp","href":"https:\/\/api.w.org\/{rel}","templated":true}]}}