{"id":166196,"date":"2023-11-22T20:40:58","date_gmt":"2023-11-23T02:40:58","guid":{"rendered":"https:\/\/www.elsinodaldetamaulipas.com.mx\/?p=166196"},"modified":"2023-11-22T20:40:58","modified_gmt":"2023-11-23T02:40:58","slug":"correspondencia-por-jose-luis-castillo-169","status":"publish","type":"post","link":"https:\/\/www.elsinodaldetamaulipas.com.mx\/?p=166196","title":{"rendered":"CORRESPONDENCIA\/ Por Jos\u00e9 Luis Castillo"},"content":{"rendered":"<p><em><strong>Ale, Tico, Paco y Bra\u00f1a, los favoritos para Victoria<\/strong><\/em><\/p>\n<p>El diputado local Jos\u00e9 Bra\u00f1a, se sum\u00f3 a los favoritos para competir por la alcald\u00eda de Victoria,<br \/>\ndando la pelea electoral a Paco Lav\u00edn y Tico Garc\u00eda, que tambi\u00e9n tienen muy buena aceptaci\u00f3n en<br \/>\nel electorado sin dejar de mencionar tambi\u00e9n a Ale C\u00e1rdenas, que mantiene sus seguidores<br \/>\ntambi\u00e9n en este municipio y dentro de los cuales estar\u00e1 la decisi\u00f3n de llegar a la presidencia<br \/>\nmunicipal de Victoria.<br \/>\nEL Diputado Bra\u00f1a, se registr\u00f3 seg\u00fan trascendi\u00f3 esta tarde por MORENA para competir por la<br \/>\nAlcald\u00eda de Victoria con muchas posibilidades de obtener esa candidatura despu\u00e9s del intenso<br \/>\ntrabajo que ha desarrollado en las \u00faltimas semanas y que lo posiciono entre los preferidos para<br \/>\nocupar en lugar en la boleta del a\u00f1o entrante.<br \/>\nSin embargo, hay que mencionar que en este sentido tambi\u00e9n es Tico Garc\u00eda que cuenta con una<br \/>\nimportante trayectoria e imagen en el \u00e1mbito local por las empresas y casas mesil que ha instalado<br \/>\nen varios sectores de la ciudad lo que le ha permitido tener un contacto directo con la poblaci\u00f3n y<br \/>\nsobre todo impulsar el desarrollo pol\u00edtico y social de la capital del estado.<br \/>\nEsta tarde se registr\u00f3 tambi\u00e9n por MORENA, Paco Lav\u00edn, para competir de la misma manera por la<br \/>\npresidencia Municipal considerando como los dos anteriores una oportunidad para poder ganar la<br \/>\nelecci\u00f3n del a\u00f1o entrante, sin riesgos y sin preocupaciones dado a que muchos de los votantes<br \/>\nhar\u00e1n efectivo su sufragio tomando en cuenta quien sea el abanderado.<br \/>\nVale la pena mencionar que el apellido C\u00e1rdenas suena fuerte y es nada menos que la diputada<br \/>\nlocal Alejandra C\u00e1rdenas, que no cede espacios y tambi\u00e9n se encuentra dentro de los primeros<br \/>\nlugares de la competencia por la presidencia Municipal, insisto, viendo altas posibilidades de ganar<br \/>\nsobre sus compa\u00f1eros de partido que poco o nada tienen que hacer a su lado.<br \/>\nAhora que hay que esperar la decisi\u00f3n de MORENA y de la Coalici\u00f3n PRI, PAN y PRD, para saber<br \/>\nqui\u00e9nes ser\u00e1n sus abanderados tomando en cuenta que debe ser quien m\u00e1s arrastre garantice a<br \/>\ncada instituto pol\u00edtico y sobe todo quien menos ponga en riesgo el triunfo en la elecci\u00f3n venidera<br \/>\ntomando en cuenta todos sus aspectos.<br \/>\nLo cierto es que tambi\u00e9n los partidos pol\u00edticos estar\u00e1n muy atentos a los gastos de precampa\u00f1a y<br \/>\ncampa\u00f1a para que no se de el desvi\u00f3 o la utilizaci\u00f3n de recursos p\u00fablicos en estos procesos puesto<br \/>\nque hay quienes se quieren reelegir, y hacer pre campa\u00f1a manteni\u00e9ndose en sus cargos y eso no<br \/>\nes piso parejo.<br \/>\nDOS. \u2013 El rector Guillermo Mendoza Cavazos, encabez\u00f3 la ceremonia de entrega de becas de<br \/>\nexcelencia a estudiantes que se destacaron por obtener el m\u00e1s alto promedio acad\u00e9mico de su<br \/>\ngeneraci\u00f3n durante el per\u00edodo escolar 2023-1.<br \/>\nEn el evento que se realiz\u00f3 en el Gimnasio Ol\u00edmpico de Tampico el rector de la UAT, entreg\u00f3<br \/>\nest\u00edmulos econ\u00f3micos a 180 estudiantes de la zona sur; y de manera simult\u00e1nea, otorg\u00f3 este<br \/>\nbeneficio en las sedes acad\u00e9micas de las zonas centro y norte del estado.<\/p>\n<p>El rector de la Guillermo Mendoza felicit\u00f3 al alumnado por el esfuerzo sobresaliente que les ha<br \/>\npermitido recibir esta distinci\u00f3n, en el evento donde se hizo acompa\u00f1ar por la Dra. Cinthya Patricia<br \/>\nIbarra Gonz\u00e1lez, secretaria de Gesti\u00f3n Escolar de la UAT.<br \/>\n\u201cEstamos aqu\u00ed para honrar a los estudiantes que han demostrado un compromiso excepcional con<br \/>\nla excelencia acad\u00e9mica. Las becas de excelencia no son simplemente recompensas por buenas<br \/>\ncalificaciones, son un reconocimiento de la pasi\u00f3n, el esfuerzo y la dedicaci\u00f3n que han puesto en<br \/>\nsus estudios\u201d, dijo Mendoza Cavazos a los alumnos destacados de la UAT.<br \/>\nVale la pena decir que el rector de la UAT es reconocido a nivel nacional por el impulso que da a<br \/>\nlos diferentes programas de apoyo para que los j\u00f3venes estudiantes y futuros profesionistas no<br \/>\nabandonen su carrera y sean parte del desarrollo econ\u00f3mico y social de esta entidad.<br \/>\n\u201cEn esta instituci\u00f3n educativa estamos comprometidos con la igualdad de oportunidades, por eso<br \/>\notorgamos becas basados en diversos criterios, como el nivel socioecon\u00f3mico, el rendimiento<br \/>\nacad\u00e9mico o las habilidades deportivas\u201d subray\u00f3 en su mensaje el rector de la UAT, quien recibi\u00f3<br \/>\nel reconocimiento y agradecimiento de los alumnos y los padres de familia.<br \/>\nPor cierto, que vale la pena recordar que la UAT de Guillermo Cavazos esta en todo y con<br \/>\nsatisfacci\u00f3n vale decir que encabez\u00f3 la ceremonia de salida de poco m\u00e1s de 25 toneladas de<br \/>\nv\u00edveres, recolectadas por la comunidad universitaria y la sociedad tamaulipeca a trav\u00e9s de la<br \/>\ncampa\u00f1a \u201cUnidos por Acapulco\u201d, con el fin de brindar apoyo a los damnificados por el hurac\u00e1n<br \/>\nOtis en el estado de Guerrero.<br \/>\nEl Rector dio el banderazo de salida al cami\u00f3n que transporta el donativo, expresando su<br \/>\nagradecimiento a estudiantes, docentes y personal administrativo de las diversas escuelas,<br \/>\nfacultades, unidades acad\u00e9micas y dependencias de la UAT de todo el estado que generosamente<br \/>\nparticiparon en esta noble causa.<\/p>\n","protected":false},"excerpt":{"rendered":"<p>Ale, Tico, Paco y Bra\u00f1a, los favoritos para Victoria El diputado local Jos\u00e9 Bra\u00f1a, se sum\u00f3 a los favoritos para competir por la alcald\u00eda de Victoria, dando la pelea electoral a Paco Lav\u00edn y Tico Garc\u00eda, que tambi\u00e9n tienen muy buena aceptaci\u00f3n en el electorado sin dejar de mencionar tambi\u00e9n a Ale C\u00e1rdenas, que mantiene [&hellip;]<\/p>\n","protected":false},"author":1,"featured_media":121040,"comment_status":"closed","ping_status":"closed","sticky":false,"template":"","format":"standard","meta":{"footnotes":""},"categories":[16],"tags":[],"class_list":["post-166196","post","type-post","status-publish","format-standard","has-post-thumbnail","hentry","category-opinion"],"_links":{"self":[{"href":"https:\/\/www.elsinodaldetamaulipas.com.mx\/index.php?rest_route=\/wp\/v2\/posts\/166196","targetHints":{"allow":["GET"]}}],"collection":[{"href":"https:\/\/www.elsinodaldetamaulipas.com.mx\/index.php?rest_route=\/wp\/v2\/posts"}],"about":[{"href":"https:\/\/www.elsinodaldetamaulipas.com.mx\/index.php?rest_route=\/wp\/v2\/types\/post"}],"author":[{"embeddable":true,"href":"https:\/\/www.elsinodaldetamaulipas.com.mx\/index.php?rest_route=\/wp\/v2\/users\/1"}],"replies":[{"embeddable":true,"href":"https:\/\/www.elsinodaldetamaulipas.com.mx\/index.php?rest_route=%2Fwp%2Fv2%2Fcomments&post=166196"}],"version-history":[{"count":1,"href":"https:\/\/www.elsinodaldetamaulipas.com.mx\/index.php?rest_route=\/wp\/v2\/posts\/166196\/revisions"}],"predecessor-version":[{"id":166197,"href":"https:\/\/www.elsinodaldetamaulipas.com.mx\/index.php?rest_route=\/wp\/v2\/posts\/166196\/revisions\/166197"}],"wp:featuredmedia":[{"embeddable":true,"href":"https:\/\/www.elsinodaldetamaulipas.com.mx\/index.php?rest_route=\/wp\/v2\/media\/121040"}],"wp:attachment":[{"href":"https:\/\/www.elsinodaldetamaulipas.com.mx\/index.php?rest_route=%2Fwp%2Fv2%2Fmedia&parent=166196"}],"wp:term":[{"taxonomy":"category","embeddable":true,"href":"https:\/\/www.elsinodaldetamaulipas.com.mx\/index.php?rest_route=%2Fwp%2Fv2%2Fcategories&post=166196"},{"taxonomy":"post_tag","embeddable":true,"href":"https:\/\/www.elsinodaldetamaulipas.com.mx\/index.php?rest_route=%2Fwp%2Fv2%2Ftags&post=166196"}],"curies":[{"name":"wp","href":"https:\/\/api.w.org\/{rel}","templated":true}]}}