{"id":166200,"date":"2023-11-22T20:42:21","date_gmt":"2023-11-23T02:42:21","guid":{"rendered":"https:\/\/www.elsinodaldetamaulipas.com.mx\/?p=166200"},"modified":"2023-11-22T20:42:21","modified_gmt":"2023-11-23T02:42:21","slug":"vida-diaria","status":"publish","type":"post","link":"https:\/\/www.elsinodaldetamaulipas.com.mx\/?p=166200","title":{"rendered":"VIDA DIARIA"},"content":{"rendered":"<p>Armada\u2026<br \/>\nMa\u00f1ana 23 de noviembre se celebra el D\u00eda de la Armada de M\u00e9xico, ya son m\u00e1s de 200 a\u00f1os de su creaci\u00f3n, pero se celebra desde 1991<\/p>\n<p>La Armada de M\u00e9xico es la rama o fuerza militar encargada de vigilar y salvaguardar las costas, el mar territorial y el espacio a\u00e9reo mar\u00edtimo de este M\u00e9xico lindo y querido. Bueno, originalmente esa era su funci\u00f3n, hoy se les ve por todo el territorio nacional realizando actividades relacionadas a la seguridad.<\/p>\n<p>Es la instituci\u00f3n m\u00e1s confiable y merece respeto. Los Marinos son garantes de seguridad, raz\u00f3n por la que no solo el 23 de noviembre se debe recordar o celebrar a nuestra Armada, todos los d\u00edas se les debe reconocer su labor.<\/p>\n<p>Cierto es que elementos de las fuerzas armadas tambi\u00e9n se han visto involucrados en hechos vergonzosos, corruptos, violentos, pero son contados, la mayor\u00eda cumplen con su deber.<\/p>\n<p>El papel de las fuerzas armadas es indispensable en el combate a la inseguridad en todos los rincones de nuestro pa\u00eds. Como sociedad es nuestra tarea brindarles respeto y reconocimiento por su trabajo que siempre han realizado en favor de la Paz.<\/p>\n<p>Lamentablemente en redes sociales y medios de comunicaci\u00f3n nacional todos los d\u00edas se ven publicaciones donde elementos del Ej\u00e9rcito mexicano o la Marina son agredidos f\u00edsica y verbalmente mientras cumplen su deber.<\/p>\n<p>Luego de agredidos hay quienes se empe\u00f1an en ver a las fuerzas armadas como agresores, lo peor es que la mayor\u00eda de las veces los pobres soldados no pueden ni defenderse y si lo hacen son enjuiciados, con ellos poco o nada aplica el \u201cfue en defensa propia\u201d.<\/p>\n<p>Cantidad de veces se ha visto que las leyes protegen m\u00e1s a los que cometen il\u00edcitos que a quienes guardan el orden, polic\u00edas, militares o marinos. Las dichosas comisiones de derechos humanos le dan m\u00e1s apoyo a los agresores, delincuentes, que a quienes trabajan por la patria, por los mexicanos.<\/p>\n<p>Al ver como hasta delincuentes y extranjeros maltratan y culpan de todo a los de las fuerzas armadas es donde nos preguntamos, \u00bfY los derechos humanos de los soldados y marinos mexicanos?, dif\u00edcil de entender por qu\u00e9 son violentados cuando deber\u00edan ser respetados.<\/p>\n<p>Hoy m\u00e1s que nunca necesitamos instituciones fuertes, que no sean vulneradas, que se aplique la ley correctamente, si los elementos del Ej\u00e9rcito o Marina cometen un delito y faltan a su responsabilidad pues se les castigue, pero tambi\u00e9n se les debe dar elementos para que defiendan lo que es de la Patria y de los mexicanos, se trata de legalidad, seguridad, tranquilidad.<\/p>\n<p>Las fuerzas armadas son garante de la naci\u00f3n, el pueblo debe tratarles en su justa dimensi\u00f3n, dejar de culparles por irresponsabilidades o delitos de otros, el Ej\u00e9rcito mexicano y Marina merecen respeto, no pueden cargar con las culpas de todos los que act\u00faen incorrectamente, no merecen que se les trate mal. Insistimos, ellos, Soldados y Marinos tambi\u00e9n tienen derechos humanos y, m\u00e1s que eso, por lo que representan merecen ser respetados.<\/p>\n<p>Si, ma\u00f1ana es el D\u00eda de la Armada de M\u00e9xico, pero hoy, ma\u00f1ana y siempre se les debe reconocer su labor.<\/p>\n","protected":false},"excerpt":{"rendered":"<p>Armada\u2026 Ma\u00f1ana 23 de noviembre se celebra el D\u00eda de la Armada de M\u00e9xico, ya son m\u00e1s de 200 a\u00f1os de su creaci\u00f3n, pero se celebra desde 1991 La Armada de M\u00e9xico es la rama o fuerza militar encargada de vigilar y salvaguardar las costas, el mar territorial y el espacio a\u00e9reo mar\u00edtimo de este [&hellip;]<\/p>\n","protected":false},"author":1,"featured_media":163887,"comment_status":"closed","ping_status":"closed","sticky":false,"template":"","format":"standard","meta":{"footnotes":""},"categories":[16],"tags":[],"class_list":["post-166200","post","type-post","status-publish","format-standard","has-post-thumbnail","hentry","category-opinion"],"_links":{"self":[{"href":"https:\/\/www.elsinodaldetamaulipas.com.mx\/index.php?rest_route=\/wp\/v2\/posts\/166200","targetHints":{"allow":["GET"]}}],"collection":[{"href":"https:\/\/www.elsinodaldetamaulipas.com.mx\/index.php?rest_route=\/wp\/v2\/posts"}],"about":[{"href":"https:\/\/www.elsinodaldetamaulipas.com.mx\/index.php?rest_route=\/wp\/v2\/types\/post"}],"author":[{"embeddable":true,"href":"https:\/\/www.elsinodaldetamaulipas.com.mx\/index.php?rest_route=\/wp\/v2\/users\/1"}],"replies":[{"embeddable":true,"href":"https:\/\/www.elsinodaldetamaulipas.com.mx\/index.php?rest_route=%2Fwp%2Fv2%2Fcomments&post=166200"}],"version-history":[{"count":1,"href":"https:\/\/www.elsinodaldetamaulipas.com.mx\/index.php?rest_route=\/wp\/v2\/posts\/166200\/revisions"}],"predecessor-version":[{"id":166201,"href":"https:\/\/www.elsinodaldetamaulipas.com.mx\/index.php?rest_route=\/wp\/v2\/posts\/166200\/revisions\/166201"}],"wp:featuredmedia":[{"embeddable":true,"href":"https:\/\/www.elsinodaldetamaulipas.com.mx\/index.php?rest_route=\/wp\/v2\/media\/163887"}],"wp:attachment":[{"href":"https:\/\/www.elsinodaldetamaulipas.com.mx\/index.php?rest_route=%2Fwp%2Fv2%2Fmedia&parent=166200"}],"wp:term":[{"taxonomy":"category","embeddable":true,"href":"https:\/\/www.elsinodaldetamaulipas.com.mx\/index.php?rest_route=%2Fwp%2Fv2%2Fcategories&post=166200"},{"taxonomy":"post_tag","embeddable":true,"href":"https:\/\/www.elsinodaldetamaulipas.com.mx\/index.php?rest_route=%2Fwp%2Fv2%2Ftags&post=166200"}],"curies":[{"name":"wp","href":"https:\/\/api.w.org\/{rel}","templated":true}]}}