{"id":166624,"date":"2023-11-26T15:21:46","date_gmt":"2023-11-26T21:21:46","guid":{"rendered":"https:\/\/www.elsinodaldetamaulipas.com.mx\/?p=166624"},"modified":"2023-11-26T15:21:46","modified_gmt":"2023-11-26T21:21:46","slug":"rinde-protesta-consejo-ciudadano-de-radio-uat","status":"publish","type":"post","link":"https:\/\/www.elsinodaldetamaulipas.com.mx\/?p=166624","title":{"rendered":"RINDE PROTESTA CONSEJO CIUDADANO DE RADIO UAT"},"content":{"rendered":"<p><strong>EL SINODAL DE TAMAULIPAS<\/strong><\/p>\n<p><em><strong>Ciudad Victoria, Tam.-<\/strong><\/em> El Rector de la Universidad Aut\u00f3noma de Tamaulipas (UAT), C.P Guillermo Mendoza Cavazos, les tom\u00f3 la protesta a los nuevos integrantes que presiden el Consejo Ciudadano de Radio UAT.<\/p>\n<p>En ceremonia efectuada en la sala ejecutiva del Centro de Gesti\u00f3n del Conocimiento del Campus Victoria, rindieron protesta como integrantes de ese \u00f3rgano colegiado: el Ing. Pedro Mier Llaguno, presidente; la Mtra. Blanca Sald\u00edvar Ruedas, secretaria; y el Lic. Rodolfo Higuera Ter\u00e1n, como vocal.<\/p>\n<p>La realizaci\u00f3n del acto protocolario se llev\u00f3 a cabo una vez que fue aprobada la designaci\u00f3n de dicho Consejo por medio de la Asamblea Universitaria durante su sesi\u00f3n ordinaria celebrada el 16 de noviembre del a\u00f1o en curso.<\/p>\n<p>Luego de la toma de protesta, el C.P. Guillermo Mendoza destac\u00f3 que, la integraci\u00f3n del Consejo Ciudadano cumple con la normativa federal a fin de garantizar el car\u00e1cter p\u00fablico de la emisora universitaria.<\/p>\n<p>Subray\u00f3 el rector que la Universidad Aut\u00f3noma de Tamaulipas a trav\u00e9s de este medio de comunicaci\u00f3n desempe\u00f1a un papel propositivo en la construcci\u00f3n de la ciudadan\u00eda al brindar informaci\u00f3n confiable, promover la diversidad de voces y fomentar la participaci\u00f3n ciudadana.<\/p>\n<p>Por su parte, el Lic. Jalil Alejandro Abraham Trevi\u00f1o, director de Radio UAT, puntualiz\u00f3 que la constituci\u00f3n del Consejo Ciudadano da cumplimiento al art\u00edculo 86 de la Ley Federal de Telecomunicaciones y Radiodifusi\u00f3n, que establece la observancia de los principios de independencia editorial, participaci\u00f3n ciudadana y reglas para la expresi\u00f3n de diversidades ideol\u00f3gicas, \u00e9tnicas y culturales.<\/p>\n<p>A\u00f1adi\u00f3 que, el Consejo Ciudadano, tendr\u00e1 por objeto asegurar su independencia y una pol\u00edtica editorial imparcial y objetiva en su gesti\u00f3n, con facultades de opini\u00f3n y asesor\u00eda de las acciones, pol\u00edticas, programas y proyectos que desarrolle la radiodifusora.<\/p>\n<p>A nombre del organismo colegiado, Pedro Mier Llaguno agradeci\u00f3 la confianza depositada para cumplir con los objetivos de Radio UAT, y con ello, contribuir mediante sus facultades de opini\u00f3n y asesor\u00eda, a evaluar sus pol\u00edticas, programas y proyectos.<\/p>\n","protected":false},"excerpt":{"rendered":"<p>EL SINODAL DE TAMAULIPAS Ciudad Victoria, Tam.- El Rector de la Universidad Aut\u00f3noma de Tamaulipas (UAT), C.P Guillermo Mendoza Cavazos, les tom\u00f3 la protesta a los nuevos integrantes que presiden el Consejo Ciudadano de Radio UAT. En ceremonia efectuada en la sala ejecutiva del Centro de Gesti\u00f3n del Conocimiento del Campus Victoria, rindieron protesta como [&hellip;]<\/p>\n","protected":false},"author":1,"featured_media":166625,"comment_status":"closed","ping_status":"closed","sticky":false,"template":"","format":"standard","meta":{"footnotes":""},"categories":[1],"tags":[],"class_list":["post-166624","post","type-post","status-publish","format-standard","has-post-thumbnail","hentry","category-portada"],"_links":{"self":[{"href":"https:\/\/www.elsinodaldetamaulipas.com.mx\/index.php?rest_route=\/wp\/v2\/posts\/166624","targetHints":{"allow":["GET"]}}],"collection":[{"href":"https:\/\/www.elsinodaldetamaulipas.com.mx\/index.php?rest_route=\/wp\/v2\/posts"}],"about":[{"href":"https:\/\/www.elsinodaldetamaulipas.com.mx\/index.php?rest_route=\/wp\/v2\/types\/post"}],"author":[{"embeddable":true,"href":"https:\/\/www.elsinodaldetamaulipas.com.mx\/index.php?rest_route=\/wp\/v2\/users\/1"}],"replies":[{"embeddable":true,"href":"https:\/\/www.elsinodaldetamaulipas.com.mx\/index.php?rest_route=%2Fwp%2Fv2%2Fcomments&post=166624"}],"version-history":[{"count":1,"href":"https:\/\/www.elsinodaldetamaulipas.com.mx\/index.php?rest_route=\/wp\/v2\/posts\/166624\/revisions"}],"predecessor-version":[{"id":166626,"href":"https:\/\/www.elsinodaldetamaulipas.com.mx\/index.php?rest_route=\/wp\/v2\/posts\/166624\/revisions\/166626"}],"wp:featuredmedia":[{"embeddable":true,"href":"https:\/\/www.elsinodaldetamaulipas.com.mx\/index.php?rest_route=\/wp\/v2\/media\/166625"}],"wp:attachment":[{"href":"https:\/\/www.elsinodaldetamaulipas.com.mx\/index.php?rest_route=%2Fwp%2Fv2%2Fmedia&parent=166624"}],"wp:term":[{"taxonomy":"category","embeddable":true,"href":"https:\/\/www.elsinodaldetamaulipas.com.mx\/index.php?rest_route=%2Fwp%2Fv2%2Fcategories&post=166624"},{"taxonomy":"post_tag","embeddable":true,"href":"https:\/\/www.elsinodaldetamaulipas.com.mx\/index.php?rest_route=%2Fwp%2Fv2%2Ftags&post=166624"}],"curies":[{"name":"wp","href":"https:\/\/api.w.org\/{rel}","templated":true}]}}