{"id":169763,"date":"2023-12-21T12:56:38","date_gmt":"2023-12-21T18:56:38","guid":{"rendered":"https:\/\/www.elsinodaldetamaulipas.com.mx\/?p=169763"},"modified":"2023-12-21T12:56:38","modified_gmt":"2023-12-21T18:56:38","slug":"sin-censura-por-carlos-carreno-ortiz-7","status":"publish","type":"post","link":"https:\/\/www.elsinodaldetamaulipas.com.mx\/?p=169763","title":{"rendered":"SIN CENSURA\/ Por: Carlos Carre\u00f1o Ortiz"},"content":{"rendered":"<p><strong><em>*Cumple Sheinbaum gira en Tamaulipas<\/em><\/strong><\/p>\n<p><strong><em>*Malena Rodela, aliada de la educaci\u00f3n<\/em><\/strong><\/p>\n<p><strong><em>*\u2018Sepultero\u2019 del PAN quiere ser candidato<\/em><\/strong><\/p>\n<p><strong><em>*Aspirante a diputado local desilusionado<\/em><\/strong><\/p>\n<p>CLAUDIA SHEINBAUM PARDO cumpli\u00f3 ayer mi\u00e9rcoles una gira de trabajo por Tamaulipas, que incluy\u00f3 una visita de doctor a Ciudad Victoria y otra m\u00e1s al sur de la entidad, en Madero.<\/p>\n<p>La precandidata presidencial estuvo poco tiempo en la capital tamaulipeca, donde se reuni\u00f3 con simpatizantes que le proclamaron buenos deseos y le auguraron el triunfo.<\/p>\n<p>Lo mismo ocurri\u00f3 en Ciudad Madero, donde los asistentes tambi\u00e9n mostraron su euforia y respaldo a la precandidata presidencial.<\/p>\n<p>De acuerdo con las encuestas, CLAUDIA SHEINBAUM figura como la favorita para ganar la Presidencia de M\u00e9xico, aunque no porque sea una extraordinaria aspirante, sino m\u00e1s bien porque la marca que la cobija goza del respaldo del respetable.<\/p>\n<p>En realidad la se\u00f1ora SHEINBAUM es una mala candidata, desangelada, que no entusiasma, pero gracias a su \u2018titiritero\u2019, ANDR\u00c9S MANUEL L\u00d3PEZ OBRADOR, la popularidad la coloca como la favorita para vencer en las urnas.<\/p>\n<p>A prop\u00f3sito de aspirantes, por el rumbo de R\u00edo Bravo, el precandidato de MORENA a diputado local por el Distrito 08, ANWAR VIVI\u00c1N PERALTA, encabez\u00f3 la noche de este mi\u00e9rcoles una posada a nombre de la Avanzada Tamaulipeca.<\/p>\n<p>Ya que andamos por el terru\u00f1o, la se\u00f1ora MALENA RODELA se reuni\u00f3 con maestros de distintos niveles educativos, ante quienes refrend\u00f3 su respaldo para fortalecer la educaci\u00f3n en el municipio.<\/p>\n<p>La se\u00f1ora MALENA record\u00f3 en el encuentro que la educaci\u00f3n es la mejor herramienta para transformar la realidad y construir un mejor futuro, transformando as\u00ed toda la adversidad en prosperidad.<\/p>\n<p>\u201cGracias por escuchar mis ideas y proyectos, que son de beneficio para la educaci\u00f3n y la sociedad\u201d, dijo textualmente MALENA RODELA.<\/p>\n<p>Los docentes le agradecieron el gesto y gustosos aceptaron tomarse la foto del recuerdo.<\/p>\n<p>Retomamos el tema de la visita de la doctora SHEINBAUM a Tamaulipas para anotar que el empresario riobravense FRANCISCO GONZ\u00c1LEZ V\u00c1ZQUEZ fue invitado especial a esta gira de precampa\u00f1a.<\/p>\n<p>El muchacho est\u00e1 identificado con MORENA y observadores pol\u00edticos le ven cara de candidato a alg\u00fan cargo de elecci\u00f3n popular.<\/p>\n<p>Hasta ahora PACO GONZ\u00c1LEZ no ha confirmado alguna aspiraci\u00f3n pol\u00edtica, pero dada su alta popularidad, positiva, es muy probable que acepte competir y aparecer en las boletas.<\/p>\n<p>Por cierto, la licenciada ROXANA G\u00d3MEZ P\u00c9REZ, mencionada con insistencia para la candidatura a la diputaci\u00f3n federal del III Distrito, tambi\u00e9n fue convocada, pero contratiempos familiares le impidieron asistir.<\/p>\n<p>Todo lo contrario parece haber ocurrido con la \u2018traidorzuela\u2019 diputada local, CASANDRA DE LOS SANTOS, pues no se observa en las fotograf\u00edas que distribuyeron los distintos medios de comunicaci\u00f3n y donde s\u00ed aparecen los diputados locales \u2018morenistas\u2019.<\/p>\n<p>En otros temas, de Ciudad Victoria avisan que \u201cEl Cacharro\u201d, as\u00ed le dicen, LUIS REN\u00c9 CANT\u00da GALV\u00c1N, alista maletas, pues dejar\u00e1 la dirigencia estatal del PAN para buscar ser candidato a presidente municipal de Reynosa.<\/p>\n<p>El \u2018sepultero\u2019 panista ve la tempestad y no se inca.<\/p>\n<p>Y es que es m\u00e1s f\u00e1cil que el sol salga por el poniente a que \u00e9l gane la jefatura municipal reynosense.<\/p>\n<p>En fin\u2026<\/p>\n<p>Por otro lado, este mi\u00e9rcoles tuvimos oportunidad de dialogar con ALEJANDRO GARC\u00cdA sobre sus aspiraciones pol\u00edticas, quiere ser diputado local por el distrito de R\u00edo Bravo, pero lo observamos un tanto desilusionado.<\/p>\n<p>A grandes rasgos dijo que la \u2018balanza\u2019 no lo favorecer\u00eda.<\/p>\n<p>Despedimos la columna deseando felices fiestas navide\u00f1as a nuestros amables lectores.<\/p>\n<p>Nos encontramos aqu\u00ed el pr\u00f3ximo a\u00f1o.<\/p>\n<p>CIERRA-BOCA: Feliz Navidad y pr\u00f3spero 2024.<\/p>\n","protected":false},"excerpt":{"rendered":"<p>*Cumple Sheinbaum gira en Tamaulipas *Malena Rodela, aliada de la educaci\u00f3n *\u2018Sepultero\u2019 del PAN quiere ser candidato *Aspirante a diputado local desilusionado CLAUDIA SHEINBAUM PARDO cumpli\u00f3 ayer mi\u00e9rcoles una gira de trabajo por Tamaulipas, que incluy\u00f3 una visita de doctor a Ciudad Victoria y otra m\u00e1s al sur de la entidad, en Madero. La precandidata [&hellip;]<\/p>\n","protected":false},"author":1,"featured_media":165339,"comment_status":"closed","ping_status":"closed","sticky":false,"template":"","format":"standard","meta":{"footnotes":""},"categories":[16],"tags":[],"class_list":["post-169763","post","type-post","status-publish","format-standard","has-post-thumbnail","hentry","category-opinion"],"_links":{"self":[{"href":"https:\/\/www.elsinodaldetamaulipas.com.mx\/index.php?rest_route=\/wp\/v2\/posts\/169763","targetHints":{"allow":["GET"]}}],"collection":[{"href":"https:\/\/www.elsinodaldetamaulipas.com.mx\/index.php?rest_route=\/wp\/v2\/posts"}],"about":[{"href":"https:\/\/www.elsinodaldetamaulipas.com.mx\/index.php?rest_route=\/wp\/v2\/types\/post"}],"author":[{"embeddable":true,"href":"https:\/\/www.elsinodaldetamaulipas.com.mx\/index.php?rest_route=\/wp\/v2\/users\/1"}],"replies":[{"embeddable":true,"href":"https:\/\/www.elsinodaldetamaulipas.com.mx\/index.php?rest_route=%2Fwp%2Fv2%2Fcomments&post=169763"}],"version-history":[{"count":1,"href":"https:\/\/www.elsinodaldetamaulipas.com.mx\/index.php?rest_route=\/wp\/v2\/posts\/169763\/revisions"}],"predecessor-version":[{"id":169764,"href":"https:\/\/www.elsinodaldetamaulipas.com.mx\/index.php?rest_route=\/wp\/v2\/posts\/169763\/revisions\/169764"}],"wp:featuredmedia":[{"embeddable":true,"href":"https:\/\/www.elsinodaldetamaulipas.com.mx\/index.php?rest_route=\/wp\/v2\/media\/165339"}],"wp:attachment":[{"href":"https:\/\/www.elsinodaldetamaulipas.com.mx\/index.php?rest_route=%2Fwp%2Fv2%2Fmedia&parent=169763"}],"wp:term":[{"taxonomy":"category","embeddable":true,"href":"https:\/\/www.elsinodaldetamaulipas.com.mx\/index.php?rest_route=%2Fwp%2Fv2%2Fcategories&post=169763"},{"taxonomy":"post_tag","embeddable":true,"href":"https:\/\/www.elsinodaldetamaulipas.com.mx\/index.php?rest_route=%2Fwp%2Fv2%2Ftags&post=169763"}],"curies":[{"name":"wp","href":"https:\/\/api.w.org\/{rel}","templated":true}]}}