{"id":171509,"date":"2024-01-15T12:12:31","date_gmt":"2024-01-15T18:12:31","guid":{"rendered":"https:\/\/www.elsinodaldetamaulipas.com.mx\/?p=171509"},"modified":"2024-01-15T12:12:31","modified_gmt":"2024-01-15T18:12:31","slug":"emprende-arevalo-nueva-carrera-de-obstaculos-para-transformar-guatemala","status":"publish","type":"post","link":"https:\/\/www.elsinodaldetamaulipas.com.mx\/?p=171509","title":{"rendered":"Emprende Ar\u00e9valo nueva carrera de obst\u00e1culos para transformar Guatemala"},"content":{"rendered":"<p><strong>EL SINODAL DE TAMAULIPAS<\/strong><\/p>\n<p><strong><em>Guatemala<\/em>.-<\/strong> El socialdem\u00f3crata Bernardo Ar\u00e9valo asumi\u00f3 finalmente en la madrugada de este lunes la presidencia de Guatemala tras un boicot judicial que mantuvo en vilo al pa\u00eds por siete meses, pero reconoci\u00f3 que su carrera de obst\u00e1culos est\u00e1 lejos de terminar: \u00abNos aguardan desaf\u00edos inmensos\u00bb, advirti\u00f3.<\/p>\n<p>Desde el balc\u00f3n del Palacio Nacional, en el centro de la capital, Ar\u00e9valo pidi\u00f3 a los guatemaltecos acompa\u00f1arlo en su gesti\u00f3n para rescatar las instituciones del pa\u00eds de la \u00abcorrupci\u00f3n\u00bb y lograr el desarrollo social en este empobrecido pa\u00eds centroamericano.<\/p>\n<p>\u00abInician hoy cuatro a\u00f1os de un mandato que seguramente estar\u00e1 marcado por una serie de obst\u00e1culos, muchos de los cuales no podemos prever en este momento\u00bb, admiti\u00f3. \u00abSabemos que el cambio puede ser dif\u00edcil\u00bb, agreg\u00f3.<\/p>\n<p>El presidente, soci\u00f3logo, ex diplom\u00e1tico y fil\u00f3sofo de 65 a\u00f1os, vaticin\u00f3 que su gobierno se hallar\u00e1 \u00aben la necesidad de tomar decisiones dif\u00edciles\u00bb y enfrentar\u00e1 \u00abmomentos de duda y temor\u00bb.<\/p>\n<p>\u00abEn los pr\u00f3ximos a\u00f1os, la tentaci\u00f3n de confrontar y aumentar nuestras diferencias ser\u00e1 recurrente. Este periodo conllevar\u00e1 la posibilidad de cometer errores\u00bb y recibir cr\u00edticas, dijo.<\/p>\n<p>No obstante, reiter\u00f3 su compromiso de \u00abtransformar\u00bb, no s\u00f3lo las instituciones del Estado, sino tambi\u00e9n la \u00abrealidad cotidiana\u00bb de los guatemaltecos.<\/p>\n<p>\u00abNo m\u00e1s corrupci\u00f3n, no m\u00e1s exclusi\u00f3n\u00bb, dijo el presidente, con la banda presidencial cruzada en el pecho y frente una multitud de seguidores que celebraron y bailaron al ritmo de grupos musicales.<\/p>\n<p style=\"text-align: center;\"><strong>La fiscal<\/strong><\/p>\n<p>Desde que pas\u00f3 sorpresivamente en junio a la segunda vuelta electoral, prometiendo combatir a los corruptos, la Fiscal\u00eda emprendi\u00f3 una ofensiva con la que busc\u00f3 retirarle su inmunidad, desarticular su partido y anular los comicios, argumentando anomal\u00edas electorales.<\/p>\n<p>Ar\u00e9valo, que calific\u00f3 las acusaciones de espurias, afirm\u00f3 que una de las primeras tareas como presidente ser\u00e1 pedirle la renuncia a la fiscal general Consuelo Porras, a la cabeza de esa arremetida y sancionada por Washington por \u00abcorrupci\u00f3n\u00bb y por \u00absocavar la democracia\u00bb.<\/p>\n<p>\u00abEl primer obst\u00e1culo es la Fiscal\u00eda. Es muy importante que salga la fiscal general que ha sido la operadora principal del pacto de corruptos\u00bb, declar\u00f3 a la Afp Manfredo Marroqu\u00edn, cofundador de Acci\u00f3n Ciudad, versi\u00f3n local de Transparencia Internacional.<\/p>\n<p>Porras fue nombrada por el expresidente Jimmy Morales y ratificada en el cargo, hasta 2026, por el gobernante saliente Alejandro Giammatti, ambos vinculados con sectores corruptos. El mandatario no tiene la facultad de destituirla.<\/p>\n<p style=\"text-align: center;\"><strong>La corrupci\u00f3n\u00a0<\/strong><\/p>\n<p>Ar\u00e9valo asegur\u00f3 que enfrentar\u00e1 \u00abdesaf\u00edos monumentales para erradicar las pr\u00e1cticas de corrupci\u00f3n que han permeado\u00bb al pa\u00eds, y est\u00e1n enquistados en la Fiscal\u00eda, tribunales, parlamento, gobierno, alcald\u00edas y otras instituciones p\u00fablicas.<\/p>\n<p>\u00abDebemos superar obst\u00e1culos significativos para liberar al Estado de aquellos que lo han capturado durante a\u00f1os, utiliz\u00e1ndolo como bot\u00edn propio\u00bb, se\u00f1al\u00f3.<\/p>\n<p style=\"text-align: center;\"><strong>Felicitaci\u00f3n de Biden<\/strong><\/p>\n<p>El nuevo presidente parece contar con el apoyo de la comunidad internacional. Este lunes, el presidente Joe Biden, felicit\u00f3 a Ar\u00e9valo, y destac\u00f3 su investidura como \u00abtestimonio\u00bb del \u00abcompromiso compartido con la democracia y la voluntad del pueblo\u00bb.<\/p>\n<p>Pero Jord\u00e1n Rodas, ex procurador de derechos humanos, exiliado en Washington, asegura que Ar\u00e9valo tendr\u00e1 una tarea dif\u00edcil. \u00abVa a estar nadando en un pantano, dentro de una fauna salvaje, herida tambi\u00e9n\u00bb, asegur\u00f3 a la Afp.<\/p>\n<p>\u00abNo hay que pesta\u00f1ear, porque los pol\u00edticos criminales no cejan en sus intentonas ilegales y antidemocr\u00e1ticas\u00bb, advirti\u00f3 Carmen A\u00edda Ibarra, del movimiento ciudadano ProJusticia.<\/p>\n<p>Marroqu\u00edn record\u00f3 que la poblaci\u00f3n vot\u00f3 por Ar\u00e9valo por su promesa anticorrupci\u00f3n. \u00abDebe dar resultados r\u00e1pidos en la depuraci\u00f3n de las redes de corrupci\u00f3n, plazas fantasmas que se crearon para saquear el Estado\u00bb.<\/p>\n<p style=\"text-align: center;\"><strong>Las expectativas<\/strong><\/p>\n<p>Ar\u00e9valo tiene a su favor una poblaci\u00f3n hastiada de la corrupci\u00f3n, a las comunidades ind\u00edgenas que piden el fin de la exclusi\u00f3n y una juventud que necesita oportunidades para no migrar.<\/p>\n<p>\u00abHay una expectativa muy grande y hay que entender las limitaciones que el gobierno enfrenta\u00bb, afirm\u00f3 Jorge Santos, coordinador de la Unidad de Protecci\u00f3n a Defensoras y Defensores de Derechos Humanos en Guatemala.<\/p>\n<p>Ar\u00e9valo recibe a una Guatemala con 60 por ciento de sus 17.8 millones de habitantes en la pobreza, uno de los \u00edndices m\u00e1s altos de Am\u00e9rica Latina que lleva a miles a emigrar, principalmente a Estados Unidos.<\/p>\n<p>\u00abVa a ser muy complicado gobernar, responder a las expectativas de la gente, que pide enfrentar a los corruptos y atenci\u00f3n de su situaci\u00f3n socioecon\u00f3mica\u00bb, asever\u00f3 Luis Linares, de la Asociaci\u00f3n de Investigaciones y Estudios Sociales.<\/p>\n<p>Pese a las dificultades que se avecinan, Ar\u00e9valo promete una \u00abnueva primavera\u00bb, evocando a los gobiernos de los expresidentes Juan Jos\u00e9 Ar\u00e9valo, su padre, y Jacobo \u00c1rbenz, una d\u00e9cada (1944-1954).<\/p>\n<p>Esa d\u00e9cada fue conocida como la \u00abprimavera democr\u00e1tica\u00bb, de importantes reformas sociales y que lleg\u00f3 a su fin por un golpe de Estado auspiciado por Washington.<\/p>\n","protected":false},"excerpt":{"rendered":"<p>EL SINODAL DE TAMAULIPAS Guatemala.- El socialdem\u00f3crata Bernardo Ar\u00e9valo asumi\u00f3 finalmente en la madrugada de este lunes la presidencia de Guatemala tras un boicot judicial que mantuvo en vilo al pa\u00eds por siete meses, pero reconoci\u00f3 que su carrera de obst\u00e1culos est\u00e1 lejos de terminar: \u00abNos aguardan desaf\u00edos inmensos\u00bb, advirti\u00f3. Desde el balc\u00f3n del Palacio [&hellip;]<\/p>\n","protected":false},"author":1,"featured_media":171510,"comment_status":"closed","ping_status":"closed","sticky":false,"template":"","format":"standard","meta":{"footnotes":""},"categories":[14],"tags":[],"class_list":["post-171509","post","type-post","status-publish","format-standard","has-post-thumbnail","hentry","category-internacional"],"_links":{"self":[{"href":"https:\/\/www.elsinodaldetamaulipas.com.mx\/index.php?rest_route=\/wp\/v2\/posts\/171509","targetHints":{"allow":["GET"]}}],"collection":[{"href":"https:\/\/www.elsinodaldetamaulipas.com.mx\/index.php?rest_route=\/wp\/v2\/posts"}],"about":[{"href":"https:\/\/www.elsinodaldetamaulipas.com.mx\/index.php?rest_route=\/wp\/v2\/types\/post"}],"author":[{"embeddable":true,"href":"https:\/\/www.elsinodaldetamaulipas.com.mx\/index.php?rest_route=\/wp\/v2\/users\/1"}],"replies":[{"embeddable":true,"href":"https:\/\/www.elsinodaldetamaulipas.com.mx\/index.php?rest_route=%2Fwp%2Fv2%2Fcomments&post=171509"}],"version-history":[{"count":1,"href":"https:\/\/www.elsinodaldetamaulipas.com.mx\/index.php?rest_route=\/wp\/v2\/posts\/171509\/revisions"}],"predecessor-version":[{"id":171511,"href":"https:\/\/www.elsinodaldetamaulipas.com.mx\/index.php?rest_route=\/wp\/v2\/posts\/171509\/revisions\/171511"}],"wp:featuredmedia":[{"embeddable":true,"href":"https:\/\/www.elsinodaldetamaulipas.com.mx\/index.php?rest_route=\/wp\/v2\/media\/171510"}],"wp:attachment":[{"href":"https:\/\/www.elsinodaldetamaulipas.com.mx\/index.php?rest_route=%2Fwp%2Fv2%2Fmedia&parent=171509"}],"wp:term":[{"taxonomy":"category","embeddable":true,"href":"https:\/\/www.elsinodaldetamaulipas.com.mx\/index.php?rest_route=%2Fwp%2Fv2%2Fcategories&post=171509"},{"taxonomy":"post_tag","embeddable":true,"href":"https:\/\/www.elsinodaldetamaulipas.com.mx\/index.php?rest_route=%2Fwp%2Fv2%2Ftags&post=171509"}],"curies":[{"name":"wp","href":"https:\/\/api.w.org\/{rel}","templated":true}]}}