{"id":171774,"date":"2024-01-16T18:35:38","date_gmt":"2024-01-17T00:35:38","guid":{"rendered":"https:\/\/www.elsinodaldetamaulipas.com.mx\/?p=171774"},"modified":"2024-01-16T18:35:38","modified_gmt":"2024-01-17T00:35:38","slug":"inauguran-tunel-de-la-paz-en-el-municipio-de-tula-con-el-objetivo-de-prevenir-las-violencias","status":"publish","type":"post","link":"https:\/\/www.elsinodaldetamaulipas.com.mx\/?p=171774","title":{"rendered":"INAUGURAN T\u00daNEL DE LA PAZ EN EL MUNICIPIO DE TULA CON EL OBJETIVO DE PREVENIR LAS VIOLENCIAS"},"content":{"rendered":"<ul>\n<li><strong><em>Acciones que promueven una cultura de paz en la entidad<\/em><\/strong><\/li>\n<\/ul>\n<p><strong>EL SINODAL DE TAMAULIPAS<\/strong><\/p>\n<p><strong>Tula, Tamaulipas.-<\/strong> Con el firme compromiso de coadyuvar en la generaci\u00f3n de paz y mantener al estado libre de violencia, el Injuve Tamaulipas de la mano de la Secretar\u00eda de Educaci\u00f3n, llevaron a cabo la inauguraci\u00f3n del T\u00fanel de la Paz, en la Plaza de Armas del municipio de Tula, realizando tambi\u00e9n la din\u00e1mica \u201cTendedero de la Paz\u201d con carteles alusivos a la prevenci\u00f3n de las violencias, as\u00ed como un taller de pintura en textiles.<\/p>\n<p>La directora general del Injuve, Judith Katalyna M\u00e9ndez Cepeda, indic\u00f3 que estas acciones forman parte de la sensibilizaci\u00f3n que promueve el gobierno de Am\u00e9rico Villarreal Anaya en toda la entidad, con la finalidad de crear conciencia y promover una cultura de paz y la tolerancia entre sus habitantes.<\/p>\n<p>Agreg\u00f3, que con esta exposici\u00f3n se busca la resoluci\u00f3n de conflictos mediante el di\u00e1logo y respeto a la dignidad y los derechos de los dem\u00e1s con la finalidad de formar una sociedad pac\u00edfica, creando una sana convivencia social, y que unidos sociedad y gobierno, se logre erradicar la desigualdad y violencia.<\/p>\n<p>El\u00a0T\u00fanel de la Paz\u00a0estar\u00e1 por un tiempo instalado en la Plaza de Armas de Tula, Tamaulipas, posteriormente se estar\u00e1 exhibiendo en otros municipios de la entidad, por lo que la funcionaria estatal exhort\u00f3 a la comunidad a ser parte y contribuir en la prevenci\u00f3n de las violencias en todas sus manifestaciones.<\/p>\n<p>Este es un esfuerzo compartido entre las distintas instancias en respaldo a las acciones del gobierno estatal, tomando en cuenta la generaci\u00f3n de paz dentro de los objetivos de sus pol\u00edticas p\u00fablicas y programas sociales.<\/p>\n","protected":false},"excerpt":{"rendered":"<p>Acciones que promueven una cultura de paz en la entidad EL SINODAL DE TAMAULIPAS Tula, Tamaulipas.- Con el firme compromiso de coadyuvar en la generaci\u00f3n de paz y mantener al estado libre de violencia, el Injuve Tamaulipas de la mano de la Secretar\u00eda de Educaci\u00f3n, llevaron a cabo la inauguraci\u00f3n del T\u00fanel de la Paz, [&hellip;]<\/p>\n","protected":false},"author":1,"featured_media":171775,"comment_status":"closed","ping_status":"closed","sticky":false,"template":"","format":"standard","meta":{"footnotes":""},"categories":[13,3],"tags":[],"class_list":["post-171774","post","type-post","status-publish","format-standard","has-post-thumbnail","hentry","category-gobierno","category-tamaulipas"],"_links":{"self":[{"href":"https:\/\/www.elsinodaldetamaulipas.com.mx\/index.php?rest_route=\/wp\/v2\/posts\/171774","targetHints":{"allow":["GET"]}}],"collection":[{"href":"https:\/\/www.elsinodaldetamaulipas.com.mx\/index.php?rest_route=\/wp\/v2\/posts"}],"about":[{"href":"https:\/\/www.elsinodaldetamaulipas.com.mx\/index.php?rest_route=\/wp\/v2\/types\/post"}],"author":[{"embeddable":true,"href":"https:\/\/www.elsinodaldetamaulipas.com.mx\/index.php?rest_route=\/wp\/v2\/users\/1"}],"replies":[{"embeddable":true,"href":"https:\/\/www.elsinodaldetamaulipas.com.mx\/index.php?rest_route=%2Fwp%2Fv2%2Fcomments&post=171774"}],"version-history":[{"count":1,"href":"https:\/\/www.elsinodaldetamaulipas.com.mx\/index.php?rest_route=\/wp\/v2\/posts\/171774\/revisions"}],"predecessor-version":[{"id":171776,"href":"https:\/\/www.elsinodaldetamaulipas.com.mx\/index.php?rest_route=\/wp\/v2\/posts\/171774\/revisions\/171776"}],"wp:featuredmedia":[{"embeddable":true,"href":"https:\/\/www.elsinodaldetamaulipas.com.mx\/index.php?rest_route=\/wp\/v2\/media\/171775"}],"wp:attachment":[{"href":"https:\/\/www.elsinodaldetamaulipas.com.mx\/index.php?rest_route=%2Fwp%2Fv2%2Fmedia&parent=171774"}],"wp:term":[{"taxonomy":"category","embeddable":true,"href":"https:\/\/www.elsinodaldetamaulipas.com.mx\/index.php?rest_route=%2Fwp%2Fv2%2Fcategories&post=171774"},{"taxonomy":"post_tag","embeddable":true,"href":"https:\/\/www.elsinodaldetamaulipas.com.mx\/index.php?rest_route=%2Fwp%2Fv2%2Ftags&post=171774"}],"curies":[{"name":"wp","href":"https:\/\/api.w.org\/{rel}","templated":true}]}}