{"id":171777,"date":"2024-01-16T18:40:07","date_gmt":"2024-01-17T00:40:07","guid":{"rendered":"https:\/\/www.elsinodaldetamaulipas.com.mx\/?p=171777"},"modified":"2024-01-16T18:40:07","modified_gmt":"2024-01-17T00:40:07","slug":"protege-el-gobierno-del-estado-a-migrantes-ante-la-onda-gelida","status":"publish","type":"post","link":"https:\/\/www.elsinodaldetamaulipas.com.mx\/?p=171777","title":{"rendered":"PROTEGE EL GOBIERNO DEL ESTADO A MIGRANTES ANTE LA ONDA G\u00c9LIDA"},"content":{"rendered":"<ul>\n<li><strong><em>Resguarda a 400 migrantes que estaban en el R\u00edo Bravo y en la intemperie y entrega 12 mil prendas de fr\u00edo<\/em><\/strong><\/li>\n<\/ul>\n<p><strong>EL SINODAL DE TAMAULIPAS<\/strong><\/p>\n<p><strong>Ciudad Victoria, Tamaulipas.-<\/strong> La Secretar\u00eda General de Gobierno, a trav\u00e9s del Instituto Tamaulipeco para los Migrantes, se mantiene atento ante las bajas temperaturas que predominan, a fin de proteger a la poblaci\u00f3n migrante que se encuentran en tr\u00e1nsito por el estado.<\/p>\n<p>Previo al arribo de la onda g\u00e9lida, en coordinaci\u00f3n con las diversas asociaciones de atenci\u00f3n a migrantes, responsables de los albergues e instancias de gobierno involucradas, se estableci\u00f3 el Protocolo de Atenci\u00f3n para las Ni\u00f1as, Ni\u00f1os, Adolescentes y mujeres, que se encuentran en diversos albergues en el estado, as\u00ed lo inform\u00f3 el director general del Instituto Tamaulipeco para los Migrantes, Juan Jos\u00e9 Rodr\u00edguez Alvarado.<\/p>\n<p>Manifest\u00f3 tambi\u00e9n que es instrucci\u00f3n del gobernador Am\u00e9rico Villarreal Anaya, tomar acciones que protejan a la poblaci\u00f3n migrante que transita por el estado, por ello, el Instituto Tamaulipeco para los Migrantes, hizo entrega de m\u00e1s de 12 mil prendas de frio, y desde el d\u00eda de ayer se entregaron arriba de mil 200 cobijas en los diversos refugios para migrantes.<\/p>\n<p>La poblaci\u00f3n migrante en estos momentos se concentra en Reynosa en seis albergues, en Matamoros en cinco albergues y Nuevo Laredo en dos albergues.<\/p>\n<p>Rodr\u00edguez Alvarado resalt\u00f3, que derivado de la reuni\u00f3n con todos los involucrados en la atenci\u00f3n a migrantes, el Instituto Tamaulipeco para los Migrantes, llev\u00f3 a cabo la movilizaci\u00f3n de aproximadamente 400 personas, especialmente NNA y mujeres que se encontraban tanto en el bordo del R\u00edo Bravo como en el albergue provisional Alfredo Pumarejo, con la intenci\u00f3n de resguardarlos de la onda g\u00e9lida que estamos padeciendo.<\/p>\n","protected":false},"excerpt":{"rendered":"<p>Resguarda a 400 migrantes que estaban en el R\u00edo Bravo y en la intemperie y entrega 12 mil prendas de fr\u00edo EL SINODAL DE TAMAULIPAS Ciudad Victoria, Tamaulipas.- La Secretar\u00eda General de Gobierno, a trav\u00e9s del Instituto Tamaulipeco para los Migrantes, se mantiene atento ante las bajas temperaturas que predominan, a fin de proteger a [&hellip;]<\/p>\n","protected":false},"author":1,"featured_media":171778,"comment_status":"closed","ping_status":"closed","sticky":false,"template":"","format":"standard","meta":{"footnotes":""},"categories":[13,1,3],"tags":[],"class_list":["post-171777","post","type-post","status-publish","format-standard","has-post-thumbnail","hentry","category-gobierno","category-portada","category-tamaulipas"],"_links":{"self":[{"href":"https:\/\/www.elsinodaldetamaulipas.com.mx\/index.php?rest_route=\/wp\/v2\/posts\/171777","targetHints":{"allow":["GET"]}}],"collection":[{"href":"https:\/\/www.elsinodaldetamaulipas.com.mx\/index.php?rest_route=\/wp\/v2\/posts"}],"about":[{"href":"https:\/\/www.elsinodaldetamaulipas.com.mx\/index.php?rest_route=\/wp\/v2\/types\/post"}],"author":[{"embeddable":true,"href":"https:\/\/www.elsinodaldetamaulipas.com.mx\/index.php?rest_route=\/wp\/v2\/users\/1"}],"replies":[{"embeddable":true,"href":"https:\/\/www.elsinodaldetamaulipas.com.mx\/index.php?rest_route=%2Fwp%2Fv2%2Fcomments&post=171777"}],"version-history":[{"count":1,"href":"https:\/\/www.elsinodaldetamaulipas.com.mx\/index.php?rest_route=\/wp\/v2\/posts\/171777\/revisions"}],"predecessor-version":[{"id":171779,"href":"https:\/\/www.elsinodaldetamaulipas.com.mx\/index.php?rest_route=\/wp\/v2\/posts\/171777\/revisions\/171779"}],"wp:featuredmedia":[{"embeddable":true,"href":"https:\/\/www.elsinodaldetamaulipas.com.mx\/index.php?rest_route=\/wp\/v2\/media\/171778"}],"wp:attachment":[{"href":"https:\/\/www.elsinodaldetamaulipas.com.mx\/index.php?rest_route=%2Fwp%2Fv2%2Fmedia&parent=171777"}],"wp:term":[{"taxonomy":"category","embeddable":true,"href":"https:\/\/www.elsinodaldetamaulipas.com.mx\/index.php?rest_route=%2Fwp%2Fv2%2Fcategories&post=171777"},{"taxonomy":"post_tag","embeddable":true,"href":"https:\/\/www.elsinodaldetamaulipas.com.mx\/index.php?rest_route=%2Fwp%2Fv2%2Ftags&post=171777"}],"curies":[{"name":"wp","href":"https:\/\/api.w.org\/{rel}","templated":true}]}}